
{"id":2098,"date":"2013-10-12T17:42:08","date_gmt":"2013-10-12T15:42:08","guid":{"rendered":"http:\/\/passent.blog.polityka.pl\/?p=2098"},"modified":"2013-10-15T16:11:39","modified_gmt":"2013-10-15T14:11:39","slug":"swiat-bez-kary-smierci","status":"publish","type":"post","link":"https:\/\/blog.polityka.pl\/passent\/2013\/10\/12\/swiat-bez-kary-smierci\/","title":{"rendered":"\u015awiat bez kary \u015bmierci"},"content":{"rendered":"<p>Jeden z naszych bloger\u00f3w wspomnia\u0142 ostatnio, \u017ce najwi\u0119ksze kraje \u2013 USA (cz\u0119\u015bciowo, w niekt\u00f3rych stanach), Rosja i Chiny \u2013 nadal dopuszczaj\u0105 i stosuj\u0105 kar\u0119 \u015bmierci. Mo\u017ce wi\u0119c warto zwr\u00f3ci\u0107 uwag\u0119, \u017ce w tych dniach (10 X) ukaza\u0142 si\u0119 w mediach \u015bwiatowych artyku\u0142 sygnowany przez ministr\u00f3w spraw zagranicznych kilkudziesi\u0119ciu kraj\u00f3w (patrz ni\u017cej), w kt\u00f3rych kara \u015bmierci zosta\u0142a zniesiona. (\u201eEl Pais\u201d, 10 bm). W artykule \u201eRazem ku abolicji kary \u015bmierci\u201d stwierdza si\u0119, \u017ce \u201esprawiedliwo\u015b\u0107, kt\u00f3ra zabija nie jest sprawiedliwo\u015bci\u0105\u201d.Autorzy reprezentuj\u0105 pa\u0144stwa, kt\u00f3re sprzeciwiaj\u0105 si\u0119 KS w jakichkolwiek okoliczno\u015bciach i gdziekolwiek na \u015bwiecie. KS  nie ma \u017cadnego pozytywnego wp\u0142ywu na spadek przest\u0119pczo\u015bci, nie stanowi tak\u017ce \u017cadnej rekompensaty dla ofiar przest\u0119pstw oraz ich rodzin.<!--more--><\/p>\n<p>Droga do powszechnej abolicji KS nie jest \u0142atwa ani \u0142atwa. Delegalizacja kary \u015bmierci nie pojawi\u0142a si\u0119 z dnia na dzie\u0144.  Przeciwnie, sta\u0142a si\u0119 rzeczywisto\u015bci\u0105 dzi\u0119ki \u015bwiadomym i wsp\u00f3lnym wysi\u0142kom, kt\u00f3re nadal trwaj\u0105. Kolejno zmniejszano liczb\u0119 egzekucji, ograniczano liczb\u0119 przest\u0119pstw zagro\u017conych KS, wymiar sprawiedliwo\u015bci sta\u0142 si\u0119 bardziej transparentny, wprowadzono moratorium na wykonywanie KS, a\u017c wreszcie kara \u015bmierci znikn\u0119\u0142a. W tym celu potrzebna by\u0142a te\u017c presja mi\u0119dzynarodowa. \u201eJe\u015bli wyeliminowanie kary \u015bmierci jest dzi\u015b w Europie prawie rzeczywisto\u015bci\u0105,  to nie by\u0142oby to mo\u017cliwe bez debaty i wymiany mi\u0119dzy naszymi krajami i spo\u0142ecze\u0144stwami\u201d.<\/p>\n<p>Sygnatariusze artyku\u0142u reprezentuj\u0105 42 spo\u015br\u00f3d 44 pa\u0144stw, kt\u00f3re ratyfikowa\u0142y tzw. Protok\u00f3\u014213 Europejskiej Konwencji Praw Cz\u0142owieka. \u201eCzekamy z niecierpliwo\u015bci\u0105 na ostatni kraj w Europie   (mo\u017ce blogowicze uzupe\u0142ni\u0105, co to za kraj \u2013 Pass.), kt\u00f3ry jeszcze stosuje kar\u0119 \u015bmierci, \u017ceby przy\u0142\u0105czy\u0142 si\u0119 do powszechnego moratorium KS, jako pierwszego etapu do jej abolicji\u201d. \u015awiat wolny od kary \u015bmierci jest wyobra\u017calny i coraz bli\u017cszy. Dzi\u015b ju\u017c mniej ni\u017c 50 pa\u0144stw uznaje kar\u0119 \u015bmierci, 20 lat temu by\u0142o ich dwa razy wi\u0119cej. Ministrowie spraw zagranicznych 42 pa\u0144stw wyra\u017caj\u0105 nadziej\u0119, \u017ce przysz\u0142e pokolenia b\u0119d\u0105 \u017cy\u0142y w \u015bwiecie wolnym od tej kary.<\/p>\n<p>Artyku\u0142 podpisany jest z imienia i nazwiska przez ministr\u00f3w spraw zagranicznych 43 pa\u0144stw, od Albanii, przez Bo\u015bni\u0119 i Hercegowin\u0119, Bu\u0142gari\u0119, Chorwacj\u0119, Estoni\u0119, Grecj\u0119, W\u0119gry, Macedoni\u0119, Francj\u0119, Czechy, Litw\u0119, Mo\u0142dawi\u0119, Rumuni\u0119, Serbi\u0119, Szwecj\u0119, Turcj\u0119, a\u017c po Zjednoczone Kr\u00f3lestwo. Ku mojemu zdziwieniu brak na tej li\u015bcie ministra spraw zagranicznych Polski. Dlaczego?<\/p>\n<p>PS. ZAPROSZENIE<\/p>\n<p>PRZEMYS\u0141 HISTORYCZNY NAJSZYBSZY W POLSCE. Dyskusja w Radiu TOK FM, udzia\u0142 wezm\u0105 m.in. prof. Tomasz Na\u0142\u0119cz &#8211; historyk, doradca prezydenta RP i Wies\u0142aw Ucha\u0144ski &#8211; prezes Wydawnictwa Iskry oraz &#8230;<br \/>\nWtorek, 15 bm., godz. 20.05.<br \/>\nZapraszamy!<\/p>\n","protected":false},"excerpt":{"rendered":"<p>Jeden z naszych bloger\u00f3w wspomnia\u0142 ostatnio, \u017ce najwi\u0119ksze kraje \u2013 USA (cz\u0119\u015bciowo, w niekt\u00f3rych stanach), Rosja i Chiny \u2013 nadal dopuszczaj\u0105 i stosuj\u0105 kar\u0119 \u015bmierci. Mo\u017ce wi\u0119c warto zwr\u00f3ci\u0107 uwag\u0119, \u017ce w tych dniach (10 X) ukaza\u0142 si\u0119 w mediach \u015bwiatowych artyku\u0142 sygnowany przez ministr\u00f3w spraw zagranicznych kilkudziesi\u0119ciu kraj\u00f3w (patrz ni\u017cej), w kt\u00f3rych kara \u015bmierci [&hellip;]<\/p>\n","protected":false},"author":4,"featured_media":0,"comment_status":"open","ping_status":"closed","sticky":false,"template":"","format":"standard","meta":{"footnotes":""},"categories":[1],"tags":[],"_links":{"self":[{"href":"https:\/\/blog.polityka.pl\/passent\/wp-json\/wp\/v2\/posts\/2098"}],"collection":[{"href":"https:\/\/blog.polityka.pl\/passent\/wp-json\/wp\/v2\/posts"}],"about":[{"href":"https:\/\/blog.polityka.pl\/passent\/wp-json\/wp\/v2\/types\/post"}],"author":[{"embeddable":true,"href":"https:\/\/blog.polityka.pl\/passent\/wp-json\/wp\/v2\/users\/4"}],"replies":[{"embeddable":true,"href":"https:\/\/blog.polityka.pl\/passent\/wp-json\/wp\/v2\/comments?post=2098"}],"version-history":[{"count":3,"href":"https:\/\/blog.polityka.pl\/passent\/wp-json\/wp\/v2\/posts\/2098\/revisions"}],"predecessor-version":[{"id":2102,"href":"https:\/\/blog.polityka.pl\/passent\/wp-json\/wp\/v2\/posts\/2098\/revisions\/2102"}],"wp:attachment":[{"href":"https:\/\/blog.polityka.pl\/passent\/wp-json\/wp\/v2\/media?parent=2098"}],"wp:term":[{"taxonomy":"category","embeddable":true,"href":"https:\/\/blog.polityka.pl\/passent\/wp-json\/wp\/v2\/categories?post=2098"},{"taxonomy":"post_tag","embeddable":true,"href":"https:\/\/blog.polityka.pl\/passent\/wp-json\/wp\/v2\/tags?post=2098"}],"curies":[{"name":"wp","href":"https:\/\/api.w.org\/{rel}","templated":true}]}}