
{"id":2112,"date":"2013-10-22T00:01:08","date_gmt":"2013-10-21T22:01:08","guid":{"rendered":"http:\/\/passent.blog.polityka.pl\/?p=2112"},"modified":"2013-10-30T11:15:24","modified_gmt":"2013-10-30T10:15:24","slug":"%e2%80%9enie%e2%80%9d-dla-referendum-szkolnego","status":"publish","type":"post","link":"https:\/\/blog.polityka.pl\/passent\/2013\/10\/22\/%e2%80%9enie%e2%80%9d-dla-referendum-szkolnego\/","title":{"rendered":"\u201eNie\u201d dla referendum szkolnego"},"content":{"rendered":"<p>Mam nadziej\u0119, \u017ce Sejm odrzuci projekt referendum o\u015bwiatowego. Skomentuj\u0119 postulaty Pa\u0144stwa Elbanowskich oraz miliona innych sygnatariuszy. (Przy okazji: Brawo za aktywno\u015b\u0107 obywatelsk\u0105, ale ja niekt\u00f3rym postulatom m\u00f3wi\u0119 \u201enie\u201d).<!--more--><br \/>\nLIKWIDACJA GIMNAZJ\u00d3W, czyli powr\u00f3t do formu\u0142y 8 klas szko\u0142y podstawowej i 4 lata liceum. Ten postulat jest bliski mojemu sercu, bo to czysta formu\u0142a, tradycyjna, ale czy ma sens kolejna rewolucja i burzenie gimnazj\u00f3w, kt\u00f3re stosunkowo niedawno wprowadzono? Nie wiem.<br \/>\nZAKAZ LIKWIDACJI SZK\u00d3\u0141  &#8211; postulat w warunkach ni\u017cu demograficznego kosztowny i  nie do obrony.<br \/>\nZNIESIENIE OBOWI\u0104ZKOWEJ ZER\u00d3WKI dla 5-latk\u00f3w. Jestem przeciw, w wieku 5 lat po\u0142\u0105czenie zabawy z nauk\u0105 jest uzasadnione, nie ma co czeka\u0107.<br \/>\nZWI\u0118SZKENIE LICZBY GODZIN HISTORII w liceum \u2013 to postulat w du\u017cym stopniu polityczny, maj\u0105cy na celu wi\u0119cej indoktrynacji. R\u00f3wnie dobrze trzeba  zwi\u0119kszy\u0107 liczb\u0119 godzin nauczania matematyki czy wychowania fizycznego. Zostawi\u0142bym w tej sprawie wyb\u00f3r szko\u0142om.<br \/>\nAleksander Pezda pisze w \u201eGW\u201d, \u017ce nie ma jednoznacznej odpowiedzi. Trzeba wybiera\u0107. Wi\u0119c  ja opowiadam si\u0119 za zer\u00f3wk\u0105 dla 5-latk\u00f3w i szko\u0142\u0105 dla 6-latk\u00f3w. Wybieram szko\u0142\u0119. Argumenty za i przeciw s\u0105 ju\u017c dobrze znane. Rozumiem kochaj\u0105cych rodzic\u00f3w, kt\u00f3rzy chc\u0105 przed\u0142u\u017cy\u0107 dzieci\u0144stwo swoim pociechom i \u201ebroni\u0105 ich\u201d przed szko\u0142\u0105. Ale ja uwa\u017cam, \u017ce strach ma wielkie oczy i nie ma co trzyma\u0107 dzieci pod kloszem.  Dlatego jestem przeciw referendum.<\/p>\n","protected":false},"excerpt":{"rendered":"<p>Mam nadziej\u0119, \u017ce Sejm odrzuci projekt referendum o\u015bwiatowego. Skomentuj\u0119 postulaty Pa\u0144stwa Elbanowskich oraz miliona innych sygnatariuszy. (Przy okazji: Brawo za aktywno\u015b\u0107 obywatelsk\u0105, ale ja niekt\u00f3rym postulatom m\u00f3wi\u0119 \u201enie\u201d).<\/p>\n","protected":false},"author":4,"featured_media":0,"comment_status":"open","ping_status":"closed","sticky":false,"template":"","format":"standard","meta":{"footnotes":""},"categories":[1],"tags":[],"_links":{"self":[{"href":"https:\/\/blog.polityka.pl\/passent\/wp-json\/wp\/v2\/posts\/2112"}],"collection":[{"href":"https:\/\/blog.polityka.pl\/passent\/wp-json\/wp\/v2\/posts"}],"about":[{"href":"https:\/\/blog.polityka.pl\/passent\/wp-json\/wp\/v2\/types\/post"}],"author":[{"embeddable":true,"href":"https:\/\/blog.polityka.pl\/passent\/wp-json\/wp\/v2\/users\/4"}],"replies":[{"embeddable":true,"href":"https:\/\/blog.polityka.pl\/passent\/wp-json\/wp\/v2\/comments?post=2112"}],"version-history":[{"count":4,"href":"https:\/\/blog.polityka.pl\/passent\/wp-json\/wp\/v2\/posts\/2112\/revisions"}],"predecessor-version":[{"id":2125,"href":"https:\/\/blog.polityka.pl\/passent\/wp-json\/wp\/v2\/posts\/2112\/revisions\/2125"}],"wp:attachment":[{"href":"https:\/\/blog.polityka.pl\/passent\/wp-json\/wp\/v2\/media?parent=2112"}],"wp:term":[{"taxonomy":"category","embeddable":true,"href":"https:\/\/blog.polityka.pl\/passent\/wp-json\/wp\/v2\/categories?post=2112"},{"taxonomy":"post_tag","embeddable":true,"href":"https:\/\/blog.polityka.pl\/passent\/wp-json\/wp\/v2\/tags?post=2112"}],"curies":[{"name":"wp","href":"https:\/\/api.w.org\/{rel}","templated":true}]}}