
{"id":2116,"date":"2013-10-27T14:21:38","date_gmt":"2013-10-27T13:21:38","guid":{"rendered":"http:\/\/passent.blog.polityka.pl\/?p=2116"},"modified":"2013-10-30T11:16:06","modified_gmt":"2013-10-30T10:16:06","slug":"wiadomosci-dobre-i-zle-2","status":"publish","type":"post","link":"https:\/\/blog.polityka.pl\/passent\/2013\/10\/27\/wiadomosci-dobre-i-zle-2\/","title":{"rendered":"Wiadomo\u015bci dobre i z\u0142e"},"content":{"rendered":"<p>Gdyby Grzegorz Schetyna wygra\u0142 wybory na przewodnicz\u0105cego dolno\u015bl\u0105skiego regionu, w Platformie nadal istnia\u0142yby dwa o\u015brodki. Problem ten  nie przesta\u0142 istnie\u0107, Jacek Protasiewicz wygra\u0142 minimaln\u0105 ilo\u015bci\u0105 g\u0142os\u00f3w, ale mo\u017ce to i dobrze \u2013 jest to sygna\u0142 dla Donalda Tuska, \u017ce jego kontrola nad parti\u0105 ma swoje granice. Gdyby Schetyna wygra\u0142, by\u0142by to cios w Tuska i sygna\u0142, \u017ce Platforma jest coraz s\u0142absza, jej przyw\u00f3dca os\u0142abiony, partia coraz bardziej rozdarta wewn\u0119trznie.<!--more--><\/p>\n<p>Co teraz zrobi Tusk? Mam nadziej\u0119, \u017ce nie b\u0119dzie dalej upokarza\u0142 Schetyny i zaoferuje mu godn\u0105 rol\u0119 w Platformie albo w rz\u0105dzie.  Oczywi\u015bcie, maj\u0105c  w pami\u0119ci post\u0119powanie Gowina, kt\u00f3ry stanowisko w rz\u0105dzie wykorzysta\u0142 do walki z premierem, Tusk b\u0119dzie ostro\u017cny. Z kolei Schetyna nie spali\u0142 za sob\u0105 most\u00f3w,  prawdopodobnie wynegocjuje z Tuskiem odpowiednie dla siebie miejsce i b\u0119dzie czeka\u0142 na lepsze czasy. Nadal wiceprzewodnicz\u0105cy Platformy? Minister? Bo ju\u017c Parlament Europejski to by\u0142aby w jego przypadku synekura. (Niekt\u00f3rzy widz\u0105 ju\u017c nast\u0119pc\u0119 Tuska w Protasiewiczu, a nie w Schetynie).<\/p>\n<p>Tak czy owak, wybory regionalne to przesilenie w Platformie, kt\u00f3r\u0105 czeka teraz powr\u00f3t do trudnej rzeczywisto\u015bci \u2013 z\u0142e sonda\u017ce, spadaj\u0105ce zaufanie do partii, rz\u0105du i premiera, nieko\u0144cz\u0105ce si\u0119 oczekiwanie na \u201enowe otwarcie\u201d, w kt\u00f3re ju\u017c ma\u0142o kto wierzy. W ka\u017cdym razie, zwyci\u0119stwo Hanny Gronkiewicz-Waltz , pora\u017cka Schetyny, odej\u015bcie Gowina, ustalona kolejno\u015b\u0107 dziobania, jawne wybory lokalnych w\u0142adz partyjnych (podczas gdy w PiS baron\u00f3w mianuje J.W. prezes)  to ju\u017c chyba najbardziej dla premiera dogodny moment, \u017ceby skupi\u0107 si\u0119 na rz\u0105dzeniu i z\u0142o\u017cy\u0107 Polakom now\u0105 ofert\u0119.<\/p>\n<p>Tu premier nie ma lekko. Testem b\u0119dzie np. los wniosku o referendum o\u015bwiatowe. Premier jest temu wnioskowi przeciwny i by\u0107 mo\u017ce z najwy\u017cszym wysi\u0142kiem uda si\u0119 Platformie zgromadzi\u0107 w Sejmie wi\u0119kszo\u015b\u0107 na \u201enie\u201d, ale tak czy owak jest to twardy orzech. Je\u017celi referendum przejdzie \u2013 b\u0119dzie to pora\u017cka premiera i minister Szumilas.  Je\u017celi referendum nie przejdzie, to \u201ezlekcewa\u017cy\u0107\u201d miliona podpis\u00f3w te\u017c nie mo\u017cna bezkarnie. Tak \u017ale i tak niedobrze.  Podobnie jak w sprawie Smole\u0144ska i Zespo\u0142u Macierewicza \u2013 rz\u0105d za d\u0142ugo milcza\u0142, nie docenia\u0142, lekcewa\u017cy\u0142 przeciwnika. Wbrew opinii, \u017ce Tusk and Co. to mistrzowie PR \u2013 jest odwrotnie, oddawali opini\u0119 publiczn\u0105 Zespo\u0142owi Macierewicza oraz kampanii \u201eRatujmy Maluchy!\u201d. Ostatnie, co mo\u017cna powiedzie\u0107 o pani minister Szumilas, to \u017ce jest charyzmatyczn\u0105 leaderk\u0105.<\/p>\n<p>Ciekawe tak\u017ce, w jaki spos\u00f3b premier domknie spraw\u0119 OFE, kt\u00f3ra nie przysporzy mu zwolennik\u00f3w, a tak\u017ce jak rozegra spraw\u0119 ameryka\u0144skich pods\u0142uch\u00f3w? Donald Tusk znalaz\u0142 si\u0119 pomi\u0119dzy wi\u0119cej ni\u017c \u017cyczliw\u0105 kanclerz Merkel, najwa\u017cniejsz\u0105 sojuszniczk\u0105  w Europie,   a prezydentem Obam\u0105 \u2013 najwa\u017cniejszym sojusznikiem  na Ziemi.  Tusk b\u0119dzie chyba w tej sprawie w  bliskim kontakcie z Merkel  (oraz innymi przyw\u00f3dcami) i nie wybiegnie przed szereg. Nie liczmy na zdecydowane i solowe stanowisko Polski.  Chyba nawet Radek Sikorski, czasami szybki w s\u0142owach, teraz b\u0119dzie ostro\u017cny. Trudno si\u0119 dziwi\u0107. Ciekawe, czy i co napisze na ten temat Ann Applebaum.<\/p>\n<p>PS. ZAPROSZENIE<br \/>\nTe i inne tematy poruszmy w Radiu TOK FM w  rozmowie z politolo\u017ck\u0105, dr Ann\u0105 METERSK\u0104 \u2013 SOSNOWSK\u0104, redaktorem Tomaszem WR\u00d3BLEWSKIM  i \u2026. Zapraszam,  wtorek, 29 pa\u017adziernika 2013, godz. 20.05!<\/p>\n","protected":false},"excerpt":{"rendered":"<p>Gdyby Grzegorz Schetyna wygra\u0142 wybory na przewodnicz\u0105cego dolno\u015bl\u0105skiego regionu, w Platformie nadal istnia\u0142yby dwa o\u015brodki. Problem ten nie przesta\u0142 istnie\u0107, Jacek Protasiewicz wygra\u0142 minimaln\u0105 ilo\u015bci\u0105 g\u0142os\u00f3w, ale mo\u017ce to i dobrze \u2013 jest to sygna\u0142 dla Donalda Tuska, \u017ce jego kontrola nad parti\u0105 ma swoje granice. Gdyby Schetyna wygra\u0142, by\u0142by to cios w Tuska i [&hellip;]<\/p>\n","protected":false},"author":4,"featured_media":0,"comment_status":"open","ping_status":"closed","sticky":false,"template":"","format":"standard","meta":{"footnotes":""},"categories":[1],"tags":[],"_links":{"self":[{"href":"https:\/\/blog.polityka.pl\/passent\/wp-json\/wp\/v2\/posts\/2116"}],"collection":[{"href":"https:\/\/blog.polityka.pl\/passent\/wp-json\/wp\/v2\/posts"}],"about":[{"href":"https:\/\/blog.polityka.pl\/passent\/wp-json\/wp\/v2\/types\/post"}],"author":[{"embeddable":true,"href":"https:\/\/blog.polityka.pl\/passent\/wp-json\/wp\/v2\/users\/4"}],"replies":[{"embeddable":true,"href":"https:\/\/blog.polityka.pl\/passent\/wp-json\/wp\/v2\/comments?post=2116"}],"version-history":[{"count":4,"href":"https:\/\/blog.polityka.pl\/passent\/wp-json\/wp\/v2\/posts\/2116\/revisions"}],"predecessor-version":[{"id":2127,"href":"https:\/\/blog.polityka.pl\/passent\/wp-json\/wp\/v2\/posts\/2116\/revisions\/2127"}],"wp:attachment":[{"href":"https:\/\/blog.polityka.pl\/passent\/wp-json\/wp\/v2\/media?parent=2116"}],"wp:term":[{"taxonomy":"category","embeddable":true,"href":"https:\/\/blog.polityka.pl\/passent\/wp-json\/wp\/v2\/categories?post=2116"},{"taxonomy":"post_tag","embeddable":true,"href":"https:\/\/blog.polityka.pl\/passent\/wp-json\/wp\/v2\/tags?post=2116"}],"curies":[{"name":"wp","href":"https:\/\/api.w.org\/{rel}","templated":true}]}}