
{"id":2128,"date":"2013-10-31T18:43:27","date_gmt":"2013-10-31T17:43:27","guid":{"rendered":"http:\/\/passent.blog.polityka.pl\/?p=2128"},"modified":"2013-11-18T14:26:52","modified_gmt":"2013-11-18T13:26:52","slug":"to-sie-w-dyni-nie-miesci","status":"publish","type":"post","link":"https:\/\/blog.polityka.pl\/passent\/2013\/10\/31\/to-sie-w-dyni-nie-miesci\/","title":{"rendered":"To si\u0119 w dyni nie mie\u015bci"},"content":{"rendered":"<p>A\u017c mnie wci\u0119\u0142o, czyli szcz\u0119ka mi opad\u0142a, kiedy przeczyta\u0142em,  \u017ce minister Kultury i Dziedzictwa Narodowego, Bogdan Zdrojewski, odci\u0105\u0142 si\u0119 (delikatnie pisz\u0105c ) od obyczaju Halloween. \u201eKomercyjne przedsi\u0119wzi\u0119cie nie mo\u017ce by\u0107 traktowane jak prawdziwe \u015bwi\u0119to \u2013 powiedzia\u0142 minister. Powinni\u015bmy dba\u0107 o w\u0142asne \u015bwi\u0119ta i rozwija\u0107 tak, by by\u0142y adekwatne do zmieniaj\u0105cego si\u0119 otoczenia. Przejmowanie obcych wzor\u00f3w traktowa\u0142bym z du\u017cym sceptycyzmem i ostro\u017cno\u015bci\u0105\u201d.<!--more--><br \/>\nSzcz\u0119ka mi opad\u0142a przede wszystkim dlatego, \u017ce bardzo szanuj\u0119 i sympatyzuj\u0119 z panem Zdrojewskim, kt\u00f3ry jest jednym z najlepszych ministr\u00f3w rz\u0105du Tuska. Jego wypowied\u017a bardziej mi jednak pasuje do min. Ujazdowskiego ni\u017c Zdrojewskiego. Przynajmniej tak\u0105 mia\u0142em nadziej\u0119.  Wydawa\u0142o mi si\u0119 jednak, \u017ce ten rz\u0105d, kt\u00f3ry ma z\u0142\u0105 pass\u0119 w opinii publicznej, ziemia pali mu si\u0119 pod nogami,  ma wa\u017cniejsze i pilniejsze sprawy ni\u017c zwalczanie poga\u0144skich obyczaj\u00f3w. Gdy Halloween pot\u0119pia Ko\u015bci\u00f3\u0142 \u2013 to rozumiem, acz nie podzielam, ale cz\u0142onek rz\u0105du?<br \/>\nCo takiego z\u0142ego jest w Halloween, \u017ce g\u0142os musia\u0142 zabra\u0107 minister konstytucyjny rz\u0105du Rzeczpospolitej? \u017be to jest \u015bwi\u0119to (obyczaj) importowane, a my mamy w\u0142asne. Nie widz\u0119 sprzeczno\u015bci.  By\u0142em wczoraj z c\u00f3rk\u0105 i z wnukiem na Pow\u0105zkach, na grobie Agnieszki Osieckiej, a dzi\u015b wnuk wystawi\u0142 dyni\u0119, ma r\u0119kawiczki ko\u015bciotrupa  i liczy cukierki. On nawet nie wie, \u017ce to jest zwyczaj importowany, i to od naszego najlepszego sojusznika \u2013 z USA.  Gdyby to by\u0142 zwyczaj sowiecki, albo germa\u0144ski, komunistyczny, rasistowski, faszystowski,  to bym jeszcze rozumia\u0142, \u017ce minister zabra\u0142 g\u0142os, ale zwyczaj made in USA?  Z kraju wolno\u015bci? Z Ameryki pochodz\u0105 du\u017co bardziej szkodliwe rzeczy, takie jak Coca-Cola i hamburgery.  \u015awiat si\u0119 globalizuje , obyczaje si\u0119 przenikaj\u0105, \u017caden mur chrze\u015bcija\u0144ski ani obyczajowe Schengen nie pomog\u0105. Zwalcza\u0107 trzeba Coca-Cole i hamburgery, bo przyczyniaj\u0105 si\u0119 do oty\u0142o\u015bci i s\u0105 zab\u00f3jcze, podobnie jak brutalne filmy i bezmy\u015blne kresk\u00f3wki Made in USA. Ale Halloween?<br \/>\nMinister m\u00f3wi, \u017ce to jest przedsi\u0119wzi\u0119cie komercyjne.  Oczywi\u015bcie, \u017ce jest. Ale czy Pan Minister widzia\u0142 \u015bwi\u0119to bardziej komercyjne ni\u017c Bo\u017ce Narodzenie? Tu\u017c po Wszystkich \u015awi\u0119tych zacznie si\u0119 biznes bo\u017conarodzeniowy \u2013 najbardziej kosztowna kampania handlowa w ci\u0105gu ca\u0142ego roku. Bo\u017ce Narodzenie komercjalizuje si\u0119 w zastraszaj\u0105cym tempie, ju\u017c \u017cadna stajenka, \u017cadne sianko, tylko wy\u017cerka, pija\u0144stwo i prezenty, zakupy, zakupy i prezenty. Czy mamy przestrzega\u0107 przed Bo\u017cym Narodzeniem? A komunia \u2013 czy\u017c nie jest skomercjalizowana \u201ena maksa\u201d, z \u201eobowi\u0105zkiem\u201d kupowania kosztownych prezent\u00f3w dla dzieci?<br \/>\nSzanowny Panie Ministrze, musz\u0119 pukn\u0105\u0107 si\u0119 w dyni\u0119 zanim jaki\u015b nast\u0119pca Jana Tadeusza Stanis\u0142awskiego na zam\u00f3wienie Ministerstwa  Kultury wyg\u0142osi wyk\u0142ad  o wy\u017cszo\u015bci polskich obyczaj\u00f3w nad obyczajami anglosaskimi.  Ja mam  w domu torb\u0119 pe\u0142n\u0105 cukierk\u00f3w, w tym jednego dla Pana.   Zapewniam, \u017ce nie s\u0105 truj\u0105ce.<\/p>\n","protected":false},"excerpt":{"rendered":"<p>A\u017c mnie wci\u0119\u0142o, czyli szcz\u0119ka mi opad\u0142a, kiedy przeczyta\u0142em, \u017ce minister Kultury i Dziedzictwa Narodowego, Bogdan Zdrojewski, odci\u0105\u0142 si\u0119 (delikatnie pisz\u0105c ) od obyczaju Halloween. \u201eKomercyjne przedsi\u0119wzi\u0119cie nie mo\u017ce by\u0107 traktowane jak prawdziwe \u015bwi\u0119to \u2013 powiedzia\u0142 minister. Powinni\u015bmy dba\u0107 o w\u0142asne \u015bwi\u0119ta i rozwija\u0107 tak, by by\u0142y adekwatne do zmieniaj\u0105cego si\u0119 otoczenia. Przejmowanie obcych wzor\u00f3w [&hellip;]<\/p>\n","protected":false},"author":4,"featured_media":0,"comment_status":"open","ping_status":"closed","sticky":false,"template":"","format":"standard","meta":{"footnotes":""},"categories":[1],"tags":[],"_links":{"self":[{"href":"https:\/\/blog.polityka.pl\/passent\/wp-json\/wp\/v2\/posts\/2128"}],"collection":[{"href":"https:\/\/blog.polityka.pl\/passent\/wp-json\/wp\/v2\/posts"}],"about":[{"href":"https:\/\/blog.polityka.pl\/passent\/wp-json\/wp\/v2\/types\/post"}],"author":[{"embeddable":true,"href":"https:\/\/blog.polityka.pl\/passent\/wp-json\/wp\/v2\/users\/4"}],"replies":[{"embeddable":true,"href":"https:\/\/blog.polityka.pl\/passent\/wp-json\/wp\/v2\/comments?post=2128"}],"version-history":[{"count":3,"href":"https:\/\/blog.polityka.pl\/passent\/wp-json\/wp\/v2\/posts\/2128\/revisions"}],"predecessor-version":[{"id":2149,"href":"https:\/\/blog.polityka.pl\/passent\/wp-json\/wp\/v2\/posts\/2128\/revisions\/2149"}],"wp:attachment":[{"href":"https:\/\/blog.polityka.pl\/passent\/wp-json\/wp\/v2\/media?parent=2128"}],"wp:term":[{"taxonomy":"category","embeddable":true,"href":"https:\/\/blog.polityka.pl\/passent\/wp-json\/wp\/v2\/categories?post=2128"},{"taxonomy":"post_tag","embeddable":true,"href":"https:\/\/blog.polityka.pl\/passent\/wp-json\/wp\/v2\/tags?post=2128"}],"curies":[{"name":"wp","href":"https:\/\/api.w.org\/{rel}","templated":true}]}}