
{"id":2131,"date":"2013-11-03T16:23:37","date_gmt":"2013-11-03T15:23:37","guid":{"rendered":"http:\/\/passent.blog.polityka.pl\/?p=2131"},"modified":"2013-11-18T14:27:41","modified_gmt":"2013-11-18T13:27:41","slug":"gorzkie-migdaly","status":"publish","type":"post","link":"https:\/\/blog.polityka.pl\/passent\/2013\/11\/03\/gorzkie-migdaly\/","title":{"rendered":"Gorzkie migda\u0142y"},"content":{"rendered":"<p>Chcia\u0142oby si\u0119 napisa\u0107, \u017ce w polityce s\u0105 s\u0142odkie rodzynki i gorzkie migda\u0142y, ale \u2013 niestety \u2013 tych pierwszych brak. S\u0105 tylko te drugie. <!--more--><\/p>\n<p>BP ANTONI DYDYCZ paln\u0105\u0142, \u017ce nie mo\u017cna naciska\u0107 na duchownych, \u017ceby byli wsp\u00f3\u0142pracownikami \u015bwieckich w\u0142adz. Trudno o wi\u0119ksz\u0105 bzdur\u0119. Duchowni s\u0105 tak\u017ce obywatelami  i dowiaduj\u0105c si\u0119 (niekoniecznie w czasie spowiedzi)  o mo\u017cliwo\u015bci naruszenia prawa (nie tylko pedofilii, ale np. przemocy w rodzinie, gwa\u0142tu, spowodowania wypadku drogowego, machinacji przy wycenie grunt\u00f3w dla Komisji Maj\u0105tkowej) powinni zawiadomi\u0107 str\u00f3\u017c\u00f3w prawa.\u00a0Poza tym duchowni i Ko\u015bci\u00f3\u0142 jako instytucja, na ka\u017cdym kroku s\u0105 \u201ewsp\u00f3\u0142pracownikami\u201d w\u0142adz \u015bwieckich, kt\u00f3re \u0142o\u017c\u0105 miliony i wsp\u00f3\u0142pracuj\u0105 z Ko\u015bcio\u0142em, zw\u0142aszcza kiedy chodzi o pieni\u0105dze, czy to przy odnowie zabytk\u00f3w, czy dotuj\u0105c uczelnie i katechez\u0119. Biskup powinien wiedzie\u0107, \u017ce dla wsp\u00f3\u0142pracy Ko\u015bci\u00f3\u0142 \u2013 pa\u0144stwo nie ma alternatywy. Ostatnimi czasy przedstawiciele Ko\u015bcio\u0142a katolickiego w Polsce s\u0105 spanikowani, \u017ce pewne nieprawo\u015bci wychodz\u0105 na jaw i trafiaj\u0105 do medi\u00f3w, a wi\u0119c i do wiernych. Fa\u0142szywi  obro\u0144cy Ko\u015bcio\u0142a posuwaj\u0105 si\u0119 do szanta\u017cu: Milcz, albo przy\u0142\u0105czasz si\u0119 do histerycznej nagonki na Ko\u015bci\u00f3\u0142. Ka\u017cda krytyka ksi\u0119dza jest rzekomo  nagonk\u0105 na Ko\u015bci\u00f3\u0142, tak jak krytyka \u017byda jest antysemityzmem, Putina \u2013 rusofobi\u0105, a  Polaka \u2013 polako\u017cerstwem. Nie dajmy si\u0119 zwariowa\u0107.<br \/>\nPRZEMYS\u0141AW WIPLER pokaza\u0142 mediom  obra\u017cenia jakich dozna\u0142 od policji, a przy okazji  zawiesi\u0142 swoje przewodnictwo w Stowarzyszenia Republika, kt\u00f3re niedawno za\u0142o\u017cy\u0142.  Nie bardzo rozumiem zwi\u0105zek tych wydarze\u0144. Albo pose\u0142 zosta\u0142 niewinnie zmasakrowany \u2013 to wtedy nie powinien ust\u0119powa\u0107, a jego m\u0119\u017cne zachowanie wzmocni tylko  jego autorytet w stowarzyszeniu, albo pan Wipler zachowa\u0142 si\u0119 niestosownie, to wtedy nie jest ofiar\u0105 lecz sprawc\u0105 incydentu nad ranem przed knajp\u0105. Na szcz\u0119\u015bcie by\u0142o tyle kamer i \u015bwiadk\u00f3w, \u017ce prokuratura nie powinna mie\u0107 trudno\u015bci z ustaleniem prawdy.   Cierpliwo\u015bci!<br \/>\nJAROS\u0141AW GOWIN, sk\u0105din\u0105d jeden z patron\u00f3w pos\u0142a Wiplera,  wystosowa\u0142 kolejny list otwarty do cz\u0142onk\u00f3w Platformy, w kt\u00f3rym \u2013 ca\u0142kiem s\u0142usznie \u2013 pi\u0119tnuje  korupcj\u0119 w PO i pod rz\u0105dami tej partii. Gowin ma niew\u0105tpliwie racj\u0119, z tym, \u017ce nie jest wiarygodny, jeszcze wczoraj by\u0142 cz\u0142onkiem Platformy, a przedwczoraj ministrem sprawiedliwo\u015bci (!). Mia\u0142 ca\u0142e lata, \u017ceby to zauwa\u017cy\u0107 i wygarn\u0105\u0107.  Faktem jednak jest,  \u017ce obro\u0144cy Platformy szukaj\u0105c usprawiedliwienia dla tej partii, m\u00f3wi\u0105, \u017ce ka\u017cda partia w\u0142adzy jest wystawiana na tak\u0105 pr\u00f3b\u0119, \u017ce jej poprzednicy i nast\u0119pcy rozdzielali i b\u0119d\u0105 rozdziela\u0107 posady i stanowiska, kupowa\u0107 g\u0142osy  etc. To jest \u201eobrona\u201d niegodna, fa\u0142szywa przys\u0142uga oddawana Platformie.  Jej obro\u0144cy powinni zrezygnowa\u0107 z takich argument\u00f3w.  Partie, ko\u015bcio\u0142y, w\u0142adze, powinny nadu\u017cycia t\u0119pi\u0107, a nie chowa\u0107 je pod dywan, t\u0142umacz\u0105c, \u017ce wszyscy tak robi\u0105. Mo\u017ce Donald Tusk, \u201edobry car\u201d, by\u0142 zbyt \u0142agodny dla swoich bojar\u00f3w, w ka\u017cdym razie jest w trudnej sytuacji \u2013 Schetyna trwa, a Platforma traci wszystko poza posadami. Korupcja kwitnie. Paj\u0119czyna wok\u00f3\u0142 KGHM   trwa od lat, tka\u0142y j\u0105 po kolei paj\u0105ki z AWS, SLD, PiS i Platformy.<br \/>\nZ O\u015aLEJ \u0141\u0104CZKI. W tygodniku \u201ew Sieci\u201d, tam gdzie Tomasz Lis pokazany by\u0142 \u201eprawie jak Goebbels\u201d, trafi\u0142em na ma\u0142e curiosum. W felietonie pod wymownym tytu\u0142em \u201eCodzienna porcja lania w mord\u0119\u201d, Witold Gadowski  pisze per \u201eprezydent Bronis\u0142aw Bierut i premier Donald Rokossowski\u201d. Brawo Herr Adolf Gadowski!<br \/>\nPS ZAPROSZENIE<br \/>\n5 listopada 2013 odb\u0119dzie si\u0119 w Muzeum Plakatu w Wilanowie spotkanie &#8222;Pi\u00f3ro i Kamera. Pokaz film\u00f3w Agnieszki Osieckiej&#8221;. B\u0119dzie to pierwszy publiczny pokaz sze\u015bciu etiud filmowych wyre\u017cyserowanych przez Agnieszk\u0119 Osieck\u0105: <strong>Solo na kontrabasie, Zwierz\u0119ta futerkowe, S\u0142o\u0144, STS, Bar listopad, Plakat z drewna<\/strong>. Spotkanie poprowadz\u0105 Tomasz Raczek i Janusz Majewski. Zaproszenie przyj\u0119\u0142o tak\u017ce kilka os\u00f3b pracuj\u0105cych kiedy\u015b przy tych filmach razem z Agnieszk\u0105 Osieck\u0105. WST\u0118P WOLNY!<\/p>\n","protected":false},"excerpt":{"rendered":"<p>Chcia\u0142oby si\u0119 napisa\u0107, \u017ce w polityce s\u0105 s\u0142odkie rodzynki i gorzkie migda\u0142y, ale \u2013 niestety \u2013 tych pierwszych brak. S\u0105 tylko te drugie.<\/p>\n","protected":false},"author":4,"featured_media":0,"comment_status":"open","ping_status":"closed","sticky":false,"template":"","format":"standard","meta":{"footnotes":""},"categories":[1],"tags":[],"_links":{"self":[{"href":"https:\/\/blog.polityka.pl\/passent\/wp-json\/wp\/v2\/posts\/2131"}],"collection":[{"href":"https:\/\/blog.polityka.pl\/passent\/wp-json\/wp\/v2\/posts"}],"about":[{"href":"https:\/\/blog.polityka.pl\/passent\/wp-json\/wp\/v2\/types\/post"}],"author":[{"embeddable":true,"href":"https:\/\/blog.polityka.pl\/passent\/wp-json\/wp\/v2\/users\/4"}],"replies":[{"embeddable":true,"href":"https:\/\/blog.polityka.pl\/passent\/wp-json\/wp\/v2\/comments?post=2131"}],"version-history":[{"count":6,"href":"https:\/\/blog.polityka.pl\/passent\/wp-json\/wp\/v2\/posts\/2131\/revisions"}],"predecessor-version":[{"id":2151,"href":"https:\/\/blog.polityka.pl\/passent\/wp-json\/wp\/v2\/posts\/2131\/revisions\/2151"}],"wp:attachment":[{"href":"https:\/\/blog.polityka.pl\/passent\/wp-json\/wp\/v2\/media?parent=2131"}],"wp:term":[{"taxonomy":"category","embeddable":true,"href":"https:\/\/blog.polityka.pl\/passent\/wp-json\/wp\/v2\/categories?post=2131"},{"taxonomy":"post_tag","embeddable":true,"href":"https:\/\/blog.polityka.pl\/passent\/wp-json\/wp\/v2\/tags?post=2131"}],"curies":[{"name":"wp","href":"https:\/\/api.w.org\/{rel}","templated":true}]}}