
{"id":2142,"date":"2013-11-14T08:12:41","date_gmt":"2013-11-14T07:12:41","guid":{"rendered":"http:\/\/passent.blog.polityka.pl\/?p=2142"},"modified":"2013-11-18T14:28:11","modified_gmt":"2013-11-18T13:28:11","slug":"katastrofa-warszawska","status":"publish","type":"post","link":"https:\/\/blog.polityka.pl\/passent\/2013\/11\/14\/katastrofa-warszawska\/","title":{"rendered":"Katastrofa warszawska"},"content":{"rendered":"<p>Katastrofa warszawska  11 listopada 2013, podobnie jak wiele innych katastrof, nie mia\u0142a jednej przyczyny, ani jednego winnego, tylko wiele \u017ar\u00f3de\u0142. Jednym z nich jest bezkarny i rozpanoszony bandytyzm, lub po prostu schamienie, brak kultury na stadionach i na ulicach. Pomi\u0119dzy kibolami, kt\u00f3rzy skanduj\u0105 \u201eTusku matole\u2026\u201d,   a \u201eelit\u0105\u201d, kt\u00f3ra buczy przeciwko marsza\u0142kowi Senatu i premierowi  na cmentarzu, nie ma wi\u0119kszej r\u00f3\u017cnicy.<\/p>\n<p><!--more--><\/p>\n<p>Dosz\u0142o do tego, \u017ce profesorowie ( w tym tak\u017ce z \u201esalonu\u201d) wymy\u015blaj\u0105 sobie w radiu  od cham\u00f3w.  (Na marginesie: indywidualnym zwyci\u0119zc\u0105 11 listopada by\u0142by Donald Tusk za udzia\u0142 w Biegu Niepodleg\u0142o\u015bci, gdyby nie fakt,  \u017ce to podleg\u0142y mu minister i policja dali plam\u0119). Zwalanie wszystkiego na bandyt\u00f3w nie wyczerpuje jednak sprawy. Gdy bowiem bandyci okradn\u0105 bank, to sprawdza si\u0119, jak bank by\u0142 chroniony. Policja i w\u0142adze nie s\u0105 bez winy, czego rzecznik Gra\u015b (w \u201eKropce nad i\u201d) nie chcia\u0142 przyzna\u0107. Tak\u017ce minister Sienkiewicz u Janiny Paradowskiej  w Radiu TOK FM brzmia\u0142 raczej zadowolony z siebie, m\u00f3wi\u0142, \u017ce wok\u00f3\u0142 sprawy panuje lekka histeria, po raz pierwszy zosta\u0142a przekroczona pewna bariera cywilizacyjna, nie przesadzajmy\u2026<br \/>\nInnym \u017ar\u00f3d\u0142em katastrofy warszawskiej s\u0105 ci, kt\u00f3rzy s\u0105cz\u0105 nacjonalizm, model katolickiego pa\u0144stwa narodu polskiego, gdzie nie ma miejsca na t\u0119cz\u0119, a tak\u017ce szerz\u0105 ksenofobi\u0119, w tym rusofobi\u0119. To ich wychowankowie rzucali race na teren ambasady i spalili t\u0119cz\u0119. Rzucili Putinowi pi\u0119kny prezent. Akurat kiedy Polska aspiruje do roli lidera polityki wschodniej UE i stara si\u0119 wy\u0142uska\u0107 Ukrain\u0119 z orbity Kremla, pseudo-patrioci z Belwederskiej ciskaj\u0105 kamieniami w obc\u0105 plac\u00f3wk\u0119 dyplomatyczn\u0105 i Polska musi przeprasza\u0107.<br \/>\nKolejnym \u017ar\u00f3d\u0142em katastrofy s\u0105 w\u0142adze  odpowiedzialne za porz\u0105dek i bezpiecze\u0144stwo. Nie wszystko w zachowaniu bandyt\u00f3w mo\u017cna by\u0142o przewidzie\u0107, nie spos\u00f3b pilnowa\u0107 ka\u017cdego drzewka i samochodu, ale t\u0119cz\u0119, squat i ambasad\u0119 \u2013 tak. Zw\u0142aszcza ambasad\u0119. Wiem, \u017ce m\u0105dry Polak po szkodzie,   wi\u0119c nie b\u0119d\u0119 si\u0119 pastwi\u0142 nad winnymi, nie domagam si\u0119 kar, ale winni \u2013 s\u0105 i powinni si\u0119 wypowiedzie\u0107.<br \/>\nKolejnym \u017ar\u00f3d\u0142em katastrofy jest niska kultura polityczna. W wielu krajach maj\u0105 miejsce g\u0142\u0119bokie podzia\u0142y, np. w USA kampania wyborcza Republikanie \u2013 Demokraci bywa brutalna, poza tym rasizm i dyskryminacja nie by\u0142y temu spo\u0142ecze\u0144stwu obce, podobnie we Francji, ale \u015bwi\u0119to pa\u0144stwowe jest \u015bwi\u0119te, a kiedy prezydent przemawia na Kapitolu &#8211;  izba jest pe\u0142na, opozycja nie bojkotuje g\u0142owy pa\u0144stwa. W Polsce prawicowa opozycja wymy\u015bla prezydentowi od Komoruskich, a premier ma wed\u0142ug niej krew na r\u0119kach. Trwa nieustanne podburzanie i kampania nienawi\u015bci przeciwko demokratycznie wybranym w\u0142adzom.  W Polsce \u017cyj\u0105 dwa narody \u2013 jak pisa\u0142a Maria D\u0105browska, jeste\u015bmy na siebie skazani \u2013 jak twierdzi Michnik.<br \/>\nDalszym \u017ar\u00f3d\u0142em katastrofy warszawskiej jest s\u0142abo\u015b\u0107 pa\u0144stwa. Szko\u0142a, s\u0142u\u017cba zdrowia, koleje, policja \u2013 wszystko to  s\u0142abuje, wi\u0119c nie ka\u017cdy \u017cywi wobec nich respekt.<br \/>\nWa\u017cn\u0105 przyczyn\u0105 katastrofy jest zgoda na kominiarki. Kiedy\u015b, jeszcze  nie tak dawno, kominiarki by\u0142y atrybutem gangster\u00f3w, kt\u00f3rzy napadali np. na banki. Teraz jest to element stroju \u201e manifestant\u00f3w\u201d i kiboli, gwarantuj\u0105cy anonimowo\u015b\u0107 i bezkarno\u015b\u0107 przest\u0119pcom. Wiadomo, \u017ce zakaz zas\u0142aniania twarzy w miejscach publicznych budzi w\u0105tpliwo\u015bci, nie rozwi\u0105zuje w pe\u0142ni problemu, ale moim zdaniem niczego  lepszego nie wymy\u015blono i nale\u017cy do tej idei wr\u00f3ci\u0107, zakaz uchwali\u0107 i go egzekwowa\u0107.<br \/>\nJest jeszcze  Ko\u015bci\u00f3\u0142, kt\u00f3ry m\u00f3g\u0142by powiedzie\u0107 tak \u2013 tak, nie \u2013 nie. Cho\u0107by na Placu Zbawiciela. A Ko\u015bci\u00f3\u0142 milczy. T\u0119cza mo\u017ce kogo\u015b gorszy\u0107, ale \u017ceby zaraz podpala\u0107?<\/p>\n","protected":false},"excerpt":{"rendered":"<p>Katastrofa warszawska 11 listopada 2013, podobnie jak wiele innych katastrof, nie mia\u0142a jednej przyczyny, ani jednego winnego, tylko wiele \u017ar\u00f3de\u0142. Jednym z nich jest bezkarny i rozpanoszony bandytyzm, lub po prostu schamienie, brak kultury na stadionach i na ulicach. Pomi\u0119dzy kibolami, kt\u00f3rzy skanduj\u0105 \u201eTusku matole\u2026\u201d, a \u201eelit\u0105\u201d, kt\u00f3ra buczy przeciwko marsza\u0142kowi Senatu i premierowi na [&hellip;]<\/p>\n","protected":false},"author":4,"featured_media":0,"comment_status":"open","ping_status":"closed","sticky":false,"template":"","format":"standard","meta":{"footnotes":""},"categories":[1],"tags":[],"_links":{"self":[{"href":"https:\/\/blog.polityka.pl\/passent\/wp-json\/wp\/v2\/posts\/2142"}],"collection":[{"href":"https:\/\/blog.polityka.pl\/passent\/wp-json\/wp\/v2\/posts"}],"about":[{"href":"https:\/\/blog.polityka.pl\/passent\/wp-json\/wp\/v2\/types\/post"}],"author":[{"embeddable":true,"href":"https:\/\/blog.polityka.pl\/passent\/wp-json\/wp\/v2\/users\/4"}],"replies":[{"embeddable":true,"href":"https:\/\/blog.polityka.pl\/passent\/wp-json\/wp\/v2\/comments?post=2142"}],"version-history":[{"count":3,"href":"https:\/\/blog.polityka.pl\/passent\/wp-json\/wp\/v2\/posts\/2142\/revisions"}],"predecessor-version":[{"id":2153,"href":"https:\/\/blog.polityka.pl\/passent\/wp-json\/wp\/v2\/posts\/2142\/revisions\/2153"}],"wp:attachment":[{"href":"https:\/\/blog.polityka.pl\/passent\/wp-json\/wp\/v2\/media?parent=2142"}],"wp:term":[{"taxonomy":"category","embeddable":true,"href":"https:\/\/blog.polityka.pl\/passent\/wp-json\/wp\/v2\/categories?post=2142"},{"taxonomy":"post_tag","embeddable":true,"href":"https:\/\/blog.polityka.pl\/passent\/wp-json\/wp\/v2\/tags?post=2142"}],"curies":[{"name":"wp","href":"https:\/\/api.w.org\/{rel}","templated":true}]}}