
{"id":215,"date":"2007-02-06T10:00:18","date_gmt":"2007-02-06T09:00:18","guid":{"rendered":"http:\/\/passent.blog.polityka.pl\/?p=215"},"modified":"2007-02-06T10:00:18","modified_gmt":"2007-02-06T09:00:18","slug":"sikorski-nie-byl-swoj","status":"publish","type":"post","link":"https:\/\/blog.polityka.pl\/passent\/2007\/02\/06\/sikorski-nie-byl-swoj\/","title":{"rendered":"Sikorski nie by\u0142 &#8222;sw\u00f3j&#8221;"},"content":{"rendered":"<p>Rados\u0142aw Sikorski post\u0105pi\u0142 s\u0142usznie podaj\u0105c si\u0119 do dymisji. Ju\u017c kiedy obejmowa\u0142 stanowisko ministra &#8211; nie pasowa\u0142 do Braci. Trzyma\u0142 si\u0119 z dala od polityki krajowej, przebywa\u0142 za granic\u0105, elegancki, \u015bwiatowy, elokwentny, autor ksi\u0105\u017cek, ustosunkowany za oceanem, lekko pretensjonalny, z \u017con\u0105 \u2013 znan\u0105 dziennikarka ameryka\u0144sk\u0105, kt\u00f3ra wkr\u00f3tce dosta\u0142a nagrod\u0119 Pulitzera. Jako wiceminister Obrony, a potem Spraw Zagranicznych, pozna\u0142 funkcjonowanie mechanizm\u00f3w pa\u0144stwowych, w czasie pobytu w USA nasi\u0105kn\u0105\u0142 atmosfer\u0105 pa\u0144stwa prawa, a d\u0142ugotrwa\u0142y pobyt w Wielkiej Brytanii, i to w okresie formowania si\u0119 cz\u0142owieka, zaszczepi\u0142 mu pewne elementy kultury osobistej i politycznej.<\/p>\n<p>Mo\u017cna powiedzie\u0107 \u2013 \u015bwiatowiec a\u017c do przesady, cokolwiek snobistyczny z t\u0105 swoj\u0105 herbatk\u0105 z dzbanuszka (a nie z woreczka), ale coraz bardziej powa\u017cny i dojrza\u0142y. By\u0142em ambasadorem, kiedy Sikorski by\u0142 wiceministrem Spraw Zagranicznych, mo\u017ce trzymanym przez Bronis\u0142awa Geremka cokolwiek na marginesie, ale nie s\u0142ysza\u0142em z\u0142ego s\u0142owa o jego pracy i zachowaniu w resorcie.<\/p>\n<p>Tymczasem Bracia s\u0105 jego zaprzeczeniem \u2013 prowincjonalni, pogr\u0105\u017ceni po uszy w polityce krajowej, nie znaj\u0105cy \u015bwiata, ludzi ni j\u0119zyk\u00f3w, lepiej czuj\u0105cy si\u0119 w\u015br\u00f3d moherowych beret\u00f3w ni\u017c w\u015br\u00f3d he\u0142m\u00f3w i kask\u00f3w, m\u015bciwi, niepohamowani, pami\u0119tliwi, pobudliwi, nieufni wobec zagranicy, podejrzliwi, napastliwi w my\u015blach, w s\u0142owach i w czynach \u2013 stanowi\u0105 zaprzeczenie \u201eEuropejczyka\u201d i \u015bwiatowca, kt\u00f3ry nie mia\u0142 i nie ma problem\u00f3w z samokontrol\u0105. \u015awiadczy o tym tak\u017ce jego po\u017cegnalna konferencja prasowa, na kt\u00f3rej zachowa\u0142 si\u0119 elegancko, cho\u0107 wida\u0107 by\u0142o, \u017ce z trudem ukrywa wzruszenie.<\/p>\n<p>Przez pewien czas Sikorski, ze swoimi \u015bwietnymi kontaktami w Waszyngtonie, by\u0142 po\u017cyteczny, torowa\u0142 drog\u0119 do najwa\u017cniejszego sojusznika, mo\u017cna go by\u0142o pokaza\u0107 w Brukseli. Ale kiedy ju\u017c najwa\u017cniejsze decyzje na styku z zagranic\u0105 zosta\u0142y podj\u0119te \u2013 Afganistan zaklepany, fotografie na tle samolotu F16 wykonane, tarcza zapowiedziana, znaczenie Sikorskiego spad\u0142o. Zw\u0142aszcza \u017ce sam minister odczu\u0142, i\u017c w sprawie likwidacji WSI, decyzji i nominacji w wywiadzie i kontrwywiadzie, jest ca\u0142kowicie pomijany. Ministerstwo Obrony Narodowej coraz bardziej stawa\u0142o si\u0119 ministerstwem wojny wewn\u0119trznej.<\/p>\n<p>Sikorski ugi\u0105\u0142 si\u0119 p\u00f3\u0142 roku temu, pisz\u0105c na \u017c\u0105danie Braci wniosek o nominacj\u0119 Antoniego Macierewicza na wiceministra. Ju\u017c wtedy prze\u017cywa\u0142 m\u0119ki i nie ukrywa\u0142, \u017ce post\u0119puje wbrew sobie, ale \u0142udzi\u0142 si\u0119, \u017ce likwidator WSI oraz jego patroni b\u0119d\u0105 go traktowa\u0107 powa\u017cnie.<\/p>\n<p>Nie pom\u00f3g\u0142 antykomunizm wyssany z mlekiem matki, nie pomog\u0142y cokolwiek ch\u0142opi\u0119ce skoki ze spadochronem, nie pomog\u0142y \u015bwietnie dobrane krawaty i nieskazitelny kr\u00f3j garnitur\u00f3w. Wszystko to w oczach Braci nigdy nie by\u0142o wa\u017cne. Sikorski nie by\u0142 sw\u00f3j. To i tylko to si\u0119 liczy\u0142o. Ust\u0105pi\u0142 w ostatniej chwili, \u017ceby nie bra\u0107 odpowiedzialno\u015bci za wyczyny Macierewicza i likwidator\u00f3w, nie odpowiada\u0107 za raport, kt\u00f3rego nawet nie zna, nie by\u0107 rozliczanym za konsekwencje wyprawy do Afganistanu, nie uto\u017csamia\u0107 si\u0119 z Bra\u0107mi, a tym samym pozosta\u0107 w grze, jako \u201eprzedstawiciel Ziemi Bydgoskiej w Senacie\u201d, niezale\u017cny polityk prawicowy, kt\u00f3ry ma ambicje, ma potencja\u0142, ma czas, ma mo\u017cliwo\u015bci i nie musi i\u015b\u0107 na ca\u0142o\u015b\u0107, mo\u017ce poczeka\u0107 na \u0142awce rezerwowych. Zanim zn\u00f3w wyruszy na front.<\/p>\n","protected":false},"excerpt":{"rendered":"<p>Rados\u0142aw Sikorski post\u0105pi\u0142 s\u0142usznie podaj\u0105c si\u0119 do dymisji. Ju\u017c kiedy obejmowa\u0142 stanowisko ministra &#8211; nie pasowa\u0142 do Braci. Trzyma\u0142 si\u0119 z dala od polityki krajowej, przebywa\u0142 za granic\u0105, elegancki, \u015bwiatowy, elokwentny, autor ksi\u0105\u017cek, ustosunkowany za oceanem, lekko pretensjonalny, z \u017con\u0105 \u2013 znan\u0105 dziennikarka ameryka\u0144sk\u0105, kt\u00f3ra wkr\u00f3tce dosta\u0142a nagrod\u0119 Pulitzera. Jako wiceminister Obrony, a potem Spraw [&hellip;]<\/p>\n","protected":false},"author":4,"featured_media":0,"comment_status":"open","ping_status":"open","sticky":false,"template":"","format":"standard","meta":{"footnotes":""},"categories":[1],"tags":[],"_links":{"self":[{"href":"https:\/\/blog.polityka.pl\/passent\/wp-json\/wp\/v2\/posts\/215"}],"collection":[{"href":"https:\/\/blog.polityka.pl\/passent\/wp-json\/wp\/v2\/posts"}],"about":[{"href":"https:\/\/blog.polityka.pl\/passent\/wp-json\/wp\/v2\/types\/post"}],"author":[{"embeddable":true,"href":"https:\/\/blog.polityka.pl\/passent\/wp-json\/wp\/v2\/users\/4"}],"replies":[{"embeddable":true,"href":"https:\/\/blog.polityka.pl\/passent\/wp-json\/wp\/v2\/comments?post=215"}],"version-history":[{"count":0,"href":"https:\/\/blog.polityka.pl\/passent\/wp-json\/wp\/v2\/posts\/215\/revisions"}],"wp:attachment":[{"href":"https:\/\/blog.polityka.pl\/passent\/wp-json\/wp\/v2\/media?parent=215"}],"wp:term":[{"taxonomy":"category","embeddable":true,"href":"https:\/\/blog.polityka.pl\/passent\/wp-json\/wp\/v2\/categories?post=215"},{"taxonomy":"post_tag","embeddable":true,"href":"https:\/\/blog.polityka.pl\/passent\/wp-json\/wp\/v2\/tags?post=215"}],"curies":[{"name":"wp","href":"https:\/\/api.w.org\/{rel}","templated":true}]}}