
{"id":2164,"date":"2013-12-03T22:43:44","date_gmt":"2013-12-03T21:43:44","guid":{"rendered":"http:\/\/passent.blog.polityka.pl\/?p=2164"},"modified":"2014-06-14T09:00:42","modified_gmt":"2014-06-14T07:00:42","slug":"tancza-jak-prezes-zagra","status":"publish","type":"post","link":"https:\/\/blog.polityka.pl\/passent\/2013\/12\/03\/tancza-jak-prezes-zagra\/","title":{"rendered":"Ta\u0144cz\u0105 jak prezes zagra"},"content":{"rendered":"<p>Niebywa\u0142a jest us\u0142u\u017cno\u015b\u0107 najwy\u017cszych w\u0142adz polskich oraz naszych medi\u00f3w wobec prezesa Kaczy\u0144skiego. Prezydent Komorowski zwo\u0142uje posiedzenie Rady Bezpiecze\u0144stwa Narodowego, a Jaros\u0142aw Kaczy\u0144ski, kt\u00f3ry od pocz\u0105tku bojkotuje prezydenta, oznajmia, \u017ce nie we\u017amie udzia\u0142u w rzekomo propagandowym posuni\u0119ciu Komorowskiego i Tuska, i posy\u0142a do pa\u0142acu prezydenckiego laufra, niedosz\u0142ego prezesa zwi\u0105zku pi\u0142ki no\u017cnej, nazwiskiem Ryszard Czarnecki. <!--more--><br \/>\nPa\u0142ac prezydencki, zamiast wzruszy\u0107 ramionami i robi\u0107 swoje, t\u0142umaczy si\u0119, \u017ce rozmowa przez po\u015brednika go nie interesuje, nie jest mo\u017cliwa z punktu widzenia prawa i dodaje, \u017ce do dyspozycji Czarneckiego jest min. Soko\u0142owski. <\/p>\n<p>Bardzo to eleganckie, ale i denerwuj\u0105ce. Minister do dyspozycji laufra, figura do dyspozycji pionka \u2013 czy to nie przesada? Co wi\u0119cej, prezydent Komorowski got\u00f3w jest rozmawia\u0107 z prezesem Kaczy\u0144skim, gdyby ten wyrazi\u0142 zainteresowanie. Ja rozumiem, \u017ce Bronis\u0142aw Komorowski chce by\u0107 prezydentem wszystkich Polak\u00f3w, i ta postawa cieszy si\u0119 aprobat\u0105 w spo\u0142ecze\u0144stwie, ale uleg\u0142o\u015b\u0107 i elegancja wobec kogo\u015b, kto po prostu sobie kpi z prezydenta, budzi zdziwienie.<\/p>\n<p>Polskie media s\u0105 zakochane w Kaczy\u0144skim. Po\u0142owa wszystkich doniesie\u0144 na temat RBN dotyczy\u0142a nieobecno\u015bci prezesa PiS i \u017ca\u0142osnych komentarzy jego akolit\u00f3w, a druga po\u0142owa po\u015bwi\u0119cona by\u0142a wyst\u0119powi Jaros\u0142awa Kaczy\u0144skiego na Majdanie. Kto, co, o czym m\u00f3wi\u0142 na RBN \u2013 niewa\u017cne. Jest za to Kaczy\u0144ski w Kijowie, Kaczy\u0144ski z Kliczk\u0105, Kaczy\u0144ski krytykuje nieobecno\u015b\u0107 Tuska i Sikorskiego, Kaczy\u0144ski na ci\u0119\u017car\u00f3wce, Kaczy\u0144ski przes\u0142oni\u0142 wszystkich i wszystko. <\/p>\n<p>Ten cz\u0142owiek ma jak\u0105\u015b magnetyczn\u0105 si\u0142\u0119, dar skupiania na sobie uwagi. Wieloletnie wysi\u0142ki wszystkich innych polityk\u00f3w polskich zainteresowanych Ukrain\u0105 l\u0105duj\u0105 w Dnieprze, a na powierzchni p\u0142ynie tylko jeden Jaros\u0142aw Kaczy\u0144ski \u2013 s\u0142ynny euroentuzjasta i wypr\u00f3bowany przyjaciel narodu ukrai\u0144skiego. <\/p>\n<p>Nie liczy si\u0119 partnerstwo wschodnie, prawie 30 wizyt Kwa\u015bniewskiego, ponad 20 spotka\u0144 Komorowskiego, systematyczna robota Kowala \u2013 wszystko to drobny py\u0142, liczy si\u0119 tylko prezes. Wok\u00f3\u0142 niego skacz\u0105 wszyscy \u2013 od Pa\u0142acu Prezydenckiego po zafascynowane media. Reszta si\u0119 nie liczy.<\/p>\n<p>PS Podzielam rado\u015b\u0107 jednego z blogowicz\u00f3w, \u017ce (nie pierwszy ju\u017c raz) przekroczyli\u015bmy 500 komentarzy w ci\u0105gu dw\u00f3ch dni. No i Torlin wr\u00f3ci\u0142.<\/p>\n","protected":false},"excerpt":{"rendered":"<p>Niebywa\u0142a jest us\u0142u\u017cno\u015b\u0107 najwy\u017cszych w\u0142adz polskich oraz naszych medi\u00f3w wobec prezesa Kaczy\u0144skiego. Prezydent Komorowski zwo\u0142uje posiedzenie Rady Bezpiecze\u0144stwa Narodowego, a Jaros\u0142aw Kaczy\u0144ski, kt\u00f3ry od pocz\u0105tku bojkotuje prezydenta, oznajmia, \u017ce nie we\u017amie udzia\u0142u w rzekomo propagandowym posuni\u0119ciu Komorowskiego i Tuska, i posy\u0142a do pa\u0142acu prezydenckiego laufra, niedosz\u0142ego prezesa zwi\u0105zku pi\u0142ki no\u017cnej, nazwiskiem Ryszard Czarnecki.<\/p>\n","protected":false},"author":4,"featured_media":0,"comment_status":"open","ping_status":"closed","sticky":false,"template":"","format":"standard","meta":{"footnotes":""},"categories":[1],"tags":[],"_links":{"self":[{"href":"https:\/\/blog.polityka.pl\/passent\/wp-json\/wp\/v2\/posts\/2164"}],"collection":[{"href":"https:\/\/blog.polityka.pl\/passent\/wp-json\/wp\/v2\/posts"}],"about":[{"href":"https:\/\/blog.polityka.pl\/passent\/wp-json\/wp\/v2\/types\/post"}],"author":[{"embeddable":true,"href":"https:\/\/blog.polityka.pl\/passent\/wp-json\/wp\/v2\/users\/4"}],"replies":[{"embeddable":true,"href":"https:\/\/blog.polityka.pl\/passent\/wp-json\/wp\/v2\/comments?post=2164"}],"version-history":[{"count":5,"href":"https:\/\/blog.polityka.pl\/passent\/wp-json\/wp\/v2\/posts\/2164\/revisions"}],"predecessor-version":[{"id":2460,"href":"https:\/\/blog.polityka.pl\/passent\/wp-json\/wp\/v2\/posts\/2164\/revisions\/2460"}],"wp:attachment":[{"href":"https:\/\/blog.polityka.pl\/passent\/wp-json\/wp\/v2\/media?parent=2164"}],"wp:term":[{"taxonomy":"category","embeddable":true,"href":"https:\/\/blog.polityka.pl\/passent\/wp-json\/wp\/v2\/categories?post=2164"},{"taxonomy":"post_tag","embeddable":true,"href":"https:\/\/blog.polityka.pl\/passent\/wp-json\/wp\/v2\/tags?post=2164"}],"curies":[{"name":"wp","href":"https:\/\/api.w.org\/{rel}","templated":true}]}}