
{"id":217,"date":"2007-02-08T06:04:04","date_gmt":"2007-02-08T05:04:04","guid":{"rendered":"http:\/\/passent.blog.polityka.pl\/?p=217"},"modified":"2007-02-07T23:47:25","modified_gmt":"2007-02-07T22:47:25","slug":"good-bye-czyli-adieu","status":"publish","type":"post","link":"https:\/\/blog.polityka.pl\/passent\/2007\/02\/08\/good-bye-czyli-adieu\/","title":{"rendered":"<i>Good-bye<\/i> czyli <i>adieu<\/i>!"},"content":{"rendered":"<p>Najbardziej zaskoczony tym wszystkim, co si\u0119 wydarzy\u0142o w ci\u0105gu minionych kilku dni by\u0142 chyba premier Kaczy\u0144ski. Jeszcze dzie\u0144-dwa temu zapowiada\u0142, \u017ce przegl\u0105d resort\u00f3w nie przyniesie du\u017cych sensacji, jeszcze przedwczoraj uwaga dworzan by\u0142a skupiona na losie ministr\u00f3w Polaczka i Wo\u017aniaka, a tu jedna bomba za drug\u0105. Najbardziej przegrany jest Jaros\u0142aw Kaczy\u0144ski, poniewa\u017c okaza\u0142o si\u0119, \u017ce z jego \u2013 jak dotychczas \u2013 \u015bwietnie naoliwionej maszyny zaczynaj\u0105 wypada\u0107 wa\u017cne tryby. Nie jakie\u015b drobne \u015brubki od rybo\u0142\u00f3wstwa czy od PZPN, ale najwa\u017cniejsze tryby w ka\u017cdym rz\u0105dzie. Jeszcze dwa dni temu premier stopniowa\u0142 napi\u0119cie, \u201eci odlatuj\u0105 \u2013 ci zostaj\u0105\u201d, min. Gosiewski robi\u0142 tajemnicze miny, dziennikarze prze\u015bcigali si\u0119 w domys\u0142ach, a\u017c tu nagle okaza\u0142o si\u0119, \u017ce dw\u00f3ch naprawd\u0119 wa\u017cnych ministr\u00f3w wybi\u0142o si\u0119 na niezale\u017cno\u015b\u0107.<\/p>\n<p>Sikorski powiedzia\u0142 \u201edo\u015b\u0107!\u201d. By\u0107 mo\u017ce czu\u0142 si\u0119 osaczony, by\u0107 mo\u017ce czu\u0142, \u017ce konfliktu z Macierewiczem nie wygra, ale postawi\u0142 wszystko na jedn\u0105 kart\u0119 i wybra\u0142 mniejsze z\u0142o. Wi\u0119kszym z\u0142em by\u0142oby odwo\u0142anie go przez premiera albo dalsze trwanie w roli dumnej marionetki. Tak\u017ce Ludwik Dorn zachwia\u0142 pozycj\u0105 J. Kaczy\u0144skiego. Co prawda powiedzia\u0142, zapewne szczerze, \u017ce to jest jego rz\u0105d, i to jest najlepszy premier po 1989 r., ale faktem jest, \u017ce odm\u00f3wi\u0142 jedzenia z r\u0119ki, pokaza\u0142, \u017ce Kaczy\u0144skiemu mo\u017cna odm\u00f3wi\u0107. To jest <em>novum<\/em>, przynajmniej w kr\u0119gach PiS. Przed nimi odszed\u0142 Stefan Meller, b\u0119d\u0105c w sytuacji troch\u0119 podobnej: fachowiec i d\u017centelmen z poza PiS, kt\u00f3ry mia\u0142 uwiarygodni\u0107 rz\u0105d, ale by\u0142 coraz bardziej o\u015bmieszany, musia\u0142 odwo\u0142ywa\u0107 ambasador\u00f3w tak, jak Sikorski musia\u0142 powo\u0142a\u0107 Macierewicza.<\/p>\n<p>G\u0142owy spadaj\u0105 tak pr\u0119dko, \u017ce nie ma kiedy napisa\u0107 nekrologu. Mo\u017ce zreszt\u0105 by\u0142oby to przedwczesne, ale warto zanotowa\u0107:<\/p>\n<p><strong>Wojciech D\u0104BROWSKI<\/strong> \u2013 wojewoda warszawski i lokalny szef PiS. Stara\u0142 si\u0119 jak m\u00f3g\u0142, dopad\u0142 Hann\u0119 Gronkiewicz-Waltz, wstrzyma\u0142 uznanie Pa\u0142acu Kultury za zabytek, a\u017c sam sta\u0142 si\u0119 zabytkiem. W og\u00f3le nie powinien by\u0142 by\u0107 wojewod\u0105 \u2013 najwy\u017cej w\u00f3jtem, tak s\u0142aby reprezentuje poziom.<\/p>\n<p><strong>Rados\u0142aw SIKORSKI<\/strong> \u2013 minister Obrony. Jeden z najlepszych ministr\u00f3w w rz\u0105dzie J. Kaczy\u0144skiego. Stara\u0142 si\u0119 jak umia\u0142, od dzieci\u0144stwa by\u0142 po w\u0142a\u015bciwej stronie, walczy\u0142 pi\u00f3rem w Afganistanie, by\u0142 najm\u0142odszym wiceministrem Obrony, potem wiceministrem Spraw Zagranicznych, p\u00f3\u017aniej osi\u0105gn\u0105\u0142 znacz\u0105c\u0105 pozycj\u0119 w USA, wreszcie zosta\u0142 ministrem Obrony, pokocha\u0142 ten resort, zagra\u0142 Rosjanom na nosie ujawniaj\u0105c podporz\u0105dkowanie Polski w Uk\u0142adzie Warszawskim wobec plan\u00f3w ZSRR, zwolni\u0142 56 genera\u0142\u00f3w, lata\u0142 F16, skaka\u0142 ze spadochronem, a\u017c wreszcie rozbi\u0142 si\u0119 z powodu konfliktu z Macierewiczem i jego patronami.<\/p>\n<p><strong>Ludwik DORN<\/strong> \u2013 trzeci bli\u017aniak, odwieczny towarzysz broni Braci K., jeden z nielicznych wykszta\u0142ciuch\u00f3w (to jego okre\u015blenie) w rz\u0105dzie, na pewno indywidualno\u015b\u0107, nie tylko na tle p. Fotygi, ale tak\u017ce np. na tle pn\u0105cego si\u0119 w g\u00f3r\u0119 Aleksandra Szczyg\u0142o, raczej bezbarwnego, ale bezwzgl\u0119dnie wiernego wykonawcy woli swoich patron\u00f3w. Id\u0119 o zak\u0142ad, \u017ce min. Szczyg\u0142o nie poda si\u0119 do dymisji, cho\u0107by go traktowano jak Sikorskiego.<\/p>\n<p>Ofiar\u0105 tej wojny na g\u00f3rze pada prawda. Nikt z rz\u0105du nie powiedzia\u0142 otwarcie, dlaczego odeszli dwaj wa\u017cni ministrowie. Mia\u0142a by\u0107 jawno\u015b\u0107, przejrzysto\u015b\u0107, wsp\u00f3\u0142praca z mediami, a tymczasem nawet najbardziej zaufane media i dziennikarze zostali wystrychni\u0119ci na dudka. W po\u0142udnie Piotr Semka m\u00f3wi\u0142 w Radiu TOK, \u017ce to chyba brak komunikacji na linii premier \u2013 minister oraz r\u00f3\u017cnice psychologiczne by\u0142y przyczyn\u0105 dymisji Ludwika Dorna.<\/p>\n<p>W jednym premier Kaczy\u0144ski ma racj\u0119: ci, kt\u00f3rzy ciesz\u0105 si\u0119 z tego, co si\u0119 sta\u0142o \u2013 ciesz\u0105 si\u0119 przedwcze\u015bnie. Ale utrzymywa\u0107, \u017ce nic si\u0119 nie sta\u0142o, \u201ewszystko jest pod kontrol\u0105\u201d, nic nie by\u0142o \u2013 gramy dalej, to chyba przesada. Kilka pi\u00f3r premierowi wyrwano, a bez pi\u00f3r trudno lata\u0107. Jest wreszcie z czego si\u0119 cieszy\u0107 \u2013 dwaj ministrowie odeszli elegancko. Dorn pochwali\u0142 szefa, a Sikorski po\u017cegna\u0142 si\u0119 z pomp\u0105, kt\u00f3ra oznacza\u0142a chyba pocz\u0105tek jego przysz\u0142ej kampanii, ale potem sam si\u0119 wzruszy\u0142 i to mi si\u0119 podoba\u0142o.<\/p>\n<p><strong>PS<\/strong>. Wczoraj by\u0142o \u015bmiesznie od rana do wieczora. Najpierw kto\u015b rano w Radiu TOK, a potem Monika Olejnik wieczorem w \u201eKropce nad i\u201d dziwili si\u0119, \u017ce pani minister Fotyga nie napisa\u0142a artyku\u0142u do \u201eFinancial Times\u201d, w kt\u00f3rym by obja\u015bnia\u0142a polskie stanowisko. Czy media nie mog\u0142yby przesta\u0107 kpi\u0107 z pani minister? Czy zapomnia\u0142y, co pisa\u0142 red. Ziemkiewicz o o\u015bmieszaniu Polski w zachodnich mediach? I czy nie wiedz\u0105, \u017ce w ca\u0142ym rz\u0105dzie by\u0142o dw\u00f3ch ministr\u00f3w, kt\u00f3rzy potrafili napisa\u0107 \u2013 jeden do \u201eLe Figaro\u201d, a drugi do \u201eFinancial Times\u201d, ale obaj si\u0119 wypisali?<\/p>\n","protected":false},"excerpt":{"rendered":"<p>Najbardziej zaskoczony tym wszystkim, co si\u0119 wydarzy\u0142o w ci\u0105gu minionych kilku dni by\u0142 chyba premier Kaczy\u0144ski. Jeszcze dzie\u0144-dwa temu zapowiada\u0142, \u017ce przegl\u0105d resort\u00f3w nie przyniesie du\u017cych sensacji, jeszcze przedwczoraj uwaga dworzan by\u0142a skupiona na losie ministr\u00f3w Polaczka i Wo\u017aniaka, a tu jedna bomba za drug\u0105. Najbardziej przegrany jest Jaros\u0142aw Kaczy\u0144ski, poniewa\u017c okaza\u0142o si\u0119, \u017ce z [&hellip;]<\/p>\n","protected":false},"author":4,"featured_media":0,"comment_status":"open","ping_status":"open","sticky":false,"template":"","format":"standard","meta":{"footnotes":""},"categories":[1],"tags":[],"_links":{"self":[{"href":"https:\/\/blog.polityka.pl\/passent\/wp-json\/wp\/v2\/posts\/217"}],"collection":[{"href":"https:\/\/blog.polityka.pl\/passent\/wp-json\/wp\/v2\/posts"}],"about":[{"href":"https:\/\/blog.polityka.pl\/passent\/wp-json\/wp\/v2\/types\/post"}],"author":[{"embeddable":true,"href":"https:\/\/blog.polityka.pl\/passent\/wp-json\/wp\/v2\/users\/4"}],"replies":[{"embeddable":true,"href":"https:\/\/blog.polityka.pl\/passent\/wp-json\/wp\/v2\/comments?post=217"}],"version-history":[{"count":0,"href":"https:\/\/blog.polityka.pl\/passent\/wp-json\/wp\/v2\/posts\/217\/revisions"}],"wp:attachment":[{"href":"https:\/\/blog.polityka.pl\/passent\/wp-json\/wp\/v2\/media?parent=217"}],"wp:term":[{"taxonomy":"category","embeddable":true,"href":"https:\/\/blog.polityka.pl\/passent\/wp-json\/wp\/v2\/categories?post=217"},{"taxonomy":"post_tag","embeddable":true,"href":"https:\/\/blog.polityka.pl\/passent\/wp-json\/wp\/v2\/tags?post=217"}],"curies":[{"name":"wp","href":"https:\/\/api.w.org\/{rel}","templated":true}]}}