
{"id":2174,"date":"2013-12-15T14:42:30","date_gmt":"2013-12-15T13:42:30","guid":{"rendered":"http:\/\/passent.blog.polityka.pl\/?p=2174"},"modified":"2014-01-23T11:13:19","modified_gmt":"2014-01-23T10:13:19","slug":"dwie-twarze-politykow","status":"publish","type":"post","link":"https:\/\/blog.polityka.pl\/passent\/2013\/12\/15\/dwie-twarze-politykow\/","title":{"rendered":"Dwie twarze polityk\u00f3w"},"content":{"rendered":"<p>Miniony weekend by\u0142 bogaty w wydarzenia polityczne, ale nie napawa\u0142 optymizmem. Wydarzeniem nr 1 by\u0142a Rada Krajowa PO, podczas kt\u00f3rej wybrano nowe w\u0142adze partii. Donald Tusk umocni\u0142 swoj\u0105 pozycj\u0119 \u2013 premier, przewodnicz\u0105cy partii, marsza\u0142kini Sejmu, marsza\u0142ek Senatu , minister Obrony, prezydent Warszawy, najwa\u017cniejsze regiony  \u2013 wszystko to ludzie, na kt\u00f3rych mo\u017ce liczy\u0107. Donald Tusk pokaza\u0142 dwie twarze \u2013 demokraty i egzekutora. Wykorzystuj\u0105c mechanizmy demokracji, wyrugowa\u0142 swojego antagonist\u0119 (?) ze wszystkich stanowisk partyjnych.   <!--more--><\/p>\n<p>Grzegorz Schetyna przegra\u0142 na ca\u0142ej linii. Zagadkowe  jest to, \u017ce do ko\u0144ca nie by\u0142o wiadomo o co chodzi\u0142o w sporze  Schetyna \u2013 Tusk, poza walk\u0105 o w\u0142adz\u0119. Po\u015brednio potwierdzi\u0142 to Tusk m\u00f3wi\u0105c, \u017ce nie mo\u017cna gra\u0107 na os\u0142abienie przewodnicz\u0105cego \u2013 czytaj: widocznie o to chodzi\u0142o Schetynie. Tusk raz jeszcze potwierdzi\u0142, \u017ce jest politykiem skutecznym. Unieszkodliwi\u0142 zar\u00f3wno Gowina, kt\u00f3ry otwarcie rzuca\u0142 mu wyzwanie, jak i Schetyn\u0119, kt\u00f3ry dzia\u0142a\u0142 za kulisami.<br \/>\nBratob\u00f3jcze konflikty drogo kosztowa\u0142y Platform\u0119, na pewno przyczyni\u0142y si\u0119 do spadku jej notowa\u0144; kosztowa\u0142y tak\u017ce Polsk\u0119, gdy\u017c premier i jego otoczenie zaj\u0119ci byli sob\u0105, swoj\u0105  przysz\u0142o\u015bci\u0105, na pewno nie mogli w ca\u0142o\u015bci  po\u015bwi\u0119ci\u0107 si\u0119 pracy na swoich stanowiskach. Mo\u017ce kiedy\u015b kto\u015b opisze dezintegracj\u0119 Platformy. A mo\u017ce Tusk dobi\u0142 Schetyn\u0119 ze wzgl\u0119du na afer\u0119 informatyczn\u0105? Po\u017cyjemy, zobaczymy. W ka\u017cdym razie tajniki sporu Tusk \u2013 Schetyna to jeden z najlepiej chronionych sekret\u00f3w   w polskiej polityce i wyzwanie dla komentator\u00f3w. Co i jak robi\u0142 Schetyna? \u2013 oto jest pytanie dla obrotnych dziennikarzy.<br \/>\nPo  stronie opozycji mieli\u015bmy manifestacj\u0119 PiS i zgromadzenie SLD.<br \/>\nPrawo i Sprawiedliwo\u015b\u0107 13 grudnia zgromadzi\u0142o kilka tysi\u0119cy wiernych . Prezes Kaczy\u0144ski powt\u00f3rzy\u0142, \u017ce Polska znajduje si\u0119 w stanie upadku, prze\u017cywa jeden z najgorszych moment\u00f3w w swojej historii. S\u0105 ludzie, kt\u00f3rzy w te brednie wierz\u0105, nie my\u015bl\u0105 o zaborach, okupacji, stalinizmie \u2013 dla nich symbolem upadku jest III RP Tuska. Nota bene w tych dniach Andrzej Rozenek wy\u015bmiewa\u0142 si\u0119 z Jaros\u0142awa Kaczy\u0144skiego, dlatego, \u017ce  ten nie by\u0142 internowany, ani nawet nie znajdowa\u0142 si\u0119  na li\u015bcie do internowania.  Ta wypowied\u017a pos\u0142a Rozenka by\u0142a nie fair wobec Kaczy\u0144skiego. Rozenek jest zbyt m\u0142ody, \u017ceby wiedzie\u0107, wobec jakich wybor\u00f3w stali w\u00f3wczas ludzie, jakie grozi\u0142y im niebezpiecze\u0144stwa. \u0141atwo m\u0142odemu cz\u0142owiekowi dzisiaj \u015bmia\u0107 si\u0119 z dawnych dzia\u0142aczy opozycji.  Owszem,  J. Kaczy\u0144ski jest zagro\u017ceniem dla Polski, ale nie mam do niego pretensji, \u017ce w PRL nie by\u0142 internowany. O ile wiem, pose\u0142 Rozenek te\u017c nie siedzia\u0142&#8230;<br \/>\nPoza tym prezes obieca\u0142, \u017ce znajdzie si\u0119 bilion z\u0142otych na rozw\u00f3j. Jak go znale\u017a\u0107 \u2013 tego si\u0119 dopiero dowiemy.  Fakt, \u017ce Kaczy\u0144ski i PiS toleruj\u0105 w swoim pochodzie anty-unijne transparenty ze swastyk\u0105 \u015bwiadczy, \u017ce  albo prezes nie kontroluje w\u0142asnej demonstracji, albo celowo  toleruje oszo\u0142om\u00f3w,  bo musi si\u0119 z nimi liczy\u0107 i s\u0105 mu wygodni, bo \u201erobi\u0105 frekwencj\u0119\u201d i zabezpieczaj\u0105 praw\u0105 flank\u0119. Widok prezesa, kt\u00f3ry w Kijowie, na Majdanie, ci\u0105gnie Ukrain\u0119 do Unii, a w swoim pochodzie Warszawie toleruje (?) anty-unijne obelgi, pokazuje jego dwie twarze. Twardy elektorat PiS jest jednak tak wierny i za\u015blepiony, \u017ce tego nie widzi.<br \/>\nW odr\u00f3\u017cnieniu od prezesa, Leszek Miller pokaza\u0142 sk\u0105d wzi\u0105\u0107 pieni\u0105dze i zasili\u0107 bud\u017cet: opodatkowa\u0107 transakcje finansowe i podnie\u015b\u0107 podatek dla najbogatszych.  Nie jest ju\u017c \u201elibera\u0142em\u201d, kt\u00f3ry stawia na podatek liniowy, teraz skr\u0119ca w lewo.  \u2013 Trzeba mie\u0107 odwag\u0119, \u017ceby si\u0119ga\u0107 do kieszeni najbogatszych \u2013 powiedzia\u0142. Oczywi\u015bcie, to nie jest populizm, bro\u0144 Bo\u017ce!  Miller szykuje si\u0119 do w\u0142adzy jako koalicjant Platformy. Taka koalicja mia\u0142aby t\u0119 zalet\u0119, \u017ce nabra\u0142aby troch\u0119 rumie\u0144c\u00f3w w sprawach \u015bwiatopogl\u0105dowych, kt\u00f3re ostro\u017cny i realistyczny  Donald Tusk omija szerokim echem.<\/p>\n","protected":false},"excerpt":{"rendered":"<p>Miniony weekend by\u0142 bogaty w wydarzenia polityczne, ale nie napawa\u0142 optymizmem. Wydarzeniem nr 1 by\u0142a Rada Krajowa PO, podczas kt\u00f3rej wybrano nowe w\u0142adze partii. Donald Tusk umocni\u0142 swoj\u0105 pozycj\u0119 \u2013 premier, przewodnicz\u0105cy partii, marsza\u0142kini Sejmu, marsza\u0142ek Senatu , minister Obrony, prezydent Warszawy, najwa\u017cniejsze regiony \u2013 wszystko to ludzie, na kt\u00f3rych mo\u017ce liczy\u0107. Donald Tusk pokaza\u0142 [&hellip;]<\/p>\n","protected":false},"author":4,"featured_media":0,"comment_status":"open","ping_status":"closed","sticky":false,"template":"","format":"standard","meta":{"footnotes":""},"categories":[1],"tags":[],"_links":{"self":[{"href":"https:\/\/blog.polityka.pl\/passent\/wp-json\/wp\/v2\/posts\/2174"}],"collection":[{"href":"https:\/\/blog.polityka.pl\/passent\/wp-json\/wp\/v2\/posts"}],"about":[{"href":"https:\/\/blog.polityka.pl\/passent\/wp-json\/wp\/v2\/types\/post"}],"author":[{"embeddable":true,"href":"https:\/\/blog.polityka.pl\/passent\/wp-json\/wp\/v2\/users\/4"}],"replies":[{"embeddable":true,"href":"https:\/\/blog.polityka.pl\/passent\/wp-json\/wp\/v2\/comments?post=2174"}],"version-history":[{"count":3,"href":"https:\/\/blog.polityka.pl\/passent\/wp-json\/wp\/v2\/posts\/2174\/revisions"}],"predecessor-version":[{"id":2210,"href":"https:\/\/blog.polityka.pl\/passent\/wp-json\/wp\/v2\/posts\/2174\/revisions\/2210"}],"wp:attachment":[{"href":"https:\/\/blog.polityka.pl\/passent\/wp-json\/wp\/v2\/media?parent=2174"}],"wp:term":[{"taxonomy":"category","embeddable":true,"href":"https:\/\/blog.polityka.pl\/passent\/wp-json\/wp\/v2\/categories?post=2174"},{"taxonomy":"post_tag","embeddable":true,"href":"https:\/\/blog.polityka.pl\/passent\/wp-json\/wp\/v2\/tags?post=2174"}],"curies":[{"name":"wp","href":"https:\/\/api.w.org\/{rel}","templated":true}]}}