
{"id":2181,"date":"2013-12-22T22:41:13","date_gmt":"2013-12-22T21:41:13","guid":{"rendered":"http:\/\/passent.blog.polityka.pl\/?p=2181"},"modified":"2014-01-23T11:12:48","modified_gmt":"2014-01-23T10:12:48","slug":"bombki-choinkowe","status":"publish","type":"post","link":"https:\/\/blog.polityka.pl\/passent\/2013\/12\/22\/bombki-choinkowe\/","title":{"rendered":"Bombki choinkowe"},"content":{"rendered":"<p>W po\u0142owie grudnia wybuch\u0142a bombka choinkowa. Okazuje si\u0119, \u017ce Komisja Kodyfikacyjna prawa karnego przy ministrze Sprawiedliwo\u015bci, przygotowa\u0142a projekt zmian w ustawie o ochronie zdrowia i \u017cycia cz\u0142owieka. Projekt przewiduje, \u017ce zakazy karne chroni\u0105ce zdrowie i \u017cycie cz\u0142owieka obejm\u0105 tak\u017ce dziecko pocz\u0119te zdolne do \u017cycia poza p\u0142odem. Czytaj:  zaostrzenie \u201ekompromisu\u201d jakim rzekomo jest obecnie obowi\u0105zuj\u0105ca ustawa \u201eaborcyjna\u201d.  Zapytany o t\u0119 rewelacj\u0119 premier Tusk powiedzia\u0142, \u017ce ani on, ani rz\u0105d,  ani \u017cadne ministerstwo \u201enie pracuj\u0105\u201d  nad zmian\u0105 ustawy antyaborcyjnej, nie zamierza on otwiera\u0107 tego frontu. Podobno r\u00f3wnie\u017c min. Biernacki  wypowiedzia\u0142 si\u0119 w tym duchu. Ale, jak ca\u0142kiem s\u0142usznie zwraca uwag\u0119 prof. \u0141\u0119towska w wywiadzie dla Krytyki Politycznej, Komisja Kodyfikacyjna jest cia\u0142em oficjalnym, powo\u0142anym przez premiera na wniosek ministra, wi\u0119c co\u015b tu nie gra.<!--more--><br \/>\nBy\u0107 mo\u017ce na razie nie otwiera si\u0119 frontalnie sporu o aborcj\u0119, ale jej przeciwnicy z prawej strony ju\u017c si\u0119 krz\u0105taj\u0105. Komisja Kodyfikacyjna sk\u0142ada si\u0119 z 17 os\u00f3b, w tym jednej (!) kobiety, kt\u00f3ra jest profesorem KUL. Pani \u0141\u0119towska s\u0142usznie zauwa\u017ca, \u017ce dyskurs publiczny w Polsce przesuwa si\u0119 stopniowo (\u201ekropelkowo\u201d) na prawo. To, co w latach 90. by\u0142o \u201ekompromisem\u201d, dzi\u015b \u2013 jak ustawa \u201eaborcyjna\u201d \u2013  jest ju\u017c kwestionowane jednomy\u015blnie (!) przez Komisj\u0119 Kodyfikacyjn\u0105. Jaki musi by\u0107 sk\u0142ad tej komisji, je\u015bli projekt przyj\u0119to jednog\u0142o\u015bnie?<br \/>\nInnym przyk\u0142adem przesuwania si\u0119 na prawo jest katecheza w szko\u0142ach publicznych. Najpierw zosta\u0142a przywr\u00f3cona, potem ocena z religii wesz\u0142a do przeci\u0119tnej, a\u017c pojawi\u0142 si\u0119 postulat wprowadzenia jej na egzamin i \u015bwiadectwo maturalne. Kolejnym przyk\u0142adem jest awantura o \u201egender\u201d. Jeszcze par\u0119 lat temu gender interesowa\u0142 kilka, kilkana\u015bcie m\u0142odych naukowc\u00f3w, kt\u00f3rzy (-re) spotykali si\u0119 na jednym seminarium. Dzisiaj okazuje si\u0119, \u017ce jest to wielkie zagro\u017cenie, temat listu biskup\u00f3w odczytywanego we wszystkich parafiach. Sk\u0105d taka kariera genderu w Polsce? Po pierwsze, z braku r\u00f3wnouprawnienia i sprowadzania przez wiele os\u00f3b roli kobiety do trzech K \u2013 Kinder, Kuche, Kirche, i \u2013 po drugie \u2013 z tego, \u017ce ofensywa przeciw gender pozwala odwr\u00f3ci\u0107 uwag\u0119 od pedofilii. Gdyby Ko\u015bci\u00f3\u0142 w Polsce z tak\u0105 energi\u0105 zwalcza\u0142 pedofili\u0119 jak zwalcza gender, to Polska by\u0142aby wolna od pedofilii, przynajmniej w Ko\u015bciele.<br \/>\nInne bombki na politycznej choince: minister Ar\u0142ukowicz dosta\u0142  od premiera czas do wiosny na opracowanie sposobu skr\u00f3cenia kolejek do lekarzy \u2013 specjalist\u00f3w. Ciekawe, dlaczego \u017caden rz\u0105d nie zrobi\u0142 tego dotychczas i jakiego kr\u00f3lika z kapelusza wyci\u0105gnie minister A. Ochrona zdrowia w Polsce (i w wielu innych krajach, np. USA) to jest kwadratura ko\u0142a, statystycznie jest lepiej,  spada \u015bmiertelno\u015b\u0107  niemowl\u0105t, wyd\u0142u\u017ca si\u0119 przeci\u0119tne \u017cycia ludzkiego, a subiektywnie ludzie m\u0119cz\u0105 si\u0119 i narzekaj\u0105.<br \/>\nA co u premiera Tuska? Powiedzia\u0142, \u017ce Leszek Miller by\u0142by lepszym koalicjantem ni\u017c Jaros\u0142aw Kaczy\u0144ski (nie jest to wielkie odkrycie), a on sam nie wybiera si\u0119 do Komisji Europejskiej. Dobre i to.<br \/>\nA co u prezydenta Putina? Mocno przytuli\u0142 Ukrain\u0119 Janukowicza, szerokim gestem wypu\u015bci\u0142 Chodorkowskiego i smaruje ju\u017c narty na Soczi.<br \/>\nI to by by\u0142o na tyle, jak mawia\u0142 Jan Tadeusz Stanis\u0142awski. \u017bycz\u0119 wielu barwnych bombek na politycznej choince!<\/p>\n","protected":false},"excerpt":{"rendered":"<p>W po\u0142owie grudnia wybuch\u0142a bombka choinkowa. Okazuje si\u0119, \u017ce Komisja Kodyfikacyjna prawa karnego przy ministrze Sprawiedliwo\u015bci, przygotowa\u0142a projekt zmian w ustawie o ochronie zdrowia i \u017cycia cz\u0142owieka. Projekt przewiduje, \u017ce zakazy karne chroni\u0105ce zdrowie i \u017cycie cz\u0142owieka obejm\u0105 tak\u017ce dziecko pocz\u0119te zdolne do \u017cycia poza p\u0142odem. Czytaj: zaostrzenie \u201ekompromisu\u201d jakim rzekomo jest obecnie obowi\u0105zuj\u0105ca ustawa [&hellip;]<\/p>\n","protected":false},"author":4,"featured_media":0,"comment_status":"open","ping_status":"closed","sticky":false,"template":"","format":"standard","meta":{"footnotes":""},"categories":[1],"tags":[],"_links":{"self":[{"href":"https:\/\/blog.polityka.pl\/passent\/wp-json\/wp\/v2\/posts\/2181"}],"collection":[{"href":"https:\/\/blog.polityka.pl\/passent\/wp-json\/wp\/v2\/posts"}],"about":[{"href":"https:\/\/blog.polityka.pl\/passent\/wp-json\/wp\/v2\/types\/post"}],"author":[{"embeddable":true,"href":"https:\/\/blog.polityka.pl\/passent\/wp-json\/wp\/v2\/users\/4"}],"replies":[{"embeddable":true,"href":"https:\/\/blog.polityka.pl\/passent\/wp-json\/wp\/v2\/comments?post=2181"}],"version-history":[{"count":5,"href":"https:\/\/blog.polityka.pl\/passent\/wp-json\/wp\/v2\/posts\/2181\/revisions"}],"predecessor-version":[{"id":2207,"href":"https:\/\/blog.polityka.pl\/passent\/wp-json\/wp\/v2\/posts\/2181\/revisions\/2207"}],"wp:attachment":[{"href":"https:\/\/blog.polityka.pl\/passent\/wp-json\/wp\/v2\/media?parent=2181"}],"wp:term":[{"taxonomy":"category","embeddable":true,"href":"https:\/\/blog.polityka.pl\/passent\/wp-json\/wp\/v2\/categories?post=2181"},{"taxonomy":"post_tag","embeddable":true,"href":"https:\/\/blog.polityka.pl\/passent\/wp-json\/wp\/v2\/tags?post=2181"}],"curies":[{"name":"wp","href":"https:\/\/api.w.org\/{rel}","templated":true}]}}