
{"id":2186,"date":"2014-01-03T16:11:06","date_gmt":"2014-01-03T15:11:06","guid":{"rendered":"http:\/\/passent.blog.polityka.pl\/?p=2186"},"modified":"2014-01-23T11:12:39","modified_gmt":"2014-01-23T10:12:39","slug":"majstersztyki","status":"publish","type":"post","link":"https:\/\/blog.polityka.pl\/passent\/2014\/01\/03\/majstersztyki\/","title":{"rendered":"Majstersztyki"},"content":{"rendered":"<p>Staram si\u0119 nie przepuszcza\u0107 \u017cadnego tekstu  prof. Bronis\u0142awa \u0141agowskiego i nigdy tego nie \u017ca\u0142uj\u0119. To jeden z najlepszych, a mo\u017ce  w og\u00f3le najlepszy komentator polityczny w Polsce.  Ma on na naszym blogu (i nie tylko) wielu zwolennik\u00f3w. W ankiecie \u201eGW\u201d na bubel i majstersztyk ubieg\u0142ego roku, za majstersztyk uznaje profesor ustaw\u0119 o OFE. <!--more--><\/p>\n<p>Moim skromnym zdaniem, takiej dobrej analizy nikt inny nie da\u0142, nikt lepiej nie wyja\u015bni\u0142 sk\u0105d taka dramatyczna ofensywa przeciwko projektowi min. Rostowskiego.   Streszczam nieudolnie i z grubsza. Autorowi chodzi o aspekty ustrojowe. Demokracja jest ustrojem mieszanym, sk\u0142ada si\u0119 z samej  demokracji oraz z oligarchii. Ta druga potrzebna jest w niedu\u017cej dawce, ale co za du\u017co to niezdrowo.  W sporze o OFE  demokracja (w\u0142adza z wybor\u00f3w) star\u0142a si\u0119 z oligarchi\u0105 (rynki mi\u0119dzynarodowe, spekulanci, bogacze, kapitali\u015bci).  Ka\u017cdy m\u00f3g\u0142 zobaczy\u0107 \u2013 pisze B.\u0141. \u2013 jak dzia\u0142a oligarchia, jak zniekszta\u0142ca obraz rzeczywisto\u015bci (\u201erz\u0105d dokonuje skoku na oszcz\u0119dno\u015bci 16 mln Polak\u00f3w\u201d, \u201erz\u0105d nacjonalizuje prywatne oszcz\u0119dno\u015bci Polak\u00f3w\u201d), jak manipuluje przekazem TV, jak gra na nieufno\u015bci do pa\u0144stwa.<br \/>\nOligarchia polska, ale z udzia\u0142em z udzia\u0142em i naciskiem  zagranicznym,   spowodowa\u0142a, \u017ce wszyscy aktywni zawodowo obywatele s\u0105 zmuszani do inwestowania znacznej cz\u0119\u015bci swoich dochod\u00f3w na gie\u0142dzie, co jest eksperymentem na skal\u0119 \u015bwiatow\u0105.  Zanim trafi na gie\u0142d\u0119 wzbogaca instytucje oligarchiczne bez \u017cadnego dla nich ryzyka, a nast\u0119pnie staje si\u0119 przedmiotem gie\u0142dowej  spekulacji. Oligarchia wyda\u0142a demokratycznemu rz\u0105dowi bezwzgl\u0119dn\u0105 walk\u0119, przy wsparciu medi\u00f3w zagranicznych. \u201eRz\u0105d ca\u0142kiem s\u0142aby, lub bez Jacka Rostowskiego cofn\u0105\u0142by si\u0119 przed tak\u0105 oligarchiczn\u0105 nawa\u0142\u0105\u201d. W konsekwencji prof. \u0141agowski uznaje skromn\u0105 reform\u0119 OFE za majstersztyk ubieg\u0142ego roku.<br \/>\nZ kolei profesor i publicysta Klaus Bachmann za majstersztyk uznaje wylansowanie przez prawic\u0119  \u201e\u017co\u0142nierzy wykl\u0119tych\u201d na powszechnie uznanych bohater\u00f3w polskiej historii. Pod mglistym okre\u015bleniem \u201e\u017co\u0142nierzy wykl\u0119tych\u201d kryj\u0105 si\u0119 ofiary PRL, kt\u00f3re ze sob\u0105 nie mia\u0142y wiele wsp\u00f3lnego. \u201eW ten spos\u00f3b walcz\u0105cy z przekonania, zwykli rabusie, ludzie bez wyj\u015bcia i nadziei znajduj\u0105 si\u0119 w jednym wsp\u00f3lnym worku ofiar komunist\u00f3w. (\u2026) W  kraju bez komunist\u00f3w b\u0119dziemy mieli radykalnych, niez\u0142omnych antykomunist\u00f3w, kt\u00f3rzy b\u0119d\u0105 mogli walczy\u0107 z wyimaginowanymi komunistami, to znaczy  tymi, kt\u00f3rzy nie powo\u0142uj\u0105 si\u0119 na mgliste dziedzictwo \u2018wykl\u0119tych\u2019 i sami nie roszcz\u0105 sobie pretensji,  \u017ce kto\u015b ich wykl\u0105\u0142. Mi\u0119dzy Bugiem i Odr\u0105 polskie samorz\u0105dy stawiaj\u0105 kolejne pomniki \u2018wykl\u0119tym\u2019, nawet tam, gdzie ich nigdy nie by\u0142o i nie mog\u0142o by\u0107 i gdzie wobec tego nikt ich nie m\u00f3g\u0142 wykl\u0105\u0107\u201d.<br \/>\nWypowiedzi profesor\u00f3w  \u0141agowskiego i Bachmanna to prawdziwe majstersztyki, jak ma\u0142o co ujawniaj\u0105 mechanizmy naszego \u017cycia politycznego.  Je\u015bli reform\u0119 OFE uzna\u0107 za produkt lewicy, a \u201e\u017co\u0142nierzy wykl\u0119tych\u201d za pomys\u0142 prawicy, to rok ubieg\u0142y sko\u0144czy\u0142 si\u0119 remisem 1:1.  Obu panom dzi\u0119kuj\u0119 i \u017cycz\u0119 wielu udanych komentarzy w  2014 roku.<\/p>\n","protected":false},"excerpt":{"rendered":"<p>Staram si\u0119 nie przepuszcza\u0107 \u017cadnego tekstu prof. Bronis\u0142awa \u0141agowskiego i nigdy tego nie \u017ca\u0142uj\u0119. To jeden z najlepszych, a mo\u017ce w og\u00f3le najlepszy komentator polityczny w Polsce. Ma on na naszym blogu (i nie tylko) wielu zwolennik\u00f3w. W ankiecie \u201eGW\u201d na bubel i majstersztyk ubieg\u0142ego roku, za majstersztyk uznaje profesor ustaw\u0119 o OFE.<\/p>\n","protected":false},"author":4,"featured_media":0,"comment_status":"open","ping_status":"closed","sticky":false,"template":"","format":"standard","meta":{"footnotes":""},"categories":[1],"tags":[],"_links":{"self":[{"href":"https:\/\/blog.polityka.pl\/passent\/wp-json\/wp\/v2\/posts\/2186"}],"collection":[{"href":"https:\/\/blog.polityka.pl\/passent\/wp-json\/wp\/v2\/posts"}],"about":[{"href":"https:\/\/blog.polityka.pl\/passent\/wp-json\/wp\/v2\/types\/post"}],"author":[{"embeddable":true,"href":"https:\/\/blog.polityka.pl\/passent\/wp-json\/wp\/v2\/users\/4"}],"replies":[{"embeddable":true,"href":"https:\/\/blog.polityka.pl\/passent\/wp-json\/wp\/v2\/comments?post=2186"}],"version-history":[{"count":3,"href":"https:\/\/blog.polityka.pl\/passent\/wp-json\/wp\/v2\/posts\/2186\/revisions"}],"predecessor-version":[{"id":2206,"href":"https:\/\/blog.polityka.pl\/passent\/wp-json\/wp\/v2\/posts\/2186\/revisions\/2206"}],"wp:attachment":[{"href":"https:\/\/blog.polityka.pl\/passent\/wp-json\/wp\/v2\/media?parent=2186"}],"wp:term":[{"taxonomy":"category","embeddable":true,"href":"https:\/\/blog.polityka.pl\/passent\/wp-json\/wp\/v2\/categories?post=2186"},{"taxonomy":"post_tag","embeddable":true,"href":"https:\/\/blog.polityka.pl\/passent\/wp-json\/wp\/v2\/tags?post=2186"}],"curies":[{"name":"wp","href":"https:\/\/api.w.org\/{rel}","templated":true}]}}