
{"id":219,"date":"2007-02-12T06:47:24","date_gmt":"2007-02-12T05:47:24","guid":{"rendered":"http:\/\/passent.blog.polityka.pl\/?p=219"},"modified":"2007-02-12T11:20:19","modified_gmt":"2007-02-12T10:20:19","slug":"%e2%80%9ejedza-pija-lulki-pala%e2%80%9d","status":"publish","type":"post","link":"https:\/\/blog.polityka.pl\/passent\/2007\/02\/12\/%e2%80%9ejedza-pija-lulki-pala%e2%80%9d\/","title":{"rendered":"\u201eJedz\u0105, pij\u0105, lulki pal\u0105\u201d"},"content":{"rendered":"<p>W ci\u0105gu ostatnich 14 miesi\u0119cy zabrak\u0142o przedstawicieli Polski na kilku wa\u017cnych spotkaniach. Najpierw by\u0142o od\u0142o\u017cenie w ostatniej chwili \u201eszczytu weimarskiego\u201d z powodu niedyspozycji zdrowotnej prezydenta. Niekt\u00f3rzy komentatorzy uwa\u017cali, \u017ce prezydentowi zaszkodzi\u0142 gor\u0105cy kartofel z \u201eTageszeitung\u201d. Odwo\u0142anie udzia\u0142u w spotkaniu na tak wysokim szczeblu zdarza si\u0119 bardzo rzadko. Gdyby to by\u0142 izolowany przypadek, mo\u017cna by go uzna\u0107 za losowy. Ale p\u00f3\u017aniej dowiedzieli\u015bmy si\u0119, \u017ce pani minister Spraw Zagranicznych zatrzyma\u0142a wyjazdy jednego, czy nawet dw\u00f3ch swoich zast\u0119pc\u00f3w. Nast\u0119pnie gruchn\u0119\u0142a wie\u015b\u0107, \u017ce nikt nie b\u0119dzie reprezentowa\u0142 Polski na tradycyjnym spotkaniu w Davos, gdzie spotyka si\u0119 elita rz\u0105dowa, biznesowa i \u201eoko\u0142opolityczna\u201d. Opinia publiczna otrzyma\u0142a tajemnicze wyt\u0142umaczenie, \u017ce organizatorzy \u201enie byli w stanie\u201d przygotowa\u0107 wizyty. Jak to si\u0119 sta\u0142o, \u017ce Szwajcarzy zawiedli akurat nas \u2013 nigdy nie powiedziano. Wiemy tyle samo, co o przyczynach dymisji min. Dorna \u2013 nie nasza sprawa, nie musimy wiedzie\u0107.<\/p>\n<p>Z kolei minister Szczyg\u0142o nie polecia\u0142 do Sewilli na konferencj\u0119 ministr\u00f3w obrony, poniewa\u017c akurat przejmowa\u0142 resort, i \u2013 jak sam powiedzia\u0142 \u2013 mia\u0142 pilniejsze sprawy. Wreszcie w tych dniach, na wa\u017cnym spotkaniu w Monachium, dotycz\u0105cym strategii i polityki, gdzie kolejny raz spotka\u0142 si\u0119 prezydent Putin z kanclerz Merkel i z sekretarzem\u00a0Obrony USA \u2013 nas nie by\u0142o. To znaczy byli\u015bmy, ale na poziomie dyrektora departamentu i przewodnicz\u0105cego komisji sejmowej, kt\u00f3rego \u017caden portier nie dopu\u015bci do mo\u017cnych tego \u015bwiata. Trudno sobie wyobrazi\u0107, \u017ce Putin pyta pani\u0105 Merkel, czy nie wie, gdzie jest ten polski dyrektor, bo szuka go po ca\u0142ym hotelu i nie mo\u017ce go znale\u017a\u0107. Mo\u017ce poszed\u0142 do Pinakoteki? W uzasadnianiu nieobecno\u015bci wa\u017cnego polskiego polityka w Monachium, pose\u0142 Kuchci\u0144ski osi\u0105gn\u0105\u0142 szczyty: lepiej, \u017ce nie pojecha\u0142 \u2013 powiedzia\u0142 &#8211; bo gdyby us\u0142ysza\u0142 przem\u00f3wienie Putina, to musia\u0142by wyj\u015b\u0107, trzasn\u0105\u0107 drzwiami, albo uderzy\u0107 r\u0119k\u0105 w st\u00f3\u0142!<\/p>\n<p>Jak wyt\u0142umaczy\u0107 te spektakularne nieobecno\u015bci?<\/p>\n<p><strong>Po pierwsze<\/strong> \u2013 bracia Kaczy\u0144scy nie ukrywaj\u0105 swojej dezaprobaty dla salon\u00f3w. Uwa\u017caj\u0105, \u017ce to s\u0105 luksusowe, ale bezu\u017cyteczne pokaz\u00f3wki, na kt\u00f3rych \u201eelita\u201d wymienia u\u015bciski, poklepuje (jak to z lubo\u015bci\u0105 czyni\u0142 prezydent Kwa\u015bniewski) po ramieniu, czuli si\u0119 i migdali. S\u0142owem, \u201ejedz\u0105, pij\u0105, lulki pal\u0105\u201d. By\u0107 mo\u017ce ich absencja zostanie doceniona przez polskich wyborc\u00f3w, kt\u00f3rym spodoba si\u0119 skromno\u015b\u0107 polityk\u00f3w PiS. Wyczuwa\u0107 nastroje bracia Kaczy\u0144scy umiej\u0105.<\/p>\n<p><strong>Po drugie<\/strong> \u2013 premier i prezydent sami \u017ale si\u0119 w takich sytuacjach czuj\u0105. Podobno im mniejsze grono \u2013 tym bardziej s\u0105 sympatyczni. To politycy kameralni, mistrzowie (zw\u0142aszcza jeden z nich) zakulisowych manewr\u00f3w i rozgrywek. \u0179le si\u0119 czuj\u0105 w \u015bwietle jupiter\u00f3w, kiedy trzeba brylowa\u0107, w dodatku w obcych j\u0119zykach. Mo\u017ce s\u0105 po prostu nie\u015bmiali. Mieli premiera Marcinkiewicza, kt\u00f3ry uwielbia\u0142 wielki \u015bwiat, to si\u0119 go pozbyli. B\u0119dzie m\u00f3g\u0142 brylowa\u0107 w Londynie.<\/p>\n<p><strong>Po trzecie<\/strong> \u2013 pp. Kaczy\u0144scy otaczaj\u0105 si\u0119 lud\u017ami, kt\u00f3rzy do salon\u00f3w nie pasuj\u0105, a ci, kt\u00f3rym w salonach do twarzy \u2013 jak Rados\u0142aw Sikorski \u2013 \u017ale czuj\u0105 si\u0119 w ich towarzystwie. Zamiast premiera m\u00f3g\u0142by pojecha\u0107 wicepremier albo minister Spraw Zagranicznych, ale stanowiska te pe\u0142ni\u0105 ju\u017c ludzie jak\u017ce odmienni od swoich poprzednik\u00f3w \u2013 Bartoszewskiego czy Mellera,\u00a0kt\u00f3rzy mogli godnie reprezentowa\u0107 swoich prze\u0142o\u017conych.<\/p>\n<p><strong>Po czwarte<\/strong> \u2013 pp. Kaczy\u0144scy s\u0105 bardzo nieufni wobec zagranicy. W Polsce wiedz\u0105 wszystko o wszystkich, umiej\u0105 si\u0119 porusza\u0107 z zamkni\u0119tymi oczami, a w razie czego do pomocy maj\u0105 archiwa i s\u0142u\u017cby. Zagranica to dla nich teren pe\u0142en zagadek i zasadzek, gdzie trudno przyjaci\u00f3\u0142, a \u0142atwo o rozb\u00f3jnik\u00f3w.<\/p>\n<p><strong>Po pi\u0105te<\/strong> wreszcie \u2013 nie bardzo wiadomo, co nasi przedstawiciele mieliby za granic\u0105 powiedzie\u0107. Konstytucja europejska? \u2013 Milczymy. Niemcy? \u2013 Patrzymy na siebie krzywo. Rosja? \u2013 Jeste\u015bmy w klinczu. \u2013 Stany Zjednoczone? Wi\u0119kszo\u015b\u0107 Polak\u00f3w chce powrotu naszych ch\u0142opc\u00f3w z Iraku, nie chce wyprawy do Afganistanu i nie marzy o tarczy rakietowej \u2013 to sytuacja wobec naszego najwa\u017cniejszego sojusznika nie\u0142atwa.<\/p>\n<p>Wi\u0119c mo\u017ce w\u0142adze s\u0142usznie dosz\u0142y do wniosku, \u017ce je\u017adzi\u0107 tylko po to, \u017ceby brylowa\u0107 \u2013 nie warto.<\/p>\n","protected":false},"excerpt":{"rendered":"<p>W ci\u0105gu ostatnich 14 miesi\u0119cy zabrak\u0142o przedstawicieli Polski na kilku wa\u017cnych spotkaniach. Najpierw by\u0142o od\u0142o\u017cenie w ostatniej chwili \u201eszczytu weimarskiego\u201d z powodu niedyspozycji zdrowotnej prezydenta. Niekt\u00f3rzy komentatorzy uwa\u017cali, \u017ce prezydentowi zaszkodzi\u0142 gor\u0105cy kartofel z \u201eTageszeitung\u201d. Odwo\u0142anie udzia\u0142u w spotkaniu na tak wysokim szczeblu zdarza si\u0119 bardzo rzadko. Gdyby to by\u0142 izolowany przypadek, mo\u017cna by go [&hellip;]<\/p>\n","protected":false},"author":4,"featured_media":0,"comment_status":"open","ping_status":"open","sticky":false,"template":"","format":"standard","meta":{"footnotes":""},"categories":[1],"tags":[],"_links":{"self":[{"href":"https:\/\/blog.polityka.pl\/passent\/wp-json\/wp\/v2\/posts\/219"}],"collection":[{"href":"https:\/\/blog.polityka.pl\/passent\/wp-json\/wp\/v2\/posts"}],"about":[{"href":"https:\/\/blog.polityka.pl\/passent\/wp-json\/wp\/v2\/types\/post"}],"author":[{"embeddable":true,"href":"https:\/\/blog.polityka.pl\/passent\/wp-json\/wp\/v2\/users\/4"}],"replies":[{"embeddable":true,"href":"https:\/\/blog.polityka.pl\/passent\/wp-json\/wp\/v2\/comments?post=219"}],"version-history":[{"count":0,"href":"https:\/\/blog.polityka.pl\/passent\/wp-json\/wp\/v2\/posts\/219\/revisions"}],"wp:attachment":[{"href":"https:\/\/blog.polityka.pl\/passent\/wp-json\/wp\/v2\/media?parent=219"}],"wp:term":[{"taxonomy":"category","embeddable":true,"href":"https:\/\/blog.polityka.pl\/passent\/wp-json\/wp\/v2\/categories?post=219"},{"taxonomy":"post_tag","embeddable":true,"href":"https:\/\/blog.polityka.pl\/passent\/wp-json\/wp\/v2\/tags?post=219"}],"curies":[{"name":"wp","href":"https:\/\/api.w.org\/{rel}","templated":true}]}}