
{"id":2191,"date":"2014-01-08T23:40:53","date_gmt":"2014-01-08T22:40:53","guid":{"rendered":"http:\/\/passent.blog.polityka.pl\/?p=2191"},"modified":"2014-01-23T11:12:20","modified_gmt":"2014-01-23T10:12:20","slug":"qui-pro-quo","status":"publish","type":"post","link":"https:\/\/blog.polityka.pl\/passent\/2014\/01\/08\/qui-pro-quo\/","title":{"rendered":"Qui pro quo"},"content":{"rendered":"<p>Nowy Rok zaczyna si\u0119 weso\u0142o. Jaros\u0142aw Kaczy\u0144ski wygra\u0142 z Donaldem Tuskiem o pier\u015b wy\u015bcig do telefonu premiera Davida Camerona. Lider PiS rozmawia\u0142 z Cameronem p\u00f3\u0142 godziny wcze\u015bniej ni\u017c uda\u0142o si\u0119 to Tuskowi. Ciekawe, w jakim j\u0119zyku Kaczy\u0144ski rozmawia\u0142 z angielskim premierem. Mam nadziej\u0119, \u017ce nie wyci\u0105gn\u0105\u0142 argument\u00f3w w rodzaju udzia\u0142u polskich lotnik\u00f3w w bitwie o Angli\u0119, ani Enigmy, z\u0142amania niemieckich szyfr\u00f3w  przez polskich wynalazc\u00f3w. Pi\u0119tnuj\u0105c polskich imigrant\u00f3w za nadu\u017cywanie brytyjskiej hojno\u015bci socjalnej, premier Cameron wyrz\u0105dzi\u0142 nied\u017awiedzi\u0105 przys\u0142ug\u0119 swojemu sojusznikowi \u2013 Prawu i Sprawiedliwo\u015bci. Nie chc\u0105cy PiS znalaz\u0142 si\u0119 w jednej partii europejskiej z brytyjskim ksenofobem. Tuskowi i Sikorskiemu jest to ca\u0142kiem na r\u0119k\u0119, chocia\u017c wyborcy polscy chyba nie zdaj\u0105 sobie sprawy  z tego qui pro quo. Nie dziwi\u0119 si\u0119, \u017ce  Cameron najpierw odebra\u0142 telefon od Kaczy\u0144skiego, a potem zadzwoni\u0142 do Tuska.  Dla lidera PiS by\u0107 w sp\u00f3\u0142ce z Cameronem to dzisiaj marny interes. Brytyjski premier musia\u0142 go uspokoi\u0107.<!--more--><br \/>\nMarnym interesem okaza\u0142a si\u0119 r\u00f3wnie\u017c polityczna adopcja agenta Kaczmarka \u2013 gwiazdy CBA, kiedy na jego czele sta\u0142 Mariusz Kami\u0144ski, dzi\u015b wiceprzewodnicz\u0105cy PiS. Agent Tomek tak nadaje si\u0119 do parlamentu, jak Ryszard Kalisz do baletu. Pajac, kt\u00f3ry rozebrany do pasa fotografuje si\u0119 z walizk\u0105 pa\u0144stwowych pieni\u0119dzy, szpanuje w porsche i trafia do ludzi z agencji towarzyskiej \u2013 taki \u201epolityk\u201d w Sejmie? Czy to ma by\u0107 to s\u0142ynne \u201ewzmo\u017cenie moralne\u201d?  Kpina z Sejmu czy raczej kolejne qui pro quo?<br \/>\nA ataki na Jurka Owsiaka i Wielk\u0105 Orkiestr\u0119 \u2013 czy\u017c to  nie jest nieporozumienie? Cz\u0142owiek stworzy\u0142 ruch jedyny w swoim rodzaju. Wci\u0105gn\u0105\u0142 do akcji tysi\u0105ce m\u0142odych ludzi. Zbiera pieni\u0105dze na szlachetny cel. Zamiast namawia\u0107 innych, \u017ceby poszli \u015bladami Owsiaka i tworzyli nowe inicjatywy, lub wspierali Orkiestr\u0119, prawicowi publicy\u015bci, PP. Ziemkiewicz, Warzecha, Skwieci\u0144ski i inni,   co roku wybrzydzaj\u0105: \u017ce Owsiak demoralizuje (\u201er\u00f3bta co cheta\u201d), \u017ce zaprasza nie tych, co trzeba, \u017ce piecze w\u0142asn\u0105 piecze\u0144, \u017ce jest polityczny, \u017ce korzysta z pomocy pa\u0144stwa i B\u00f3g wie co jeszcze.   Ta nagonka potwierdza to, co powiedzia\u0142 Churchill: Dla Polak\u00f3w mo\u017cna zrobi\u0107 du\u017co, z Polakami \u2013 nic.<br \/>\nNo i wreszcie walka z pijanymi kierowcami. Jeszcze Donald Tusk nie sko\u0144czy\u0142 przedstawia\u0107 propozycji rz\u0105du, a ju\u017c rozleg\u0142y si\u0119 kpiny. Ryszard Kalisz,  prawnik, skrytykowa\u0142 zbyt surowe propozycje. Np. m\u0105\u017c zawozi w po\u015bpiechu \u017con\u0119 do porodu \u2013 jak mo\u017cna go kara\u0107 za brak dowodu rejestracyjnego? Inny ekspert m\u00f3wi, \u017ce przepisy ju\u017c s\u0105, nie ma co ich zaostrza\u0107, trzeba je egzekwowa\u0107. Wszyscy m\u00f3wi\u0105, \u017ce trzeba edukowa\u0107, \u017ce to jest najwa\u017cniejsze. No, i \u017ce alkomat w ka\u017cdym samochodzie to \u015bmieszne, kosztowne i niepotrzebne, bo ka\u017cdy wie, kiedy pi\u0142, kto na tym zarobi, komu to s\u0142u\u017cy? Pomys\u0142 z alkomatem  rzeczywi\u015bcie w\u0105tpliwy, ale jeden tylko b. premier Cimoszewicz powiedzia\u0142, \u017ce pozosta\u0142e<br \/>\npropozycje s\u0105 sensowne. W Polsce panuje moda, \u017ceby ka\u017cd\u0105, cho\u0107by s\u0142uszn\u0105 inicjatyw\u0119 \u2013 Owsiaka,Tuska, Ixa czy Ygreka \u2013 ob\u015bmia\u0107. Czy rz\u0105d m\u00f3g\u0142 wcze\u015bniej rozwin\u0105\u0107 t\u0119 kampani\u0119? \u2013 M\u00f3g\u0142, ale lepiej p\u00f3\u017aniej ni\u017c wcale. Ka\u017cd\u0105 inicjatyw\u0119, np. 6-latki do szko\u0142y, mo\u017cna w ten spos\u00f3b zdyskredytowa\u0107. \u201eTrzeba by\u0142o wcze\u015bniej\u201d\u201d. Inna sprawa,  \u017ce na tym polega demokracja \u2013 ka\u017cd\u0105 inicjatyw\u0119 bra\u0107 pod \u015bwiat\u0142o i narzeka\u0107. Idealny ustr\u00f3j dla malkontent\u00f3w i dla medi\u00f3w.<\/p>\n","protected":false},"excerpt":{"rendered":"<p>Nowy Rok zaczyna si\u0119 weso\u0142o. Jaros\u0142aw Kaczy\u0144ski wygra\u0142 z Donaldem Tuskiem o pier\u015b wy\u015bcig do telefonu premiera Davida Camerona. Lider PiS rozmawia\u0142 z Cameronem p\u00f3\u0142 godziny wcze\u015bniej ni\u017c uda\u0142o si\u0119 to Tuskowi. Ciekawe, w jakim j\u0119zyku Kaczy\u0144ski rozmawia\u0142 z angielskim premierem. Mam nadziej\u0119, \u017ce nie wyci\u0105gn\u0105\u0142 argument\u00f3w w rodzaju udzia\u0142u polskich lotnik\u00f3w w bitwie o [&hellip;]<\/p>\n","protected":false},"author":4,"featured_media":0,"comment_status":"open","ping_status":"closed","sticky":false,"template":"","format":"standard","meta":{"footnotes":""},"categories":[1],"tags":[],"_links":{"self":[{"href":"https:\/\/blog.polityka.pl\/passent\/wp-json\/wp\/v2\/posts\/2191"}],"collection":[{"href":"https:\/\/blog.polityka.pl\/passent\/wp-json\/wp\/v2\/posts"}],"about":[{"href":"https:\/\/blog.polityka.pl\/passent\/wp-json\/wp\/v2\/types\/post"}],"author":[{"embeddable":true,"href":"https:\/\/blog.polityka.pl\/passent\/wp-json\/wp\/v2\/users\/4"}],"replies":[{"embeddable":true,"href":"https:\/\/blog.polityka.pl\/passent\/wp-json\/wp\/v2\/comments?post=2191"}],"version-history":[{"count":3,"href":"https:\/\/blog.polityka.pl\/passent\/wp-json\/wp\/v2\/posts\/2191\/revisions"}],"predecessor-version":[{"id":2205,"href":"https:\/\/blog.polityka.pl\/passent\/wp-json\/wp\/v2\/posts\/2191\/revisions\/2205"}],"wp:attachment":[{"href":"https:\/\/blog.polityka.pl\/passent\/wp-json\/wp\/v2\/media?parent=2191"}],"wp:term":[{"taxonomy":"category","embeddable":true,"href":"https:\/\/blog.polityka.pl\/passent\/wp-json\/wp\/v2\/categories?post=2191"},{"taxonomy":"post_tag","embeddable":true,"href":"https:\/\/blog.polityka.pl\/passent\/wp-json\/wp\/v2\/tags?post=2191"}],"curies":[{"name":"wp","href":"https:\/\/api.w.org\/{rel}","templated":true}]}}