
{"id":220,"date":"2007-02-13T06:48:51","date_gmt":"2007-02-13T05:48:51","guid":{"rendered":"http:\/\/passent.blog.polityka.pl\/?p=220"},"modified":"2007-02-13T03:50:50","modified_gmt":"2007-02-13T02:50:50","slug":"upadek-rzadu","status":"publish","type":"post","link":"https:\/\/blog.polityka.pl\/passent\/2007\/02\/13\/upadek-rzadu\/","title":{"rendered":"Upadek rz\u0105du"},"content":{"rendered":"<p>Nawet je\u017celi nie jest to jeszcze upadek formalny, to jest to upadek faktyczny. W normalnym pa\u0144stwie demokratycznym to, co od kilku dni dzieje si\u0119 w Polsce, ko\u0144czy si\u0119 <em>votum<\/em> nieufno\u015bci do premiera, upadkiem rz\u0105du i wyborami. Kt\u00f3\u017c bowiem mo\u017ce mie\u0107 zaufanie do rz\u0105du, je\u017celi w dniach, kiedy prezydent i premier maj\u0105 otrzyma\u0107 tajny raport dotycz\u0105cy likwidacji wywiadu:<\/p>\n<p>\u00a0\u00a0&#8211; W niejasnych okoliczno\u015bciach ust\u0119puje minister Obrony.<br \/>\n\u00a0\u00a0&#8211; W ostatnim dniu urz\u0119dowania minister Obrony kieruje do prokuratury zawiadomienie o pope\u0142nieniu przest\u0119pstwa przez swojego zast\u0119pc\u0119 i likwidatora WSI.<br \/>\n\u00a0\u00a0&#8211; Trwaj\u0105 poszukiwania dokument\u00f3w, kt\u00f3re zgin\u0119\u0142y w tajemniczych okoliczno\u015bciach, by\u0107 mo\u017ce z udzia\u0142em Antoniego Macierewicza \u2013 najbardziej zaufanego polityka K&#038;K.<br \/>\n\u00a0\u00a0&#8211; Nowy minister Obrony, dotychczasowy szef Kancelarii Prezydenta, nazajutrz po obj\u0119ciu stanowiska krytykuje swojego poprzednika za niew\u0142a\u015bciwe przygotowanie odbioru samolot\u00f3w F16. Sprawa dotyczy najwi\u0119kszego kontraktu zbrojeniowego z USA.<br \/>\n\u00a0\u00a0&#8211; W tym samym czasie wa\u017c\u0105 si\u0119 losy tarczy antyrakietowej i udzia\u0142u Polski w planach obronnych USA.<br \/>\n\u00a0\u00a0&#8211; Minister Spraw Wewn\u0119trznych, prawa r\u0119ka premiera, \u201etrzeci bli\u017aniak\u201d i jeden z przyw\u00f3dc\u00f3w partii rz\u0105dz\u0105cej, grozi dymisj\u0105 i odchodzi na \u201eurlop\u201d z powodu oskar\u017ce\u0144 pod jego adresem w prorz\u0105dowym dzienniku. Spo\u0142ecze\u0144stwo dowiaduje si\u0119 o otwartym konflikcie premiera z dotychczasowym ministrem Spraw Wewn\u0119trznych. Odchodz\u0105cy minister apeluje o wszcz\u0119cie przeciwko sobie post\u0119powa\u0144 wyja\u015bniaj\u0105cych.<br \/>\n\u00a0\u00a0&#8211; W \u015blad za ministrem podaje si\u0119 do dymisji komendant g\u0142\u00f3wny policji.<br \/>\n\u00a0\u00a0&#8211; Nowy minister oskar\u017ca swojego poprzednika oraz podleg\u0142\u0105 mu policj\u0119 o powa\u017cne nieprawid\u0142owo\u015bci, m.in. o opiesza\u0142o\u015b\u0107 w zwalczaniu \u201euk\u0142adu warszawskiego\u201d, a tak\u017ce nieujawnione wiadomo\u015bci zast\u0119pcy szefa policji o senatorze, za kt\u00f3rym rozes\u0142ano list go\u0144czy.<br \/>\n\u00a0\u00a0&#8211; Nowym szefem policji zostaje cz\u0142owiek\u00a0spoza policji, w dodatku prokurator.<br \/>\n\u00a0\u00a0&#8211; Nowym ministrem Spraw Wewn\u0119trznych zostaje prokurator, wczorajszy oskar\u017cyciel policji.<br \/>\n\u00a0\u00a0&#8211; Ludzie ministra Sprawiedliwo\u015bci wciskani s\u0105 na wakaty na wysokich stanowiskach, zak\u0142\u00f3caj\u0105c dotychczasow\u0105 r\u00f3wnowag\u0119 oraz niezale\u017cno\u015b\u0107 policji od prokuratury.<br \/>\n\u00a0\u00a0&#8211; Przedstawiciel Polski w Europejskim Banku Rozwoju i Odbudowy podaje si\u0119 do dymisji, \u017ceby zwolnic miejsce dla by\u0142ego premiera.<\/p>\n<p>W normalnym pa\u0144stwie demokratycznym ka\u017cde wydarzenie tej miary, co dymisja ministra Obrony i jego konflikt z likwidatorem s\u0142u\u017cby wywiadowczej, czy dymisja ministra Spraw Wewn\u0119trznych i jego konflikt z prokuratorem krajowym, kt\u00f3ry przychodzi na jego miejsce, czy wreszcie powa\u017cne oskar\u017cenia pod adresem szefa policji oraz jego dymisja, musia\u0142yby doprowadzi\u0107 do debaty parlamentarnej, do wniosku o <em>votum<\/em> nieufno\u015bci wobec premiera (kt\u00f3ry jeszcze kilka dni temu zapewnia\u0142, \u017ce \u201ewszystko jest pod kontrol\u0105\u201d) i do nowych wybor\u00f3w. Ale czy Polska pod obecn\u0105 w\u0142adz\u0105 jest krajem normalnym? Czy normalny jest kraj, w kt\u00f3rym ewentualne <em>votum<\/em> zaufania dla rz\u0105du b\u0119dzie zale\u017ca\u0142o od partii, w sk\u0142ad kt\u00f3rej wchodz\u0105 pos\u0142owie po wyrokach, a na czele kt\u00f3rej stoi prymitywny wata\u017cka, po\u017cal si\u0119 Bo\u017ce moskiewski doktor <em>honoris causa<\/em>, nie umiej\u0105cy nawet zachowa\u0107 si\u0119 wobec kobiet \u2013 czy taki kraj jest normalny? I co teraz odpowiedz\u0105 entuzja\u015bci IV RP, kiedy powiemy, \u017ce obecne rz\u0105dy to kompromitacja, a nie \u017cadna odnowa moralna? A co ju\u017c o tym powie \u015bwiat \u2013 strach pomy\u015ble\u0107.<\/p>\n<p>Najlepszym wyj\u015bciem by\u0142yby wybory. Ale kto je rozpisze? Kto dzi\u015b faktycznie stoi na czele s\u0142u\u017cb mundurowych? Kto trzyma r\u0119k\u0119 na najwa\u017cniejszym guziku? \u017ble si\u0119 dzieje w pa\u0144stwie polskim.<\/p>\n","protected":false},"excerpt":{"rendered":"<p>Nawet je\u017celi nie jest to jeszcze upadek formalny, to jest to upadek faktyczny. W normalnym pa\u0144stwie demokratycznym to, co od kilku dni dzieje si\u0119 w Polsce, ko\u0144czy si\u0119 votum nieufno\u015bci do premiera, upadkiem rz\u0105du i wyborami. Kt\u00f3\u017c bowiem mo\u017ce mie\u0107 zaufanie do rz\u0105du, je\u017celi w dniach, kiedy prezydent i premier maj\u0105 otrzyma\u0107 tajny raport dotycz\u0105cy [&hellip;]<\/p>\n","protected":false},"author":4,"featured_media":0,"comment_status":"open","ping_status":"open","sticky":false,"template":"","format":"standard","meta":{"footnotes":""},"categories":[1],"tags":[],"_links":{"self":[{"href":"https:\/\/blog.polityka.pl\/passent\/wp-json\/wp\/v2\/posts\/220"}],"collection":[{"href":"https:\/\/blog.polityka.pl\/passent\/wp-json\/wp\/v2\/posts"}],"about":[{"href":"https:\/\/blog.polityka.pl\/passent\/wp-json\/wp\/v2\/types\/post"}],"author":[{"embeddable":true,"href":"https:\/\/blog.polityka.pl\/passent\/wp-json\/wp\/v2\/users\/4"}],"replies":[{"embeddable":true,"href":"https:\/\/blog.polityka.pl\/passent\/wp-json\/wp\/v2\/comments?post=220"}],"version-history":[{"count":0,"href":"https:\/\/blog.polityka.pl\/passent\/wp-json\/wp\/v2\/posts\/220\/revisions"}],"wp:attachment":[{"href":"https:\/\/blog.polityka.pl\/passent\/wp-json\/wp\/v2\/media?parent=220"}],"wp:term":[{"taxonomy":"category","embeddable":true,"href":"https:\/\/blog.polityka.pl\/passent\/wp-json\/wp\/v2\/categories?post=220"},{"taxonomy":"post_tag","embeddable":true,"href":"https:\/\/blog.polityka.pl\/passent\/wp-json\/wp\/v2\/tags?post=220"}],"curies":[{"name":"wp","href":"https:\/\/api.w.org\/{rel}","templated":true}]}}