
{"id":2218,"date":"2014-01-27T10:44:51","date_gmt":"2014-01-27T09:44:51","guid":{"rendered":"http:\/\/passent.blog.polityka.pl\/?p=2218"},"modified":"2014-01-27T11:52:35","modified_gmt":"2014-01-27T10:52:35","slug":"kijow-i-kiejkuty-2","status":"publish","type":"post","link":"https:\/\/blog.polityka.pl\/passent\/2014\/01\/27\/kijow-i-kiejkuty-2\/","title":{"rendered":"Kij\u00f3w i Kiejkuty"},"content":{"rendered":"<p>Dwie sprawy bulwersuj\u0105 dzi\u015b media i \u015bwiat polityczny: Ukraina i Kiejkuty. W obu trzeba zachowa\u0107 zimn\u0105 krew.<br \/>\n<!--more--><\/p>\n<p>Na Ukrainie mamy do czynienia z rewolucj\u0105, kt\u00f3rej ju\u017c  nikt nie kontroluje. Co prawda Dawid Wildstein, kt\u00f3ry tam by\u0142, zapewnia w Radiu TOK FM,  \u017ce Majdan jest zdumiewaj\u0105co zdyscyplinowany, ale Ukraina to du\u017co wi\u0119cej ni\u017c Majdan.  Dotychczasowi przyw\u00f3dcy opozycji s\u0105 ju\u017c atakowani przez elementy bardziej radykalne, kt\u00f3re uwa\u017caj\u0105, \u017ce z obecn\u0105 w\u0142adz\u0105 w og\u00f3le nie nale\u017cy rozmawia\u0107. Wewn\u0105trz opozycji coraz trudniej o jednolity front. Podobnie w obozie w\u0142adzy, gdzie zwolennicy silnej r\u0119ki, zachowania integralno\u015bci Ukrainy, przera\u017ceni utrat\u0105 stanowisk, a mo\u017ce nawet i wolno\u015bci, czuj\u0105 si\u0119 \u015bmiertelnie zagro\u017ceni. Trudno sobie wyobrazi\u0107, by odpowiedzialni liderzy opozycji zalecali zajmowanie budynk\u00f3w rz\u0105dowych, zapewne  nie  s\u0105 w stanie kontrolowa\u0107 spontanicznej wrogo\u015bci do Janukowycza, jaka wybucha na wie\u015b\u0107 o ka\u017cdej kolejnej ofierze \u015bmiertelnej. Przed Ukrain\u0105 wielka szansa, ale i ogromne zagro\u017cenie wojn\u0105 domow\u0105, chaosem, rozpadem kraju, co by\u0142oby dla Polski i Europy  powa\u017cnym problemem.<\/p>\n<p>Strona polska powinna opowiada\u0107 si\u0119 za woln\u0105, demokratyczn\u0105 Ukrain\u0105, z jednej strony dzia\u0142a\u0107 za po\u015brednictwem i wsp\u00f3lnie z Uni\u0105 Europejsk\u0105, z drugiej &#8211; unika\u0107 zarzutu, \u017ce miesza si\u0119 w wewn\u0119trzne sprawy suwerennego kraju. To delikatna gra, w kt\u00f3rej obok rozmaitych si\u0142 na Ukrainie udzia\u0142 bior\u0105 Rosja, Europa, Stany Zjednoczone. Politycy polscy, ci z opozycji,  maj\u0105 wszelkie prawo je\u017adzi\u0107 na Ukrain\u0119 i popiera\u0107 kogo chc\u0105, ale nie po to, \u017ceby na Majdanie rzuca\u0107 oskar\u017cenia pod adresem innych polskich polityk\u00f3w. Chc\u0105 popiera\u0107 rewolucj\u0119 \u2013 zgoda, chc\u0105 pozowa\u0107 do fotografii w Kijowie \u2013 prosz\u0119 bardzo, ale nie powinni  wykorzystywa\u0107  rewolucji na Ukrainie do swojej kampanii wyborczej. Cz\u0142onkowie polskiego rz\u0105du, z premierem i ministrem spraw zagranicznych, musz\u0105 zachowywa\u0107 si\u0119 bardzo odpowiedzialnie, nie mog\u0105 ot tak hasa\u0107  po Majdanie.<\/p>\n<p>W sprawie o\u015brodka CIA w Kiejkutach mamy wi\u0119cej jasno\u015bci. Odnosz\u0119 wra\u017cenie, ale tylko wra\u017cenie, \u017ce \u00f3wczesny premier Miller, prezydent Kwa\u015bniewski, w atmosferze po zamachu na Nowy Jork i Pentagon, wstrz\u0105\u015bni\u0119ci tysi\u0105cami niewinnych ofiar, zwi\u0105zani umowami i zasadami NATO, kieruj\u0105c si\u0119 dobrem Polski jako sojusznika, w dodatku obci\u0105\u017ceni proradzieck\u0105 przesz\u0142o\u015bci\u0105 \u2013 nie mogli powiedzie\u0107 \u201enie\u201d Ameryce i z pe\u0142nym przekonaniem zaoferowali Stanom Zjednoczonym pomoc w wojnie z terroryzmem. By\u0107 mo\u017ce wykazali si\u0119 wtedy zbytni\u0105 naiwno\u015bci\u0105, nie zabezpieczyli polskiego wgl\u0105du w \u015bci\u015ble tajne operacje USA na terenie naszego kraju. Kiejkuty to, moim zdaniem, przede wszystkim \u2013 ale nie wy\u0142\u0105cznie &#8211;  sprawa Amerykan\u00f3w. Zawiedli  nas dwukrotnie. Po raz pierwszy \u2013 stosuj\u0105c tortury, i to w Polsce. I po drugie \u2013 dopuszczaj\u0105c do przeciek\u00f3w.<\/p>\n<p>W rezultacie ucierpia\u0142 presti\u017c Stan\u00f3w Zjednoczonych, ale i naszego kraju. Sprawa nie powinna by\u0107 chowana pod korcem, gra na czas nic nie da, lepiej by by\u0142o, gdyby Polska pokaza\u0142a, \u017ce jest pa\u0144stwem prawa, wszystko wyja\u015bni\u0142a,  nie podwa\u017caj\u0105c zaufania sojusznik\u00f3w do naszego kraju. Chcemy by\u0107 lojalnym sojusznikiem, ale nie uczestniczy\u0107 w operacjach sprzecznych z prawem.<\/p>\n<p>PS ZAPROSZENIE<br \/>\nZbigniew BUJAK, senator J\u00f3zef PINIOR i dr Karolina WIGURA b\u0119d\u0105 dyskutowa\u0107 o Kijowie i o Kiejkutach. Radio TOK FM, wtorek, 28 stycznia, g. 20:05. Zapraszamy!<\/p>\n","protected":false},"excerpt":{"rendered":"<p>Dwie sprawy bulwersuj\u0105 dzi\u015b media i \u015bwiat polityczny: Ukraina i Kiejkuty. W obu trzeba zachowa\u0107 zimn\u0105 krew.<\/p>\n","protected":false},"author":4,"featured_media":0,"comment_status":"open","ping_status":"closed","sticky":false,"template":"","format":"standard","meta":{"footnotes":""},"categories":[1],"tags":[],"_links":{"self":[{"href":"https:\/\/blog.polityka.pl\/passent\/wp-json\/wp\/v2\/posts\/2218"}],"collection":[{"href":"https:\/\/blog.polityka.pl\/passent\/wp-json\/wp\/v2\/posts"}],"about":[{"href":"https:\/\/blog.polityka.pl\/passent\/wp-json\/wp\/v2\/types\/post"}],"author":[{"embeddable":true,"href":"https:\/\/blog.polityka.pl\/passent\/wp-json\/wp\/v2\/users\/4"}],"replies":[{"embeddable":true,"href":"https:\/\/blog.polityka.pl\/passent\/wp-json\/wp\/v2\/comments?post=2218"}],"version-history":[{"count":7,"href":"https:\/\/blog.polityka.pl\/passent\/wp-json\/wp\/v2\/posts\/2218\/revisions"}],"predecessor-version":[{"id":2226,"href":"https:\/\/blog.polityka.pl\/passent\/wp-json\/wp\/v2\/posts\/2218\/revisions\/2226"}],"wp:attachment":[{"href":"https:\/\/blog.polityka.pl\/passent\/wp-json\/wp\/v2\/media?parent=2218"}],"wp:term":[{"taxonomy":"category","embeddable":true,"href":"https:\/\/blog.polityka.pl\/passent\/wp-json\/wp\/v2\/categories?post=2218"},{"taxonomy":"post_tag","embeddable":true,"href":"https:\/\/blog.polityka.pl\/passent\/wp-json\/wp\/v2\/tags?post=2218"}],"curies":[{"name":"wp","href":"https:\/\/api.w.org\/{rel}","templated":true}]}}