
{"id":2232,"date":"2014-02-07T21:57:33","date_gmt":"2014-02-07T20:57:33","guid":{"rendered":"http:\/\/passent.blog.polityka.pl\/?p=2232"},"modified":"2014-02-28T13:00:55","modified_gmt":"2014-02-28T12:00:55","slug":"trzy-opinie","status":"publish","type":"post","link":"https:\/\/blog.polityka.pl\/passent\/2014\/02\/07\/trzy-opinie\/","title":{"rendered":"Trzy opinie"},"content":{"rendered":"<p>Leszek Ja\u017cd\u017cewski, redaktor naczelny pisma \u201eLiberte\u201d, zakwestionowa\u0142 kolejn\u0105 wielomilionow\u0105 subwencj\u0119 Ministerstwa Kultury i Dziedzictwa Narodowego na rzecz budowy \u015awi\u0105tyni Opatrzno\u015bci, przebran\u0105 za dotacj\u0119 na przysz\u0142e  Muzeum JP II i kardyna\u0142a Wyszy\u0144skiego.  Popieram akcj\u0119 Ja\u017cd\u017cewskiego, kt\u00f3ry nie pierwszy raz daje dow\u00f3d postawy obywatelskiej. Nie chodzi o to, \u017ceby popada\u0107 w prymitywny antyklerykalizm, bo Polska i Ko\u015bci\u00f3\u0142 katolicki to w du\u017cym stopniu jedno, ale wszystko bez przesady, jaki\u015b rozdzia\u0142 Ko\u015bcio\u0142a i Pa\u0144stwa jest konieczny . R\u00f3\u017cnymi drogami, czy to przez Komisj\u0119  Maj\u0105tkow\u0105, czy przez finansowanie katechezy, konserwacji zabytk\u00f3w, finansowanie uczelni, chwalebnej sk\u0105din\u0105d dzia\u0142alno\u015bci charytatywnej, czy innymi kana\u0142ami p\u0142yn\u0105 finanse publiczne do ko\u015bcielnej kasy. Ju\u017c nikt  nad tym nie panuje, nie podlicza, nie sumuje, nie debatuje, nie decyduje. Dobrze si\u0119 wi\u0119c sta\u0142o, \u017ce Ja\u017cd\u017cewski, nie pierwszy i nie ostatni, podni\u00f3s\u0142 t\u0119 spraw\u0119. Cho\u0107 zapewne i tym razem rozejdzie si\u0119 po ko\u015bciach.<!--more--><\/p>\n<p>Donald Tusk wypowiedzia\u0142 si\u0119 przeciwko komisji do spraw \u201eszkodnika\u201d Antoniego Macierewicza. Nie by\u0142a to \u0142atwa decyzja. Za komisj\u0105 przemawia ewidentne szkodnictwo i bezkarno\u015b\u0107 b. likwidatora WSI. Ale s\u0105 te\u017c wzgl\u0119dy przeciw. Jeden, to \u201eciszej nad t\u0105 trumn\u0105\u201d, sprawy wywiadowcze nie powinny by\u0107 nag\u0142a\u015bniane i rozdrapywane, nie ka\u017cda wina jest ukarana. Drugi wzgl\u0105d \u201eprzeciw\u201d, jaki Tusk bra\u0142 zapewne pod uwag\u0119, to \u017ce w awanturze, jak\u0105 by\u0142aby komisja, nie b\u0119dzie wiadomo kto ma racj\u0119, powsta\u0142oby wra\u017cenie, \u017ce wart pac pa\u0142aca, \u017ce Platforma \u201ebroni komunistycznych s\u0142u\u017cb i post-sowieckich interes\u00f3w\u201d.  Ludzie mogliby mie\u0107 do\u015b\u0107 awantur i g\u0142osowa\u0107 za zmian\u0105, na kogo\u015b, kto zapewni spok\u00f3j.  No i wreszcie trzeci wzgl\u0105d \u2013 Schetyna. By\u0142by on naturalnym kandydatem na szefa ewentualnej komisji i to by wzmacnia\u0142o jego oraz jego ludzi w Platformie. Po co to Tuskowi?<\/p>\n<p>Wreszcie pu\u0142kownik Ryszard Kukli\u0144ski.  Dla mnie to ani zdrajca ani bohater. To posta\u0107, kt\u00f3rej nie mo\u017cna ocenia\u0107 jednoznacznie, poniewa\u017c nie mo\u017cna jednoznacznie odrzuci\u0107 PRL (czy by\u0142oby lepiej, gdyby\u015bmy byli jeszcze jedn\u0105 republik\u0105?), wraz z jej serwilizmem wobec ZSRR oraz udzia\u0142em w inwazji na Czechos\u0142owacj\u0119, w planowaniu kt\u00f3rej RK bra\u0142 udzia\u0142,  ale i nie mo\u017cna nie uzna\u0107 prawa do zmiany frontu, do oddania si\u0119 do dyspozycji wolnego \u015bwiata.  W owych czasach mo\u017cna by\u0142o pracowa\u0107 dla Polski na r\u00f3\u017cne sposoby. Je\u017celi film Pasikowskiego, kt\u00f3rego to filmu jeszcze nie widzia\u0142em, pokazuje z\u0142o\u017cono\u015b\u0107 tamtej sytuacji, to dobrze, je\u017celi jest czarno-bia\u0142y, to gorzej.<\/p>\n<p>PS. ZAPROSZENIE<\/p>\n<p>Trzeba mie\u0107 zdrowie, \u017ceby chorowa\u0107. W dyskusji o polskiej medycynie i s\u0142u\u017cbie zdrowia udzia\u0142 wezm\u0105: dr Magdalena Wysocka-B\u0105kowska, neurolog, prof dr Witold Ru\u017cy\u0142\u0142o &#8211; dyrektor Instytutu Kardiologii oraz red. Pawe\u0142 Walewski z &#8222;Polityki&#8221;.<br \/>\nRadio TOK FM, wtorek, 11 lutego, g. 20.05. Zapraszam!<\/p>\n","protected":false},"excerpt":{"rendered":"<p>Leszek Ja\u017cd\u017cewski, redaktor naczelny pisma \u201eLiberte\u201d, zakwestionowa\u0142 kolejn\u0105 wielomilionow\u0105 subwencj\u0119 Ministerstwa Kultury i Dziedzictwa Narodowego na rzecz budowy \u015awi\u0105tyni Opatrzno\u015bci, przebran\u0105 za dotacj\u0119 na przysz\u0142e Muzeum JP II i kardyna\u0142a Wyszy\u0144skiego. Popieram akcj\u0119 Ja\u017cd\u017cewskiego, kt\u00f3ry nie pierwszy raz daje dow\u00f3d postawy obywatelskiej. Nie chodzi o to, \u017ceby popada\u0107 w prymitywny antyklerykalizm, bo Polska i Ko\u015bci\u00f3\u0142 [&hellip;]<\/p>\n","protected":false},"author":4,"featured_media":0,"comment_status":"open","ping_status":"closed","sticky":false,"template":"","format":"standard","meta":{"footnotes":""},"categories":[1],"tags":[],"_links":{"self":[{"href":"https:\/\/blog.polityka.pl\/passent\/wp-json\/wp\/v2\/posts\/2232"}],"collection":[{"href":"https:\/\/blog.polityka.pl\/passent\/wp-json\/wp\/v2\/posts"}],"about":[{"href":"https:\/\/blog.polityka.pl\/passent\/wp-json\/wp\/v2\/types\/post"}],"author":[{"embeddable":true,"href":"https:\/\/blog.polityka.pl\/passent\/wp-json\/wp\/v2\/users\/4"}],"replies":[{"embeddable":true,"href":"https:\/\/blog.polityka.pl\/passent\/wp-json\/wp\/v2\/comments?post=2232"}],"version-history":[{"count":3,"href":"https:\/\/blog.polityka.pl\/passent\/wp-json\/wp\/v2\/posts\/2232\/revisions"}],"predecessor-version":[{"id":2255,"href":"https:\/\/blog.polityka.pl\/passent\/wp-json\/wp\/v2\/posts\/2232\/revisions\/2255"}],"wp:attachment":[{"href":"https:\/\/blog.polityka.pl\/passent\/wp-json\/wp\/v2\/media?parent=2232"}],"wp:term":[{"taxonomy":"category","embeddable":true,"href":"https:\/\/blog.polityka.pl\/passent\/wp-json\/wp\/v2\/categories?post=2232"},{"taxonomy":"post_tag","embeddable":true,"href":"https:\/\/blog.polityka.pl\/passent\/wp-json\/wp\/v2\/tags?post=2232"}],"curies":[{"name":"wp","href":"https:\/\/api.w.org\/{rel}","templated":true}]}}