
{"id":2235,"date":"2014-02-15T18:23:59","date_gmt":"2014-02-15T17:23:59","guid":{"rendered":"http:\/\/passent.blog.polityka.pl\/?p=2235"},"modified":"2014-02-28T13:01:24","modified_gmt":"2014-02-28T12:01:24","slug":"ironia-losu","status":"publish","type":"post","link":"https:\/\/blog.polityka.pl\/passent\/2014\/02\/15\/ironia-losu\/","title":{"rendered":"Ironia losu"},"content":{"rendered":"<p>Co za ironia losu! Najbardziej krytykowane przez media i polityk\u00f3w igrzyska olimpijskie staj\u0105 si\u0119 \u017ar\u00f3d\u0142em naszej rado\u015bci. Okoliczno\u015bci polityczne spowodowa\u0142y, \u017ce sukcesy sportowc\u00f3w przy\u0107mi\u0142y kongres PiS,  za\u015b ani prezydent Komorowski, ani premier Tusk nie mogli by\u0107 \u015bwiadkami triumfu naszych sportowc\u00f3w na \u201eigrzyskach Putina\u201d. Komorowski, Tusk, Kaczy\u0144ski nie b\u0119d\u0105 mieli wsp\u00f3lnej fotografii w Soczi z Justyn\u0105 Kowalczyk, Kamilem Stochem, Zbigniewem Br\u00f3dk\u0105. <!--more--><\/p>\n<p>Na pewno nie omieszkaj\u0105 sfotografowa\u0107 si\u0119 w Warszawie. Na razie premier \u015bwi\u0119tuje w Zakopanem \u2013 naszej \u201estolicy sport\u00f3w zimowych\u201d.  To ca\u0142kiem zr\u0119czne posuniecie PR. Sukces, jakikolwiek sukces,  Oskar dla polskiego filmu, nagroda Nobla, albo z\u0142oty medal olimpijski,  jest  nam  bardzo potrzebny. Przyszed\u0142 w sam\u0105 por\u0119, odsuwaj\u0105c<br \/>\nW Polsce panuje bowiem smuta. Platforma i jej zwolennicy nie mog\u0105 odzyska\u0107 prowadzenia w sonda\u017cach, brakuje wielkiej idei i charyzmatycznego przyw\u00f3dcy, a majowe wybory do Parlamentu Europejskiego coraz bli\u017cej. Demokraci (w polskim i ameryka\u0144skim znaczeniu tego s\u0142owa) niepokoj\u0105 si\u0119 post\u0119pami prawicy, aktywno\u015bci\u0105 narodowc\u00f3w, zapowiedziami \u201erepublikan\u00f3w\u201d, \u017ce nadchodzi dzie\u0144 zap\u0142aty. Prof. Marcin Kr\u00f3l (w \u201eGW\u201d) m\u00f3wi o wieszaniu na ga\u0142\u0119zi, prof. Bronis\u0142aw \u0141agowski (\u201ePrzegl\u0105d\u201d) sygnalizuje rosn\u0105c\u0105 aprobat\u0119 dla przemocy. Z kolei opozycja (czemu trudno si\u0119 dziwi\u0107) wyci\u0105ga wszystkie zagro\u017cenia, z zapa\u015bci\u0105 demograficzn\u0105 na czele. Wymiar sprawiedliwo\u015bci nieporadny, ochrona  zdrowia sama jest chora.  Pa\u0144stwo okazuje si\u0119 bezradne w sprawie zwyrodnia\u0142ego, wielokrotnego mordercy, minister Sprawiedliwo\u015bci Biernacki wnosi do s\u0105du spraw\u0119   przeciwko jednemu z najbardziej zas\u0142u\u017conych opozycjonist\u00f3w, Frasyniukowi. Ten pierwszy ma mas\u0142o na g\u0142owie, ten drugi \u2013 niewyparzony j\u0119zyk. \u201eMowa nienawi\u015bci\u201d staje si\u0119 coraz bardziej powszechna, pojawia si\u0119 tak\u017ce na naszym blogu.<br \/>\nW tej sytuacji mam ochot\u0119 podzi\u0119kowa\u0107 naszym wspania\u0142ym medalistom, nie tylko za to, \u017ce rozs\u0142awiaj\u0105 nasz kraj, \u017ce dobrze przys\u0142u\u017cyli si\u0119 ojczy\u017anie, bo za to podzi\u0119kuj\u0105 im politycy, ale po prostu za te chwile rado\u015bci jakie im zawdzi\u0119czamy, za dreszcz wzruszenia, jakie ten i \u00f3w odczuje, za poczucie, \u017ce jeszcze  nie jest z nami tak \u017ale, a nawet wr\u0119cz przeciwnie \u2013 bywa \u015bwietnie!<\/p>\n","protected":false},"excerpt":{"rendered":"<p>Co za ironia losu! Najbardziej krytykowane przez media i polityk\u00f3w igrzyska olimpijskie staj\u0105 si\u0119 \u017ar\u00f3d\u0142em naszej rado\u015bci. Okoliczno\u015bci polityczne spowodowa\u0142y, \u017ce sukcesy sportowc\u00f3w przy\u0107mi\u0142y kongres PiS, za\u015b ani prezydent Komorowski, ani premier Tusk nie mogli by\u0107 \u015bwiadkami triumfu naszych sportowc\u00f3w na \u201eigrzyskach Putina\u201d. Komorowski, Tusk, Kaczy\u0144ski nie b\u0119d\u0105 mieli wsp\u00f3lnej fotografii w Soczi z Justyn\u0105 [&hellip;]<\/p>\n","protected":false},"author":4,"featured_media":0,"comment_status":"open","ping_status":"closed","sticky":false,"template":"","format":"standard","meta":{"footnotes":""},"categories":[1],"tags":[],"_links":{"self":[{"href":"https:\/\/blog.polityka.pl\/passent\/wp-json\/wp\/v2\/posts\/2235"}],"collection":[{"href":"https:\/\/blog.polityka.pl\/passent\/wp-json\/wp\/v2\/posts"}],"about":[{"href":"https:\/\/blog.polityka.pl\/passent\/wp-json\/wp\/v2\/types\/post"}],"author":[{"embeddable":true,"href":"https:\/\/blog.polityka.pl\/passent\/wp-json\/wp\/v2\/users\/4"}],"replies":[{"embeddable":true,"href":"https:\/\/blog.polityka.pl\/passent\/wp-json\/wp\/v2\/comments?post=2235"}],"version-history":[{"count":3,"href":"https:\/\/blog.polityka.pl\/passent\/wp-json\/wp\/v2\/posts\/2235\/revisions"}],"predecessor-version":[{"id":2256,"href":"https:\/\/blog.polityka.pl\/passent\/wp-json\/wp\/v2\/posts\/2235\/revisions\/2256"}],"wp:attachment":[{"href":"https:\/\/blog.polityka.pl\/passent\/wp-json\/wp\/v2\/media?parent=2235"}],"wp:term":[{"taxonomy":"category","embeddable":true,"href":"https:\/\/blog.polityka.pl\/passent\/wp-json\/wp\/v2\/categories?post=2235"},{"taxonomy":"post_tag","embeddable":true,"href":"https:\/\/blog.polityka.pl\/passent\/wp-json\/wp\/v2\/tags?post=2235"}],"curies":[{"name":"wp","href":"https:\/\/api.w.org\/{rel}","templated":true}]}}