
{"id":224,"date":"2007-02-20T09:00:53","date_gmt":"2007-02-20T08:00:53","guid":{"rendered":"http:\/\/passent.blog.polityka.pl\/?p=224"},"modified":"2007-02-20T05:53:55","modified_gmt":"2007-02-20T04:53:55","slug":"popaprancy","status":"publish","type":"post","link":"https:\/\/blog.polityka.pl\/passent\/2007\/02\/20\/popaprancy\/","title":{"rendered":"Popapra\u0144cy"},"content":{"rendered":"<p>Lech Wa\u0142\u0119sa nie powinien nazywa\u0107 prezydenta Kaczy\u0144skiego (ani nikogo innego!) durniem, a jego ministr\u00f3w \u2013 g\u00f3wniarzami. Powinien si\u0119 z tych s\u0142\u00f3w wycofa\u0107, a nawet za nie przeprosi\u0107. Nie przystoi by\u0142emu prezydentowi, \u017ceby u\u017cywa\u0142 takich wyraz\u00f3w. Nie przystoi tak\u017ce obecnemu prezydentowi, kt\u00f3ry nie przeprosi\u0142 Mieczys\u0142awa Wachowskiego \u2013 pomimo wyroku s\u0105dowego.<\/p>\n<p>Lech Wa\u0142\u0119sa m\u00f3g\u0142 swoj\u0105 sam\u0105 my\u015bl wyrazi\u0107 bez \u201edurnia i g\u00f3wniarzy\u201d. Dbajmy o minimum elegancji. Nie zmienia to faktu, \u017ce mamy do czynienia z w\u0142adz\u0105 partaczy, kt\u00f3rzy psuj\u0105 demokracj\u0119 i wystawiaj\u0105 nasz kraj na po\u015bmiewisko. Psuj\u0105 demokracj\u0119, poniewa\u017c staraj\u0105 si\u0119 zagarn\u0105\u0107 i kontrolowa\u0107 wszystko. Redaguj\u0105 nawet \u015bci\u015ble tajny raport w sprawie likwidacji WSI, jak gdyby to by\u0142 artyku\u0142 w ich prywatnej gazecie \u2013 wykre\u015blaj\u0105 i dopisuj\u0105 kogo chc\u0105 i co chc\u0105, mimo \u017ce nie zezwala na to ustawa, i pomimo tego, \u017ce autorem raportu jest ich ukochany, jedyny i najlepszy specjalista w du\u017cym kraju europejskim \u2013 Antoni Macierewicz.<\/p>\n<p>Ma\u0142o tego: m\u0105\u017c stanu zwala na drugiego. Prezydent Kaczy\u0144ski m\u00f3wi, \u017ce \u201ema \u015bwiadk\u00f3w\u201d(!) na to, i\u017c marsza\u0142ek Borusewicz wnioskowa\u0142 o wykre\u015blenie jednego nazwiska, czy wr\u0119cz &#8211; fragmentu z raportu. Je\u017celi L.K. m\u00f3wi o \u015bwiadkach, to znaczy, \u017ce nie ma zaufania nawet do marsza\u0142ka Senatu i boi si\u0119, \u017ce Borusewicz zaprzeczy. Prezydent zachowa\u0142 si\u0119, jak gdyby fotel pod nim trzeszcza\u0142. Ludzie! &#8211; chcia\u0142oby si\u0119 zawo\u0142a\u0107 \u2013 czy rzecz dzieje si\u0119 w\u015br\u00f3d d\u017centelmen\u00f3w, pomi\u0119dzy pierwsz\u0105 a drug\u0105 osob\u0105 w pa\u0144stwie, czy te\u017c w towarzystwie, w kt\u00f3rym na ka\u017cde s\u0142owo trzeba mie\u0107 \u015bwiadk\u00f3w?!<\/p>\n<p>I co by by\u0142o, gdyby to Aleksander Kwa\u015bniewski na \u017cyczenie Longina Pastusiaka \u201eredagowa\u0142\u201d raport sporz\u0105dzony przez &#8211; dajmy na to &#8211;\u00a0ministra Spraw Wewn\u0119trznych Millera?<\/p>\n<p>Adiustacja raportu na kolanie, przecieki, gafy, jakie\u015b \u015bci\u015ble tajne wersje, kt\u00f3rych podobno nie by\u0142o, ale Giertych i Lepper je czytali, \u017c\u0105dania obu wicepremier\u00f3w, \u017ceby Kaczy\u0144scy pozbyli si\u0119 kompromituj\u0105cego Macierewicza, te szumne i ponure zapowiedzi &#8211; \u017ce gospodarka naszpikowana jest agentami WSI, \u017ce dziennikarze pisali i m\u00f3wili pod dyktando s\u0142u\u017cb, \u017ce macki wszechw\u0142adnych s\u0142u\u017cb oplot\u0142y ca\u0142y \u201eubekistan\u201d, wreszcie pospieszne wzywanie ambasador\u00f3w od Wiednia po Kuwejt \u2013 wszystko to jest bardzo smutne, wystawia nasz kraj na po\u015bmiewisko.<\/p>\n<p>Do tego dochodz\u0105 aroganckie, niedopuszczalne wypowiedzi min. Szczyg\u0142y na temat Lecha Wa\u0142\u0119sy (o kt\u00f3rych pisa\u0142em wczoraj) i propagandowo-populistyczny cyrk ze s\u0142u\u017cb\u0105 zdrowia. W ka\u017cdej z tych spraw \u2013 czy to nadu\u017cycia WSI, czy korupcja w s\u0142u\u017cbie zdrowia &#8211; jest ziarno prawdy, ale to s\u0105 sprawy dla historyk\u00f3w i sprawdzonych dzia\u0142aczy opozycji (casus Wa\u0142\u0119sa), dla prokuratury (casus dr G.), dla sejmowej komisji \u015bledczej (raport WSI), kt\u00f3ra oby powsta\u0142a, a nie pokazuchy dla telewizji, kajdanki zak\u0142adane ku chwale CBA i tandetne raporty likwidator\u00f3w Trzeciej RP. Ciemny nar\u00f3d to kupi \u2013 jak by powiedzia\u0142 Jacek Kurski, ale ludzie my\u015bl\u0105cy powinni wiedzie\u0107, \u017ce korupcja w s\u0142u\u017cbie zdrowia nie bierze si\u0119 st\u0105d, \u017ce dr G. ma z\u0142y charakter.<\/p>\n<p>Nic dziwnego, \u017ce \u015bwiat puka si\u0119 w czo\u0142o. Konserwatywny brytyjski tygodnik \u201eThe Economist\u201d, kt\u00f3ry istnieje ju\u017c ponad sto lat i w \u017cadnym wypadku nie jest zwi\u0105zany z SLD, jedno z najlepszych tego typu czasopism na \u015bwiecie, pisze, \u017ce polski rz\u0105d wykazuje objawy autodestrukcji. Co na to nasz prezydent? Oczywi\u015bcie: artyku\u0142 \u201eThe Economist\u201d jest \u201eskrajnie nieobiektywny\u201d i \u2013 a jak\u017ce! \u2013 \u201ehaniebny\u201d. Najwy\u017cszy czas, \u017ceby Macierewicz i Wassermann wszcz\u0119li \u015bledztwo w sprawie przeciek\u00f3w do londy\u0144skiej redakcji. Zn\u00f3w kto\u015b wypapla\u0142 to, o czym wszyscy wiedz\u0105.<\/p>\n","protected":false},"excerpt":{"rendered":"<p>Lech Wa\u0142\u0119sa nie powinien nazywa\u0107 prezydenta Kaczy\u0144skiego (ani nikogo innego!) durniem, a jego ministr\u00f3w \u2013 g\u00f3wniarzami. Powinien si\u0119 z tych s\u0142\u00f3w wycofa\u0107, a nawet za nie przeprosi\u0107. Nie przystoi by\u0142emu prezydentowi, \u017ceby u\u017cywa\u0142 takich wyraz\u00f3w. Nie przystoi tak\u017ce obecnemu prezydentowi, kt\u00f3ry nie przeprosi\u0142 Mieczys\u0142awa Wachowskiego \u2013 pomimo wyroku s\u0105dowego. Lech Wa\u0142\u0119sa m\u00f3g\u0142 swoj\u0105 sam\u0105 my\u015bl [&hellip;]<\/p>\n","protected":false},"author":4,"featured_media":0,"comment_status":"open","ping_status":"open","sticky":false,"template":"","format":"standard","meta":{"footnotes":""},"categories":[1],"tags":[],"_links":{"self":[{"href":"https:\/\/blog.polityka.pl\/passent\/wp-json\/wp\/v2\/posts\/224"}],"collection":[{"href":"https:\/\/blog.polityka.pl\/passent\/wp-json\/wp\/v2\/posts"}],"about":[{"href":"https:\/\/blog.polityka.pl\/passent\/wp-json\/wp\/v2\/types\/post"}],"author":[{"embeddable":true,"href":"https:\/\/blog.polityka.pl\/passent\/wp-json\/wp\/v2\/users\/4"}],"replies":[{"embeddable":true,"href":"https:\/\/blog.polityka.pl\/passent\/wp-json\/wp\/v2\/comments?post=224"}],"version-history":[{"count":0,"href":"https:\/\/blog.polityka.pl\/passent\/wp-json\/wp\/v2\/posts\/224\/revisions"}],"wp:attachment":[{"href":"https:\/\/blog.polityka.pl\/passent\/wp-json\/wp\/v2\/media?parent=224"}],"wp:term":[{"taxonomy":"category","embeddable":true,"href":"https:\/\/blog.polityka.pl\/passent\/wp-json\/wp\/v2\/categories?post=224"},{"taxonomy":"post_tag","embeddable":true,"href":"https:\/\/blog.polityka.pl\/passent\/wp-json\/wp\/v2\/tags?post=224"}],"curies":[{"name":"wp","href":"https:\/\/api.w.org\/{rel}","templated":true}]}}