
{"id":2244,"date":"2014-02-27T22:20:07","date_gmt":"2014-02-27T21:20:07","guid":{"rendered":"http:\/\/passent.blog.polityka.pl\/?p=2244"},"modified":"2014-02-28T12:56:46","modified_gmt":"2014-02-28T11:56:46","slug":"protasiewicz-nie-jest-sam","status":"publish","type":"post","link":"https:\/\/blog.polityka.pl\/passent\/2014\/02\/27\/protasiewicz-nie-jest-sam\/","title":{"rendered":"Protasiewicz nie jest sam"},"content":{"rendered":"<p><strong>Incydent z Jackiem Protasiewiczem na lotnisku we Frankfurcie by\u0142by \u015bmieszny, gdyby nie by\u0142 taki smutny i gdyby nie upowa\u017cnia\u0142 do szerszych obserwacji.<\/strong><\/p>\n<p>[<a href=\"http:\/\/www.polityka.pl\/forum\/1190631,kiedy-slowo-posel-bedzie-znaczylo-czlowiek-z-klasa.thread\" target=\"_blank\"><strong>DEBATA<\/strong>: Po sprawie nie tylko Jacka Protasiewicza, ale i wielu innych polskich parlamentarzyst\u00f3w wypada zada\u0107 pytanie, ile jeszcze czasu up\u0142ynie, zanim s\u0142owo &#8222;pose\u0142&#8221; b\u0119dzie znaczy\u0142o &#8222;cz\u0142owiek z klas\u0105&#8221;? Co Pa\u0144stwo s\u0105dz\u0105 na ten temat? <strong>Zach\u0119camy do dyskusji na naszym forum internetowym<\/strong>!<\/a>]<\/p>\n<p>Oto jeden z najbardziej znanych polityk\u00f3w partii rz\u0105dz\u0105cej, szef jej kampanii wyborczej do Parlamentu Europejskiego, zaufany przewodnicz\u0105cego Platformy  do rozprawy z Grzegorzem Schetyn\u0105 (r\u00f3\u017cnymi metodami),  deputowany do Parlamentu Europejskiego, przewodnicz\u0105cy  wa\u017cnego regionu PO, wdaje si\u0119 w jaki\u015b incydent z w\u00f3zkiem na lotnisku, k\u0142\u00f3ci si\u0119 z celnikiem, l\u0105duje w kajdankach na komisariacie, wymachuje paszportem dyplomatycznym, \u015bmie na swoj\u0105 \u201eobron\u0119\u201d przywo\u0142ywa\u0107 skojarzenia z II wojny \u015bwiatowej  i w nies\u0142awie wraca do Polski, po czym organizuje konferencj\u0119 prasow\u0105 nie po to, \u017ceby przeprosi\u0107, ale \u017ceby trwa\u0107 przy w\u0142asnej wersji wydarze\u0144, tzn., \u017ce zosta\u0142 sprowokowany, a poniewa\u017c by\u0142 po by\u0107 mo\u017ce dw\u00f3ch winach, to zareagowa\u0142.<!--more--><\/p>\n<p>To jest po prostu wstyd i mam nadziej\u0119, \u017ce Platforma (czytaj: Tusk) niefortunnego dzia\u0142acza ukarze, i to szybko. By\u0107 mo\u017ce ten i \u00f3w pomy\u015bli, \u017ce Protasiewicz to fajny go\u015b\u0107, kt\u00f3ry nie pozwoli\u0142, \u017ceby Niemiec plu\u0142 mu w twarz, ale wi\u0119kszo\u015b\u0107 uzna, \u017ce zamiast u\u017cera\u0107 si\u0119 z celnikiem, macha\u0107 paszportem i przywo\u0142ywa\u0107 wojn\u0119, mo\u017cna by\u0142o przej\u015b\u0107 nad manierami celnika do porz\u0105dku lub z\u0142o\u017cy\u0107 za\u017calenie.<\/p>\n<p>Ten incydent to cios w Platform\u0119, ale tak\u017ce kolejny przyk\u0142ad \u017ca\u0142osnego poziomu ludzi, kt\u00f3rzy nami rz\u0105dz\u0105 lub \u2013 szerzej \u2013 nale\u017c\u0105 do klasy politycznej. Incydent z Protasiewiczem jest bli\u017aniaczo podobny do incydentu z Janem Rokit\u0105. Wybuja\u0142e ego, bo ja nie jestem byle kim,  domaga si\u0119 pos\u0142usze\u0144stwa. Niedojrza\u0142y europose\u0142 Jacek Kurski nie tylko robi sobie fotografi\u0119 na tle barykady w Kijowie (co bym jeszcze rozumia\u0142 jako pami\u0105tk\u0119), ale wysy\u0142a te zdj\u0119cia do internetu. Nie widzi w tym nic niew\u0142a\u015bciwego, \u017ce tam, by\u0107 mo\u017ce na tej barykadzie, wczoraj gin\u0119li ludzie.<\/p>\n<p>Minister rz\u0105du polskiego S\u0142awomir Nowak jak dziecko cieszy si\u0119 zegarkami i wymienia si\u0119 nimi z kolegami. C\u00f3\u017c to za infantylizm! Taki sam jak skojarzenia Protasiewicza z hitlerowsk\u0105 okupacj\u0105 i bezczelno\u015b\u0107 z ich przywo\u0142ywaniem w sprzeczce z celnikiem. Zarobki wysokie, a kultura niska.  Dwaj pos\u0142owie pod gazem niszcz\u0105 w\u00f3zek golfowy b\u0119d\u0105cy w\u0142asno\u015bci\u0105 hotelu. Inny europose\u0142, kt\u00f3ry nie mo\u017ce za\u0142atwi\u0107 sobie habilitacji, wnosi o zmian\u0119 trybu ubiegania si\u0119 o ten tytu\u0142 naukowy. Inny przechwala si\u0119 przed kole\u017cankami swoimi walorami m\u0119skimi. Niekt\u00f3rzy pos\u0142owie notorycznie naruszaj\u0105 przepisy drogowe. Jacek Kurski jest ju\u017c z tego znany. Inni specjalizuj\u0105 si\u0119 w pysk\u00f3wkach, ch\u0119tnie si\u0119gaj\u0105 do mowy nienawi\u015bci. Bardziej przykrych spraw obyczajowych nawet nie wymieniam.<\/p>\n<p>Wszystko to razem powoduje, \u017ce autorytet polityk\u00f3w jest w Polsce bardzo niski, ludziom nie chce si\u0119 nawet i\u015b\u0107 do wybor\u00f3w, skoro w elicie w\u0142adzy nie brak prostak\u00f3w, kt\u00f3rzy przynosz\u0105 wstyd w kraju i zagranic\u0105. Ile czasu musi up\u0142yn\u0105\u0107, zanim s\u0142owo \u201epose\u0142\u201d b\u0119dzie znaczy\u0142o \u201ecz\u0142owiek z klas\u0105\u201d, kiedy nie b\u0119dziemy musieli si\u0119 wstydzi\u0107 za naszych wybra\u0144c\u00f3w?   I co zrobi\u0107, \u017ceby ten czas skr\u00f3ci\u0107?<\/p>\n<p>[<a href=\"http:\/\/www.polityka.pl\/forum\/1190631,kiedy-slowo-posel-bedzie-znaczylo-czlowiek-z-klasa.thread\" target=\"_blank\"><strong>DEBATA<\/strong>:  Po sprawie nie tylko Jacka Protasiewicza, ale i wielu innych polskich  parlamentarzyst\u00f3w wypada zada\u0107 pytanie, ile jeszcze czasu up\u0142ynie, zanim  s\u0142owo &#8222;pose\u0142&#8221; b\u0119dzie znaczy\u0142o &#8222;cz\u0142owiek z klas\u0105&#8221;? Co Pa\u0144stwo s\u0105dz\u0105 na  ten temat? <strong>Zach\u0119camy do dyskusji na naszym forum internetowym<\/strong>!<\/a>]<\/p>\n","protected":false},"excerpt":{"rendered":"<p>Incydent z Jackiem Protasiewiczem na lotnisku we Frankfurcie by\u0142by \u015bmieszny, gdyby nie by\u0142 taki smutny i gdyby nie upowa\u017cnia\u0142 do szerszych obserwacji. [DEBATA: Po sprawie nie tylko Jacka Protasiewicza, ale i wielu innych polskich parlamentarzyst\u00f3w wypada zada\u0107 pytanie, ile jeszcze czasu up\u0142ynie, zanim s\u0142owo &#8222;pose\u0142&#8221; b\u0119dzie znaczy\u0142o &#8222;cz\u0142owiek z klas\u0105&#8221;? Co Pa\u0144stwo s\u0105dz\u0105 na ten [&hellip;]<\/p>\n","protected":false},"author":4,"featured_media":0,"comment_status":"open","ping_status":"closed","sticky":false,"template":"","format":"standard","meta":{"footnotes":""},"categories":[1],"tags":[],"_links":{"self":[{"href":"https:\/\/blog.polityka.pl\/passent\/wp-json\/wp\/v2\/posts\/2244"}],"collection":[{"href":"https:\/\/blog.polityka.pl\/passent\/wp-json\/wp\/v2\/posts"}],"about":[{"href":"https:\/\/blog.polityka.pl\/passent\/wp-json\/wp\/v2\/types\/post"}],"author":[{"embeddable":true,"href":"https:\/\/blog.polityka.pl\/passent\/wp-json\/wp\/v2\/users\/4"}],"replies":[{"embeddable":true,"href":"https:\/\/blog.polityka.pl\/passent\/wp-json\/wp\/v2\/comments?post=2244"}],"version-history":[{"count":9,"href":"https:\/\/blog.polityka.pl\/passent\/wp-json\/wp\/v2\/posts\/2244\/revisions"}],"predecessor-version":[{"id":2249,"href":"https:\/\/blog.polityka.pl\/passent\/wp-json\/wp\/v2\/posts\/2244\/revisions\/2249"}],"wp:attachment":[{"href":"https:\/\/blog.polityka.pl\/passent\/wp-json\/wp\/v2\/media?parent=2244"}],"wp:term":[{"taxonomy":"category","embeddable":true,"href":"https:\/\/blog.polityka.pl\/passent\/wp-json\/wp\/v2\/categories?post=2244"},{"taxonomy":"post_tag","embeddable":true,"href":"https:\/\/blog.polityka.pl\/passent\/wp-json\/wp\/v2\/tags?post=2244"}],"curies":[{"name":"wp","href":"https:\/\/api.w.org\/{rel}","templated":true}]}}