
{"id":226,"date":"2007-02-22T09:21:58","date_gmt":"2007-02-22T08:21:58","guid":{"rendered":"http:\/\/passent.blog.polityka.pl\/?p=226"},"modified":"2007-02-22T09:21:58","modified_gmt":"2007-02-22T08:21:58","slug":"zenada","status":"publish","type":"post","link":"https:\/\/blog.polityka.pl\/passent\/2007\/02\/22\/zenada\/","title":{"rendered":"\u017benada"},"content":{"rendered":"<p>Dobrze, \u017ce Lech Wa\u0142\u0119sa przeprosi\u0142 za \u201edurnia\u201d.<br \/>\nDobrze, \u017ce Lech Kaczy\u0144ski wyg\u0142osi\u0142 w Dublinie odczyt o Polsce i Unii Europejskiej.<br \/>\nMy\u015bla\u0142em, \u017ce chocia\u017c raz b\u0119d\u0119 m\u00f3g\u0142 si\u0119 cieszy\u0107, bo niekt\u00f3rzy Blogowicze ubolewaj\u0105, \u017ce ci\u0105gle utyskuj\u0119 i narzekam na rz\u0105d.<\/p>\n<p>Niestety, trudno milcze\u0107, kiedy czyta si\u0119 to, co robi\u0105 K&#038;K. U\u017cywam bezbarwnego czasownika \u201erobi\u0105\u201d ze wzgl\u0119du na szacunek dla godno\u015bci, jakie piastuj\u0105. Pan Prezydent nie z\u0142o\u017cy\u0142 \u017cycze\u0144 prof. Bartoszewskiemu z okazji jubileuszu, poniewa\u017c wcze\u015bniej Jubilat podpisa\u0142 list o\u015bmiu krytykuj\u0105cy polityk\u0119 zagraniczn\u0105. To naprawd\u0119 po\u017ca\u0142owania godne zaniechanie i jeszcze bardziej \u017ca\u0142osne uzasadnienie. Prezydent obrazi\u0142 si\u0119 na sygnatariuszy listu i zerwa\u0142 z nimi znajomo\u015b\u0107. To\u017c to jest reakcja infantylna, wr\u0119cz dziecinna. Najpierw, zaraz po li\u015bcie \u201ebandy o\u015bmiu\u201d, Prezydent potraktowa\u0142 autor\u00f3w bardzo ostro i niesprawiedliwie, a teraz okazuje si\u0119, \u017ce w dodatku jest pami\u0119tliwy, nie chce \u2013 nawet na chwil\u0119 \u2013 zapomnie\u0107 po to, \u017ceby uhonorowa\u0107 jednego z najwybitniejszych Polak\u00f3w. Tak post\u0119puj\u0105c Lech Kaczy\u0144skie \u017ale przys\u0142u\u017cy\u0142 si\u0119 urz\u0119dowi, kt\u00f3ry powierzy\u0142 Mu nar\u00f3d.<\/p>\n<p>Na domiar z\u0142ego, dzie\u0144 p\u00f3\u017aniej z kolei premier da\u0142 upust swojej z\u0142o\u015bci na media i na dziennikarzy. Odpowiadaj\u0105c na sugesti\u0119 Paw\u0142a Wro\u0144skiego z \u201eGazety Wyborczej\u201d , \u017ce mediom nale\u017cy si\u0119 podzi\u0119kowania za to, \u017ce eksponowa\u0142y nadu\u017cycia WSI na d\u0142ugo przed raportem Macierewicza, szef rz\u0105du powiedzia\u0142: \u201eChcia\u0142bym pana poprosi\u0107, \u017ceby pan nie przekracza\u0142 roli, w kt\u00f3rej pan tutaj jest. PAN TU NIE JEST PO TO, \u017ceby udziela\u0107 mi porad, co ja mam zrobi\u0107. Ja ich nie przyjmuj\u0119 i ze wzgl\u0119d\u00f3w indywidualnych, i ze wzgl\u0119du na organ prasowy, kt\u00f3rego pan jest reprezentantem \u2013 KT\u00d3REGO SOBIE NIE CENI\u0118; tak to mo\u017cna, naj\u0142agodniej m\u00f3wi\u0105c, okre\u015bli\u0107. (\u2026) Niezale\u017cnie od tego, co pisano przedtem, dzisiaj bardzo powa\u017cna cz\u0119\u015b\u0107 pracownik\u00f3w medi\u00f3w \u2013 bo to chyba najw\u0142a\u015bciwsze okre\u015blenie \u2013 reaguje ze wzgl\u0119du na swoich dysponent\u00f3w w\u0142a\u015bnie w ten spos\u00f3b.\u201d (Podkr. \u2013 Pass).<\/p>\n<p>Innym razem szef rz\u0105du powiedzia\u0142, \u017ce \u201eW normalnym kraju \u017caden dziennikarz bez zagro\u017cenia kompromitacj\u0105 i WYELIMINOWANIEM nie m\u00f3g\u0142by m\u00f3wi\u0107 tego, co w Polsce m\u00f3wi\u0105 dziennikarze\u201d, a tak\u017ce, \u017ce \u201eznaczna cz\u0119\u015b\u0107 medi\u00f3w wchodzi w inna rol\u0119 ni\u017c ta, kt\u00f3ra powinna by\u0107 przez media spe\u0142niana w warunkach pa\u0144stwa demokratycznego. To jest poza jak\u0105kolwiek dyskusj\u0105\u201d.<\/p>\n<p>Ot\u00f3\u017c pan premier jest w b\u0142\u0119dzie \u2013 to nie jest poza dyskusj\u0105, lecz wr\u0119cz przeciwnie: pogl\u0105dy szefa rz\u0105du na media mog\u0105, a nawet powinny by\u0107 przedmiotem dyskusji. K&#038;K zachowuj\u0105 si\u0119 w spos\u00f3b napastliwy, pami\u0119tliwy i m\u015bciwy, alergicznie nie cierpi\u0105 krytyki i jej autor\u00f3w, bez wzgl\u0119du na to, czy chodzi o s\u0119dziwego Jubilata katolickiej prawicy czy m\u0142odego dziennikarza z laickiej centrolewicy (je\u015bli Pawe\u0142 Wro\u0144ski nie obrazi si\u0119 za takie kre\u015blenie).<\/p>\n<p>Poziom \u201eargument\u00f3w\u201d JK (\u201epan tu nie jest po to\u2026organ, kt\u00f3rego sobie nie ceni\u0119 \u2026 pracownicy medi\u00f3w reaguj\u0105 ze wzgl\u0119du na swoich dysponent\u00f3w\u201d) wskazuje nie po raz pierwszy, \u017ce premier nie rozumie czym s\u0105 wolne media w wolnym kraju i jeszcze w dodatku unosi si\u0119 ze z\u0142o\u015bci, ucieka si\u0119 do drobnych z\u0142o\u015bliwo\u015bci, nie umie kontrolowa\u0107 swoich emocji. Panu Premierowi wydaje si\u0119, \u017ce dziennikarze formu\u0142uj\u0105 swoje pogl\u0105dy ze wzgl\u0119du na swoich dysponent\u00f3w. Pan Premier myli \u201epracownik\u00f3w medi\u00f3w\u201d z \u201epracownikami w\u0142adzy\u201d, takimi jak min. Szczyg\u0142o.<br \/>\n\u00a0<br \/>\nPawe\u0142 Wro\u0144ski jest \u015bwietnym publicyst\u0105, ale nawet gdyby by\u0142 szeregowym, bezbarwnym dziennikarzem, szef rz\u0105du nie powinien go strofowa\u0107, gdy\u017c nie ma za co. Lekko ironiczna wypowied\u017a dziennikarza mie\u015bci\u0142a si\u0119 w granicach przyzwoito\u015bci. Reakcja premiera (zw\u0142aszcza s\u0142owa pod adresem \u201eGW\u201d) te granice przekracza. Mo\u017cna mie\u0107 rozmaite zastrze\u017cenia pod adresem \u201eGazety\u201d, sam mam z ni\u0105 na pie\u0144ku, ale szef rz\u0105du nie powinien przy\u0142\u0105cza\u0107 si\u0119 do \u201egazetofob\u00f3w\u201d, tylko pami\u0119ta\u0107, \u017ce zas\u0142ugi \u201eGazety\u201d znacznie przewy\u017cszaj\u0105 jej przewiny. A nawet gdyby by\u0142o odwrotnie, to nie tyle media, co autorytarne, nie znosz\u0105ce sprzeciwu, pogardliwe zachowania i pogl\u0105dy ludzi w\u0142adzy, stanowi\u0105 prawdziwe zagro\u017cenie.<\/p>\n","protected":false},"excerpt":{"rendered":"<p>Dobrze, \u017ce Lech Wa\u0142\u0119sa przeprosi\u0142 za \u201edurnia\u201d. Dobrze, \u017ce Lech Kaczy\u0144ski wyg\u0142osi\u0142 w Dublinie odczyt o Polsce i Unii Europejskiej. My\u015bla\u0142em, \u017ce chocia\u017c raz b\u0119d\u0119 m\u00f3g\u0142 si\u0119 cieszy\u0107, bo niekt\u00f3rzy Blogowicze ubolewaj\u0105, \u017ce ci\u0105gle utyskuj\u0119 i narzekam na rz\u0105d. Niestety, trudno milcze\u0107, kiedy czyta si\u0119 to, co robi\u0105 K&#038;K. U\u017cywam bezbarwnego czasownika \u201erobi\u0105\u201d ze wzgl\u0119du [&hellip;]<\/p>\n","protected":false},"author":4,"featured_media":0,"comment_status":"open","ping_status":"open","sticky":false,"template":"","format":"standard","meta":{"footnotes":""},"categories":[1],"tags":[],"_links":{"self":[{"href":"https:\/\/blog.polityka.pl\/passent\/wp-json\/wp\/v2\/posts\/226"}],"collection":[{"href":"https:\/\/blog.polityka.pl\/passent\/wp-json\/wp\/v2\/posts"}],"about":[{"href":"https:\/\/blog.polityka.pl\/passent\/wp-json\/wp\/v2\/types\/post"}],"author":[{"embeddable":true,"href":"https:\/\/blog.polityka.pl\/passent\/wp-json\/wp\/v2\/users\/4"}],"replies":[{"embeddable":true,"href":"https:\/\/blog.polityka.pl\/passent\/wp-json\/wp\/v2\/comments?post=226"}],"version-history":[{"count":0,"href":"https:\/\/blog.polityka.pl\/passent\/wp-json\/wp\/v2\/posts\/226\/revisions"}],"wp:attachment":[{"href":"https:\/\/blog.polityka.pl\/passent\/wp-json\/wp\/v2\/media?parent=226"}],"wp:term":[{"taxonomy":"category","embeddable":true,"href":"https:\/\/blog.polityka.pl\/passent\/wp-json\/wp\/v2\/categories?post=226"},{"taxonomy":"post_tag","embeddable":true,"href":"https:\/\/blog.polityka.pl\/passent\/wp-json\/wp\/v2\/tags?post=226"}],"curies":[{"name":"wp","href":"https:\/\/api.w.org\/{rel}","templated":true}]}}