
{"id":2287,"date":"2014-03-20T00:13:01","date_gmt":"2014-03-19T23:13:01","guid":{"rendered":"http:\/\/passent.blog.polityka.pl\/?p=2287"},"modified":"2014-03-20T13:57:02","modified_gmt":"2014-03-20T12:57:02","slug":"grunt-to-spokoj","status":"publish","type":"post","link":"https:\/\/blog.polityka.pl\/passent\/2014\/03\/20\/grunt-to-spokoj\/","title":{"rendered":"Or\u0119dzie premiera Tuska: grunt to spok\u00f3j"},"content":{"rendered":"<p>\u015arodowe or\u0119dzie Donalda Tuska cechowa\u0142y przede wszystkim spok\u00f3j, rozwaga, pow\u015bci\u0105gliwo\u015b\u0107 \u00a0w s\u0142owach. A wiadomo\u015bci wieczorne by\u0142y dramatyczne: zerwanie przez Ukrain\u0119 stosunk\u00f3w dyplomatycznych z Rosj\u0105, ultimatum postawione przez Ukrain\u0119 wobec Rosji, \u017ceby do godziny 20 uwolni\u0142a zak\u0142adnik\u00f3w, w tym dow\u00f3dc\u0119 ukrai\u0144skiej marynarki wojennej etc. Na tym tle Tusk wyst\u0105pi\u0142 z ch\u0142odn\u0105 analiz\u0105 sytuacji. Wydaje si\u0119, \u017ce trosk\u0105\u00a0nr 1 premiera jest bezpiecze\u0144stwo zewn\u0119trzne i wewn\u0119trzne Polski, podobnie jak kilka dni temu, kiedy ostrzega\u0142 przed mo\u017cliw\u0105 prowokacj\u0105 na terenie naszego kraju, ale wywo\u0142an\u0105 nie przez nas.<br \/>\n<!--more--><br \/>\nZamiast p\u0142omiennej mowy Tusk podkre\u015bla\u0142, \u017ce Polska jest bezpieczna, tak\u017ce w dziedzinie energetyki, akcentowa\u0142, i\u017c Polska prowadzi polityk\u0119 dojrza\u0142\u0105 (czytaj: nie awanturnicz\u0105). Apelowa\u0142, \u017ceby doceni\u0107 reformy, jakie w Polsce wprowadzono po 1989 roku, dzi\u0119ki czemu jeste\u015bmy w jak\u017ce innej sytuacji ni\u017c Ukraina. Jednym z filar\u00f3w naszego bezpiecze\u0144stwa jest pozycja w Unii Europejskiej, znaczenie Polski w kszta\u0142towaniu polityki wschodniej Unii. Tusk wskaza\u0142 wreszcie na znaczenie sojuszu ze Stanami Zjednoczonymi i fakt, \u017ce \u00a0w dniu agresji Rosji na Ukrain\u0119 nie ca\u0142kiem przypadkowo w Warszawie przebywa\u0142 wiceprezydent USA Joe Biden, kt\u00f3ry potwierdzi\u0142 gwarancje naszego bezpiecze\u0144stwa tak\u017ce przez nasz udzia\u0142 w NATO i fakt, \u017ce Polska sprawdzi\u0142a si\u0119 jako sojusznik. Premier podkre\u015bli\u0142, \u017ce udzia\u0142 polskich \u017co\u0142nierzy w misjach specjalnych USA by\u0142 dobr\u0105 inwestycj\u0105 w nasze bezpiecze\u0144stwo.<\/p>\n<p>Tusk nazwa\u0142 agresj\u0119 rosyjsk\u0105 po imieniu, ale w oszcz\u0119dnych s\u0142owach. Wida\u0107, \u017ce nie chce zatrzaskiwa\u0107 \u00a0drzwi do kontakt\u00f3w z Moskw\u0105. Ch\u0142odne, pow\u015bci\u0105gliwe wyst\u0105pienie Tuska potwierdza, \u017ce w obecnym kryzysie wzi\u0105\u0142 na siebie \u00a0rol\u0119 powa\u017cnego m\u0119\u017ca stanu, pozostawiaj\u0105c rol\u0119 harcownik\u00f3w innym, nie zaczepi\u0142 opozycji, nie por\u00f3wnywa\u0142 Putina do Hitlera, nie m\u00f3wi\u0142 o nowym Monachium, kierowa\u0142 si\u0119 chyba tym, \u017ceby nie wybiec przed szereg, jaki tworz\u0105 g\u0142\u00f3wne pa\u0144stwa Unii Europejskiej. Tym bardziej, \u017ce jego wywa\u017cony g\u0142os rozleg\u0142 si\u0119 w przeddzie\u0144 szczytu unijnego, kt\u00f3ry ma podj\u0105\u0107 decyzje w sprawie dalszych sankcji wobec Rosji. Zapewne gromkie s\u0142owa nie znalaz\u0142yby potwierdzenia w tych sankcjach, kt\u00f3re nie b\u0119d\u0105 drastyczne, dlatego Tusk wola\u0142 nie wzbudza\u0107 nadmiernych emocji i oczekiwa\u0144.<a href=\"\/wp-content\/uploads\/2014\/03\/20049766.jpg\"><img loading=\"lazy\" decoding=\"async\" src=\"\/wp-content\/uploads\/2014\/03\/20049766.jpg\" alt=\"\" title=\"20049766\" width=\"798\" height=\"430\" class=\"aligncenter size-full wp-image-2308\" srcset=\"\/passent\/wp-content\/uploads\/2014\/03\/20049766.jpg 798w, \/passent\/wp-content\/uploads\/2014\/03\/20049766-300x161.jpg 300w\" sizes=\"(max-width: 798px) 100vw, 798px\" \/><\/a><\/p>\n","protected":false},"excerpt":{"rendered":"<p>\u015arodowe or\u0119dzie Donalda Tuska cechowa\u0142y przede wszystkim spok\u00f3j, rozwaga, pow\u015bci\u0105gliwo\u015b\u0107 \u00a0w s\u0142owach. A wiadomo\u015bci wieczorne by\u0142y dramatyczne: zerwanie przez Ukrain\u0119 stosunk\u00f3w dyplomatycznych z Rosj\u0105, ultimatum postawione przez Ukrain\u0119 wobec Rosji, \u017ceby do godziny 20 uwolni\u0142a zak\u0142adnik\u00f3w, w tym dow\u00f3dc\u0119 ukrai\u0144skiej marynarki wojennej etc. Na tym tle Tusk wyst\u0105pi\u0142 z ch\u0142odn\u0105 analiz\u0105 sytuacji. Wydaje si\u0119, \u017ce [&hellip;]<\/p>\n","protected":false},"author":4,"featured_media":0,"comment_status":"open","ping_status":"closed","sticky":false,"template":"","format":"standard","meta":{"footnotes":""},"categories":[1],"tags":[],"_links":{"self":[{"href":"https:\/\/blog.polityka.pl\/passent\/wp-json\/wp\/v2\/posts\/2287"}],"collection":[{"href":"https:\/\/blog.polityka.pl\/passent\/wp-json\/wp\/v2\/posts"}],"about":[{"href":"https:\/\/blog.polityka.pl\/passent\/wp-json\/wp\/v2\/types\/post"}],"author":[{"embeddable":true,"href":"https:\/\/blog.polityka.pl\/passent\/wp-json\/wp\/v2\/users\/4"}],"replies":[{"embeddable":true,"href":"https:\/\/blog.polityka.pl\/passent\/wp-json\/wp\/v2\/comments?post=2287"}],"version-history":[{"count":21,"href":"https:\/\/blog.polityka.pl\/passent\/wp-json\/wp\/v2\/posts\/2287\/revisions"}],"predecessor-version":[{"id":2292,"href":"https:\/\/blog.polityka.pl\/passent\/wp-json\/wp\/v2\/posts\/2287\/revisions\/2292"}],"wp:attachment":[{"href":"https:\/\/blog.polityka.pl\/passent\/wp-json\/wp\/v2\/media?parent=2287"}],"wp:term":[{"taxonomy":"category","embeddable":true,"href":"https:\/\/blog.polityka.pl\/passent\/wp-json\/wp\/v2\/categories?post=2287"},{"taxonomy":"post_tag","embeddable":true,"href":"https:\/\/blog.polityka.pl\/passent\/wp-json\/wp\/v2\/tags?post=2287"}],"curies":[{"name":"wp","href":"https:\/\/api.w.org\/{rel}","templated":true}]}}