
{"id":231,"date":"2007-03-05T07:03:42","date_gmt":"2007-03-05T06:03:42","guid":{"rendered":"http:\/\/passent.blog.polityka.pl\/?p=231"},"modified":"2007-03-04T23:04:36","modified_gmt":"2007-03-04T22:04:36","slug":"pasztet-tygodnia","status":"publish","type":"post","link":"https:\/\/blog.polityka.pl\/passent\/2007\/03\/05\/pasztet-tygodnia\/","title":{"rendered":"Pasztet tygodnia"},"content":{"rendered":"<p><strong>AWANTURNICTWO<\/strong>. Mam na my\u015bli inicjatyw\u0119 Marka Jurka i innych aposto\u0142\u00f3w zmiany konstytucji, a tak\u017ce popisy Macieja i Romana Giertych\u00f3w w Unii Europejskiej. Obgryziona przez PIS Liga Polskich Rodzin traci grunt pod nogami, jej poparcie mie\u015bci si\u0119 w granicach b\u0142\u0119du statystycznego, wszczyna wi\u0119c kolejn\u0105 awantur\u0119, \u017ceby przypomnie\u0107 o swoim istnieniu i o swojej to\u017csamo\u015bci. Szkoda tylko, \u017ce w imieniu Polski robi to na oczach Europy, gdzie panowie wystawiaj\u0105 nas na po\u015bmiewisko. Polska trafi\u0142a na pierwsze strony gazet nawet w odleg\u0142ej Hiszpanii. Nikt tam nie bawi si\u0119 w subtelno\u015bci w rodzaju \u201eczy polski wicepremier uzgodni\u0142 swoj\u0105 wypowied\u017a z premierem?\u201d. Kogo to obchodzi? \u201eEl Pais\u201d pisze o Giertychu per \u201eNr 2 w Polsce\u201d, chyba troch\u0119 na wyrost.<\/p>\n<p><strong>BEZCZELNO\u015a\u0106<\/strong> &#8211; to cudowne ozdrowienie Miss I Programu TVP. Od kilku miesi\u0119cy ob\u0142o\u017cnie chora na Wildsteina, przebywaj\u0105ca na zwolnieniu i pobieraj\u0105ca \u201echorobowe\u201d z kieszeni publicznej (wszak chodzi o TV publiczn\u0105 i ZUS), Miss Jedynki od\u017cy\u0142a w wyniku operacji dokonanej przez Jaros\u0142awa Kaczy\u0144skiego na prezesie. Zmartwychwsta\u0142a i od jutra ma by\u0107 zdolna do pracy. Takie cuda zdarzaj\u0105 si\u0119 w pa\u0144stwie prawa i sprawiedliwo\u015bci. Gdyby to by\u0142o w III RP, to CBA ju\u017c by tam siedzia\u0142a po czubki kominiarek.<\/p>\n<p><strong>CHAMSTWO<\/strong> \u2013 tak mo\u017cna nazwa\u0107 wybryk polskiego tygodnika, kt\u00f3ry przedstawi\u0142 kanclerz Angel\u0119 Merkel na podobie\u0144stwo Hitlera. Mam nadziej\u0119, \u017ce wypowiedz\u0105 si\u0119 w tej sprawie miarodajne osobisto\u015bci, kt\u00f3re nazwa\u0142y \u201ehaniebn\u0105\u201d publikacj\u0119 \u201eTagesszeitung\u201d por\u00f3wnuj\u0105c\u0105 naszego prezydenta do kartofla. Je\u017celi \u017c\u0105dali\u015bmy (min. Fotyga) od Niemiec przeprosin i \u015bledztwa w sprawie kartofla, a pose\u0142 Gosiewski m\u00f3wi\u0142 nawet o europejskim nakazie aresztowania (!), to ciekawe, jak zareaguj\u0105 teraz Niemcy na wybryk polskiego tygodnika i jaka b\u0119dzie reakcja czynnik\u00f3w polskich. Ju\u017c widz\u0119 kajdanki na r\u0119kach redaktora, a potem ekstradycja do Niemiec.<\/p>\n<p><strong>DEMAGOGIA<\/strong> \u2013 to wmawianie, \u017ce Bronis\u0142aw Wildstein zosta\u0142 zwolniony poniewa\u017c by\u0142 niesterowalny i niezale\u017cny. Po c\u00f3\u017c mia\u0142 by\u0107 sterowalny, skoro sam gwarantowa\u0142 w\u0142a\u015bciwy kurs? By\u0142 jednym z najbardziej odwa\u017cnych i zdecydowanych przeciwnik\u00f3w III RP, Uk\u0142adu, Salonu i diabe\u0142 wie czego, wi\u0119c sterowania nie wymaga\u0142. W praktyce jego Telewizja okaza\u0142a si\u0119 za ma\u0142o dworska, za ma\u0142o nadskakiwa\u0142a mocodawcom, nie do\u015b\u0107 wychwala\u0142a ich dokonania, nie doceni\u0142 Kaczy\u0144skich, ale czy to wystarczy na bohatera narodowego? Dzisiaj by\u0107 w awangardzie IV RP \u2013 jaka to niezale\u017cno\u015b\u0107?<\/p>\n<p><strong>G\u0141UPOTA<\/strong> \u2013 patrz wywiad red. Mazurka (\u201eDziennik\u201d) z Monik\u0105 Olejnik. Rozlicza on M.O. z pisowskiego punktu widzenia. \u017bali si\u0119 na \u201eantypisowsk\u0105 histeri\u0119\u201d, wyci\u0105ga pochwa\u0142y pod adresem obecnego rz\u0105du, potem wypytuje dlaczego dziennikarka nie przes\u0142ucha\u0142a Komorowskiego sk\u0105d mia\u0142 pieni\u0105dze, dlaczego pi\u0142a z dzi\u00f3bka Dukaczewskiemu, wreszcie dobiera si\u0119 do przesz\u0142o\u015bci, czyli do pracy Moniki Olejnik w radiowej Tr\u00f3jce w latach 80.: \u201eTwoim g\u0142\u00f3wnym zaj\u0119ciem by\u0142o robienie reporta\u017cy, w kt\u00f3rych nie mog\u0142a\u015b powiedzie\u0107 prawdy\u201d \u2013 m\u00f3wi.<br \/>\nG\u0142upota tego pytania jest bezdenna. Ledwo sko\u0144czy\u0142o si\u0119 nabo\u017ce\u0144stwo ku czci Kapu\u015bci\u0144skiego, a ju\u017c okazuje si\u0119, \u017ce przed 89 r. nie mo\u017cna by\u0142o uprawia\u0107 reporta\u017cu, bo by\u0142a cenzura. Oczywi\u015bcie, \u017ce by\u0142a, usta i pi\u00f3ra by\u0142y skr\u0119powane, za zbyt odwa\u017cne reporta\u017ce autor\u00f3w i redakcje spotyka\u0142y nieprzyjemno\u015bci, ale to w\u0142a\u015bnie by\u0142o wyzwaniem; pomimo tego, a mo\u017ce nawet dzi\u0119ki temu, \u017ce nie mo\u017cna by\u0142o pisa\u0107 wprost, rozwija\u0142o si\u0119 kino niepokoju moralnego, dokument filmowy, polska szko\u0142a filmowa, ludzie walili na Mro\u017cka i na \u201eDziady\u201d (i walono za to ludzi!), Krall\u00f3wna, Kapu\u015bci\u0144ski i wielu innych wznosili si\u0119 wtedy na wy\u017cyny. Mimo obowi\u0105zuj\u0105cych serwitut\u00f3w, \u201eTr\u00f3jka\u201d to by\u0142o radio dobre, a nawet \u201efantastyczne\u201d, jak powiedzia\u0142a p. Monika, i to wcale nie znaczy, \u017ce fantastyczna by\u0142a PRL. Gdyby wszyscy, kt\u00f3rzy nie mogli m\u00f3wi\u0107 ca\u0142ej prawdy, mieli wtedy milcze\u0107, to nie by\u0142oby szk\u00f3\u0142, uniwersytet\u00f3w, ko\u015bcio\u0142\u00f3w, gazet, radia, i B\u00f3g wie czego. R\u0119ce opadaj\u0105, kiedy czyta si\u0119 Mazurka. Jest taki gorliwy, \u017ce strach pomy\u015ble\u0107, co pisa\u0142by wtedy.<\/p>\n<p><strong>HUCPA<\/strong> \u2013 to m\u00f3wienie, \u017ce \u201euk\u0142ad\u201d zaw\u0142aszczy\u0142 media publiczne i inne sp\u00f3\u0142ki Skarbu Pa\u0144stwa, a jednocze\u015bnie mianowanie swoich zaufanych na przewodnicz\u0105c\u0105 KRRiTV, przewodnicz\u0105 Rady Nadzorczej TVP, prezesa TVP, jego nast\u0119pcy, czyli p.o. prezesa, dalej dyrektora TVP 1, to samo z PAP, Polskim Radiem, \u201eRz\u201d itp. I to wszystko w ramach zapowiadanego \u201ewzmo\u017cenia moralnego\u201d.<\/p>\n<p><strong>K\u0141AMSTWO<\/strong> \u2013 kiedy minister Edukacji i wicepremier polskiego rz\u0105du, twierdzi (Radio Zet), \u017ce rz\u0105d Hiszpanii jest \u201esocjalistyczny, a w\u0142a\u015bciwie komunistyczny\u201d. Nie podejmuj\u0119 si\u0119 wyt\u0142umaczy\u0107 min. Giertychowi czym r\u00f3\u017cni si\u0119 rz\u0105d hiszpa\u0144ski od kuba\u0144skiego czy p\u00f3\u0142nocno-korea\u0144skiego, premier Zapatero od Stalina, Bieruta czy Ulbrichta, a tak\u017ce, \u017ce Hiszpania jest monarchi\u0105 (!!!), ale domy\u015blam si\u0119, jakie ma \u201edowody\u201d wicepremier: \u201ekomunistyczna\u201d Hiszpania jest w awangardzie przemian obyczajowych, u\u0142atwi\u0142a rozwody, szanuje mniejszo\u015bci, udost\u0119pnia \u015brodki antykoncepcyjne (by\u0142em akurat w Madrycie, kiedy konserwatywny burmistrz tego miasta z Partii Ludowej inaugurowa\u0142 kolejn\u0105 przychodni\u0119, w kt\u00f3rej m\u0142ode kobiety pod kontrol\u0105 lekarza mog\u0105 otrzyma\u0107 za darmo pigu\u0142k\u0119 typu \u201enazajutrz rano\u201d), traktuje kobiety jak ludzi, pozwala si\u0119 ca\u0142owa\u0107 w kinie (zakazane w czasie Franco), dopuszcza minisp\u00f3dnice (zakazane w czasie Franco). Fakt, \u017ce za mojej m\u0142odo\u015bci, w kinie nomen omen \u201eMoskwa\u201d, mo\u017cna si\u0119 by\u0142o ca\u0142owa\u0107, istotnie czyni dzisiejsz\u0105 Hiszpani\u0119 podobn\u0105 do PRL.<\/p>\n<p><strong>REPRESJE<\/strong>: Warto zwr\u00f3ci\u0107 uwag\u0119, jakie zr\u00f3\u017cnicowane represje stosuj\u0105 dziennikarze IV RP za zwolnienie prezesa: od odej\u015bcia z pracy (Jacek Karnowski), poprzez rezygnacj\u0119 ze wsp\u00f3\u0142pracy (Igor Janke, Micha\u0142 Karnowski), udanie si\u0119 na urlop (Dorota Gawryluk), publiczne pot\u0119pienie Kaczy\u0144skich, a\u017c po pogro\u017cenie palcem. Palcem pogrozi\u0142 Jan Pospieszalski, kt\u00f3ry zagrozi\u0142, \u017ce je\u017celi TVP zrobi mu kuku, wtedy on zrobi kuku telewizji. Na razie J.P. nie dostrzeg\u0142 powodu, \u017ceby zrobi\u0107 kuku.<\/p>\n","protected":false},"excerpt":{"rendered":"<p>AWANTURNICTWO. Mam na my\u015bli inicjatyw\u0119 Marka Jurka i innych aposto\u0142\u00f3w zmiany konstytucji, a tak\u017ce popisy Macieja i Romana Giertych\u00f3w w Unii Europejskiej. Obgryziona przez PIS Liga Polskich Rodzin traci grunt pod nogami, jej poparcie mie\u015bci si\u0119 w granicach b\u0142\u0119du statystycznego, wszczyna wi\u0119c kolejn\u0105 awantur\u0119, \u017ceby przypomnie\u0107 o swoim istnieniu i o swojej to\u017csamo\u015bci. Szkoda tylko, [&hellip;]<\/p>\n","protected":false},"author":4,"featured_media":0,"comment_status":"open","ping_status":"open","sticky":false,"template":"","format":"standard","meta":{"footnotes":""},"categories":[1],"tags":[],"_links":{"self":[{"href":"https:\/\/blog.polityka.pl\/passent\/wp-json\/wp\/v2\/posts\/231"}],"collection":[{"href":"https:\/\/blog.polityka.pl\/passent\/wp-json\/wp\/v2\/posts"}],"about":[{"href":"https:\/\/blog.polityka.pl\/passent\/wp-json\/wp\/v2\/types\/post"}],"author":[{"embeddable":true,"href":"https:\/\/blog.polityka.pl\/passent\/wp-json\/wp\/v2\/users\/4"}],"replies":[{"embeddable":true,"href":"https:\/\/blog.polityka.pl\/passent\/wp-json\/wp\/v2\/comments?post=231"}],"version-history":[{"count":0,"href":"https:\/\/blog.polityka.pl\/passent\/wp-json\/wp\/v2\/posts\/231\/revisions"}],"wp:attachment":[{"href":"https:\/\/blog.polityka.pl\/passent\/wp-json\/wp\/v2\/media?parent=231"}],"wp:term":[{"taxonomy":"category","embeddable":true,"href":"https:\/\/blog.polityka.pl\/passent\/wp-json\/wp\/v2\/categories?post=231"},{"taxonomy":"post_tag","embeddable":true,"href":"https:\/\/blog.polityka.pl\/passent\/wp-json\/wp\/v2\/tags?post=231"}],"curies":[{"name":"wp","href":"https:\/\/api.w.org\/{rel}","templated":true}]}}