
{"id":2310,"date":"2014-03-24T12:38:28","date_gmt":"2014-03-24T11:38:28","guid":{"rendered":"http:\/\/passent.blog.polityka.pl\/?p=2310"},"modified":"2014-03-25T12:58:38","modified_gmt":"2014-03-25T11:58:38","slug":"tusk-w-opalach","status":"publish","type":"post","link":"https:\/\/blog.polityka.pl\/passent\/2014\/03\/24\/tusk-w-opalach\/","title":{"rendered":"Konflikt z rodzicami, czyli Tusk w opa\u0142ach"},"content":{"rendered":"<p>Bardzo jestem ciekaw, jak premier Tusk poradzi sobie w konflikcie z rodzicami dzieci niepe\u0142nosprawnych. Sytuacja bolesna i pasjonuj\u0105ca. W czasie kiedy Tusk i Platforma \u015bwi\u0119c\u0105 triumfy w kraju i w Europie, na ty\u0142ach, w Sejmie, wybuch\u0142 granat.<br \/>\n<!--more--><br \/>\nPolitycy Solidarnej Polski (pose\u0142 Arkadiusz Mularczyk) zadbali, \u017ceby jak najbardziej uzasadniony gniew rodzic\u00f3w, kt\u00f3rzy piel\u0119gnuj\u0105 kalekie dzieci, rozleg\u0142 si\u0119 w samym gmachu parlamentu. Wielodniowa okupacja Sejmu jest w polskiej praktyce zjawiskiem rzadkim, mo\u017ce nawet niespotykanym.<\/p>\n<p>Sytuacja obu stron jest bardzo trudna. Rodzice s\u0105 zdesperowani, wsparcie 820 z\u0142otych miesi\u0119cznie nie pokrywa zaniechania pracy zawodowej przez jedno z rodzic\u00f3w i na og\u00f3\u0142 nie rekompensuje koszt\u00f3w opieki nad chorym dzieckiem. Gniew rodzic\u00f3w jest tym wi\u0119kszy, \u017ce czuj\u0105 si\u0119 zwodzeni i zawiedzeni realizacj\u0105 dotychczasowych ustale\u0144. Maj\u0105 do\u015b\u0107 czekania na 2015 i 2016, chc\u0105 pieni\u0119dzy tu i teraz. Utwierdzaj\u0105 ich w tym przekonaniu politycy opozycji, z Jaros\u0142awem Kaczy\u0144skim na czele, podobno Piotr Duda i Solidarno\u015b\u0107 ju\u017c s\u0105 w drodze. Ochrona bud\u017cetu nie jest ich specjalno\u015bci\u0105.<a href=\"\/wp-content\/uploads\/2014\/03\/20049924.jpg\"><img loading=\"lazy\" decoding=\"async\" class=\"aligncenter size-full wp-image-2320\" title=\"20049924\" src=\"\/wp-content\/uploads\/2014\/03\/20049924.jpg\" alt=\"\" width=\"798\" height=\"430\" srcset=\"\/passent\/wp-content\/uploads\/2014\/03\/20049924.jpg 798w, \/passent\/wp-content\/uploads\/2014\/03\/20049924-300x161.jpg 300w\" sizes=\"(max-width: 798px) 100vw, 798px\" \/><\/a>Z drugiej strony pe\u0142ne gniewu s\u0142owa (\u201ek\u0142amca\u201d, \u201eoszust\u201d) pod adresem Tuska nie wszystkim mog\u0105 si\u0119 podoba\u0107. Cz\u0119\u015b\u0107 opinii publicznej uto\u017csamia si\u0119 z rz\u0105dem jako przedstawicielem pa\u0144stwa. Transmisja negocjacji na \u017cywo przez telewizj\u0119 podnosi temperatur\u0119. Kolejne \u015brodowiska, w tym inwalidzi, doros\u0142e osoby niepe\u0142nosprawne, wybieraj\u0105 si\u0119 ju\u017c do Sejmu, tak\u017ce zmiennicy i zmienniczki rodzic\u00f3w, kt\u00f3rzy przebywaj\u0105 na Wiejskiej w tej chwili.<\/p>\n<p>Komentarze, jakie si\u0119 s\u0142yszy, s\u0105 rozmaite. Niekt\u00f3rzy uwa\u017caj\u0105, \u017ce premier w og\u00f3le nie powinien bra\u0107 udzia\u0142u w rozmowach na ten temat w kuluarach Sejmu, gdy\u017c jego priorytetem w tej chwili powinno by\u0107 bezpiecze\u0144stwo pa\u0144stwa i to, co dzieje si\u0119 na Ukrainie. Inni s\u0105 zdania, \u017ce Donald Tusk, sk\u0105din\u0105d do\u015bwiadczony taktyk, swoj\u0105 cierpliwo\u015bci\u0105 i uwag\u0105 po\u015bwi\u0119con\u0105 sprawie, raczej zyska w opinii publicznej przed wyborami, ni\u017c straci.<\/p>\n<p>Jeszcze inni domagaj\u0105 si\u0119, \u017ceby premier pilnowa\u0142 bud\u017cetu i nie ulega\u0142 naciskom, nawet najbardziej uzasadnionym. Przy okazji wyci\u0105ga si\u0119 koalicji rz\u0105dz\u0105cej zaniechania w dziedzinie polityki socjalnej i finansowej, tolerowanie \u2013 ze wzgl\u0119d\u00f3w politycznych &#8211; systemu KRUS, przywilej\u00f3w nauczycieli, g\u00f3rnik\u00f3w, silnych \u015brodowisk, kosztem s\u0142abszych, takich jak rodzice niepe\u0142nosprawnych dzieci, dalej wydatki na \u015awi\u0105tyni\u0119 Opatrzno\u015bci, Euro 2012, finansowanie partii politycznych.<\/p>\n<p>Tusk jest w opa\u0142ach troch\u0119 z w\u0142asnej winy \u2013 wi\u0119cej ust\u0105pi\u0107 trudno, bo czeka ju\u017c kolejka innych \u015brodowisk pokrzywdzonych. Uleg\u0142 ju\u017c w sprawie ACTA i matek I kwarta\u0142u. Nie ust\u0105pi\u0107 i czeka\u0107 a\u017c marsza\u0142ek Sejmu u\u017cyje stra\u017cy marsza\u0142kowskiej te\u017c nie mo\u017ce. Widok szefa rz\u0105du w pojedynku s\u0142ownym z rodzicami na tle ci\u0119\u017cko chorych dzieci i biwakuj\u0105cych rodzic\u00f3w \u2013 wszystko to wydaje si\u0119 chore.<\/p>\n<p>Trudno sobie wyobrazi\u0107 okupacj\u0119 Kongresu, Kortez\u00f3w czy Izby Gmin. Wola\u0142bym, \u017ceby i u nas skuteczne by\u0142y inne formy protestu.<\/p>\n","protected":false},"excerpt":{"rendered":"<p>Bardzo jestem ciekaw, jak premier Tusk poradzi sobie w konflikcie z rodzicami dzieci niepe\u0142nosprawnych. Sytuacja bolesna i pasjonuj\u0105ca. W czasie kiedy Tusk i Platforma \u015bwi\u0119c\u0105 triumfy w kraju i w Europie, na ty\u0142ach, w Sejmie, wybuch\u0142 granat.<\/p>\n","protected":false},"author":4,"featured_media":0,"comment_status":"open","ping_status":"closed","sticky":false,"template":"","format":"standard","meta":{"footnotes":""},"categories":[1],"tags":[],"_links":{"self":[{"href":"https:\/\/blog.polityka.pl\/passent\/wp-json\/wp\/v2\/posts\/2310"}],"collection":[{"href":"https:\/\/blog.polityka.pl\/passent\/wp-json\/wp\/v2\/posts"}],"about":[{"href":"https:\/\/blog.polityka.pl\/passent\/wp-json\/wp\/v2\/types\/post"}],"author":[{"embeddable":true,"href":"https:\/\/blog.polityka.pl\/passent\/wp-json\/wp\/v2\/users\/4"}],"replies":[{"embeddable":true,"href":"https:\/\/blog.polityka.pl\/passent\/wp-json\/wp\/v2\/comments?post=2310"}],"version-history":[{"count":13,"href":"https:\/\/blog.polityka.pl\/passent\/wp-json\/wp\/v2\/posts\/2310\/revisions"}],"predecessor-version":[{"id":2314,"href":"https:\/\/blog.polityka.pl\/passent\/wp-json\/wp\/v2\/posts\/2310\/revisions\/2314"}],"wp:attachment":[{"href":"https:\/\/blog.polityka.pl\/passent\/wp-json\/wp\/v2\/media?parent=2310"}],"wp:term":[{"taxonomy":"category","embeddable":true,"href":"https:\/\/blog.polityka.pl\/passent\/wp-json\/wp\/v2\/categories?post=2310"},{"taxonomy":"post_tag","embeddable":true,"href":"https:\/\/blog.polityka.pl\/passent\/wp-json\/wp\/v2\/tags?post=2310"}],"curies":[{"name":"wp","href":"https:\/\/api.w.org\/{rel}","templated":true}]}}