
{"id":2327,"date":"2014-03-27T09:48:45","date_gmt":"2014-03-27T08:48:45","guid":{"rendered":"http:\/\/passent.blog.polityka.pl\/?p=2327"},"modified":"2014-03-27T10:08:39","modified_gmt":"2014-03-27T09:08:39","slug":"%e2%80%9enie%e2%80%9d-dla-igrzysk-w-krakowie","status":"publish","type":"post","link":"https:\/\/blog.polityka.pl\/passent\/2014\/03\/27\/%e2%80%9enie%e2%80%9d-dla-igrzysk-w-krakowie\/","title":{"rendered":"\u201eNie\u201d dla igrzysk w Krakowie"},"content":{"rendered":"<p>Wiele przemawia przeciwko organizacji zimowych igrzysk olimpijskich w Krakowie i na S\u0142owacji. Promocja Krakowa to cel zbo\u017cny, ale na to istniej\u0105 inne, ta\u0144sze sposoby.<br \/>\n<!--more--><br \/>\nKrak\u00f3w jest atrakcyjny dla innej ni\u017c sportowa publiczno\u015b\u0107. Te obiekty sportowe, kt\u00f3re s\u0105 Polsce i tak potrzebne, np. kryty tor lodowy, mog\u0105 powsta\u0107 bez gigantycznych wydatk\u00f3w zmarnowanych na igrzyska. Do\u015bwiadczenie innych miejscowo\u015bci, kt\u00f3re organizowa\u0142y igrzyska, wskazuje, \u017ce nie jest to przedsi\u0119wzi\u0119cie dochodowe, tak\u017ce w sensie wizerunkowym. Polska nigdy nie stanie si\u0119 Mekk\u0105 narciarzy i sport\u00f3w zimowych &#8211; za ma\u0142o g\u00f3r, za kr\u00f3tkie trasy, za ma\u0142o \u015bniegu, za du\u017ce koszty na\u015bnie\u017cania. Tatry z Alpami nie wygraj\u0105, b\u0119d\u0105 atrakcj\u0105 zimow\u0105 przede wszystkim dla nas i dla s\u0105siad\u00f3w ze Wschodu. Nawet premier, kt\u00f3ry powinien popiera\u0107 narty w Polsce, je\u017adzi do W\u0142och, i nie dziwi\u0119 mu si\u0119.<\/p>\n<p>Nie warto i\u015b\u0107 tropem Soczi. Zakopiank\u0119 i tak b\u0119dzie trzeba rozbudowa\u0107. Mamy ogromne \u015brodki na infrastruktur\u0119 i na nich rejon mo\u017ce skorzysta\u0107. Nie rozumiem dlaczego minister Andrzej Biernat popiera ten gigantyczny projekt, na kt\u00f3ry ju\u017c marnujemy miliony. Czy do\u015bwiadczenie z obiektami na Euro 2012 nie jest wystarczaj\u0105ce? <\/p>\n<p>Rozumiem prezydenta Krakowa Majchrowskiego, kt\u00f3ry opowiedzia\u0142 si\u0119 za referendum w\u015br\u00f3d mieszka\u0144c\u00f3w \u2013 nie chce bra\u0107 odpowiedzialno\u015bci na siebie. &#8222;Gazeta Wyborcza&#8221; ustali\u0142a, \u017ce referendum to sprytne posuni\u0119cie, pozwoli Majchrowskiemu ocali\u0107 sk\u00f3r\u0119, a ostateczna odpowiedzialno\u015b\u0107 i tak spadnie na rz\u0105d. Mnie to jest oboj\u0119tne, uwa\u017cam, \u017ce mamy pilniejsze wydatki. <\/p>\n<p>Nie dziwi mnie, \u017ce ch\u0119tnych do organizacji zimowych igrzysk jest ma\u0142o. Mo\u017ce inni my\u015bl\u0105 tak: mniej efekciarstwa \u2013 wi\u0119cej pracy od podstaw.<\/p>\n","protected":false},"excerpt":{"rendered":"<p>Wiele przemawia przeciwko organizacji zimowych igrzysk olimpijskich w Krakowie i na S\u0142owacji. Promocja Krakowa to cel zbo\u017cny, ale na to istniej\u0105 inne, ta\u0144sze sposoby.<\/p>\n","protected":false},"author":4,"featured_media":0,"comment_status":"open","ping_status":"closed","sticky":false,"template":"","format":"standard","meta":{"footnotes":""},"categories":[1],"tags":[],"_links":{"self":[{"href":"https:\/\/blog.polityka.pl\/passent\/wp-json\/wp\/v2\/posts\/2327"}],"collection":[{"href":"https:\/\/blog.polityka.pl\/passent\/wp-json\/wp\/v2\/posts"}],"about":[{"href":"https:\/\/blog.polityka.pl\/passent\/wp-json\/wp\/v2\/types\/post"}],"author":[{"embeddable":true,"href":"https:\/\/blog.polityka.pl\/passent\/wp-json\/wp\/v2\/users\/4"}],"replies":[{"embeddable":true,"href":"https:\/\/blog.polityka.pl\/passent\/wp-json\/wp\/v2\/comments?post=2327"}],"version-history":[{"count":4,"href":"https:\/\/blog.polityka.pl\/passent\/wp-json\/wp\/v2\/posts\/2327\/revisions"}],"predecessor-version":[{"id":2330,"href":"https:\/\/blog.polityka.pl\/passent\/wp-json\/wp\/v2\/posts\/2327\/revisions\/2330"}],"wp:attachment":[{"href":"https:\/\/blog.polityka.pl\/passent\/wp-json\/wp\/v2\/media?parent=2327"}],"wp:term":[{"taxonomy":"category","embeddable":true,"href":"https:\/\/blog.polityka.pl\/passent\/wp-json\/wp\/v2\/categories?post=2327"},{"taxonomy":"post_tag","embeddable":true,"href":"https:\/\/blog.polityka.pl\/passent\/wp-json\/wp\/v2\/tags?post=2327"}],"curies":[{"name":"wp","href":"https:\/\/api.w.org\/{rel}","templated":true}]}}