
{"id":2333,"date":"2014-03-30T18:36:19","date_gmt":"2014-03-30T16:36:19","guid":{"rendered":"http:\/\/passent.blog.polityka.pl\/?p=2333"},"modified":"2014-03-30T20:16:39","modified_gmt":"2014-03-30T18:16:39","slug":"polska-%e2%80%93-rosja-kultura-czy-polityka","status":"publish","type":"post","link":"https:\/\/blog.polityka.pl\/passent\/2014\/03\/30\/polska-%e2%80%93-rosja-kultura-czy-polityka\/","title":{"rendered":"Polska \u2013 Rosja: Kultura czy polityka"},"content":{"rendered":"<p>Polskie w\u0142adze maj\u0105 twardy orzech do zgryzienia \u2013 zerwa\u0107 czy kontynuowa\u0107 przygotowania do roku (2015) kultury polskiej w Rosji i roku kultury rosyjskiej w Polsce? Argumenty przeciw s\u0105 jasne: nie b\u0119dziemy ta\u0144czy\u0107 poloneza i wdzi\u0119czy\u0107 si\u0119 do publiczno\u015bci, kt\u00f3ra \u2013 jak wiemy \u2013 w  znacznej wi\u0119kszo\u015bci popiera aneksj\u0119 Krymu i polityk\u0119  Putina.<br \/>\n<!--more--><br \/>\nNasza zgoda na r\u00f3wnoleg\u0142y rok kultury obu kraj\u00f3w zosta\u0142aby mylnie odebrana jako akceptacja polityki Kremla wobec Ukrainy. Co wi\u0119cej w roku wyborczym polski rz\u0105d zosta\u0142by przez opozycj\u0119 oskar\u017cony o serwilizm wobec Rosji (o co i tak jest oskar\u017cany). Pojedyncze gesty, takie jak odmowa Daniela Olbrychskiego udzia\u0142u w rosyjskim spektaklu w Moskwie, s\u0105  godne uznania. Ale co innego gest jednego aktora, kt\u00f3ry nie chce wsp\u00f3\u0142pracowa\u0107  z Rosj\u0105, a czym innym by\u0142aby rezygnacja pa\u0144stwa polskiego z prezentacji swojej kultury. Dlatego zar\u00f3wno Olbrychski, jak i Krzysztof Zanussi \u2013 dobrze w Rosji znany i ceniony \u2013 wypowiedzieli si\u0119 w TVN 24 przeciwko zrywaniu wsp\u00f3\u0142pracy kulturalnej.<\/p>\n<p>Sprawa jednak nie jest taka prosta. Rezygnacja z \u201eRoku\u201d oznacza rezygnacj\u0119 z mo\u017cliwo\u015bci dotarcia z polsk\u0105 kultur\u0105 do milion\u00f3w Rosjanek i Rosjan. Kultura to nasz bilet wizytowy i najlepszy towar eksportowy. Rezygnacja z mo\u017cliwo\u015bci pokazania, jak rozwija si\u0119 kultura w kraju wolnym i wyzwolonym ze schemat\u00f3w socrealizmu etc., to wyj\u0105tkowa szansa. Ludzie rosyjscy od stuleci spogl\u0105dali w stron\u0119 kultury polskiej. Dlaczego pozbawia\u0107 nasz\u0105 sztuk\u0119 takiej mo\u017cliwo\u015bci promocji? Odwo\u0142uj\u0105c \u201eRok\u201d, wi\u0119cej zaszkodziliby\u015bmy sobie ni\u017c Putinowi.<\/p>\n<p>W sumie dobrego wyj\u015bcia nie ma, ale ja si\u0119 sk\u0142aniam ku kontynuacji przygotowa\u0144 do \u201eRoku\u201d, tak\u017ce dlatego, \u017ce nasi sojusznicy \u2013 Stany i Unia  &#8211; uzale\u017cniaj\u0105 dalsze sankcje wobec Rosji od jej zachowania. Z aneksj\u0105 Krymu \u015bwiat si\u0119 pogodzi\u0142, bo jest bezsilny, a je\u015bli chodzi o ewentualn\u0105 napa\u015b\u0107 na wschodni\u0105 Ukrain\u0119, to Obama zapewnia, \u017ce III wojny \u015bwiatowej nie b\u0119dzie. Wi\u0119c ja bym jeszcze nie odwo\u0142ywa\u0142 przygotowa\u0144 do \u201eRoku kultury\u201d, ale na pewnych warunkach \u2013 bez udzia\u0142u oficjeli i polityk\u00f3w \u2013 czysta kultura. Penderecki? \u201eTango\u201d? \u201eDziady\u201d? (Koniecznie!). Abakanowicz? Sasnal? Nieznalska? Polskie filmy? \u201eKaty\u0144\u201d, \u201eZemsta\u201d? \u201eJack Strong\u201d? Prosz\u0119 bardzo, ale bez \u201enied\u017awiedzia\u201d z udzia\u0142em polityk\u00f3w, bez premiera i ministra. Wystarczy ambasador lub charg\u00e9.<\/p>\n<p>Jako\u015b nikomu nie przychodzi do g\u0142owy, by rezygnowa\u0107 ze stosunk\u00f3w handlowych z Rosj\u0105, ka\u017cdy zdaje sobie spraw\u0119, \u017ce eksport to miejsca pracy i rosn\u0105cy PNB, a o korzy\u015bciach z wymiany kulturalnej \u0142atwo si\u0119 zapomina.  Ostatecznie to ani Czechow, ani Szostakowicz, ani polska publiczno\u015b\u0107 s\u0105 winni. Polska ma do\u015b\u0107 innych sposob\u00f3w, \u017ceby okaza\u0107 ca\u0142kowit\u0105 dezaprobat\u0119 dla polityki Putina \u2013 od g\u0142osowa\u0144 w ONZ, poprzez Bruksel\u0119 i Uni\u0119 Europejsk\u0105, po media i liczne wyst\u0105pienia polityk\u00f3w \u2013 od Warszawy po Majdan. Tam powinni\u015bmy by\u0107 zwolennikami sankcji, ale nie kosztem kultury, kt\u00f3ra jest warto\u015bci\u0105 autonomiczn\u0105, a  nie narz\u0119dziem polityk\u00f3w.<\/p>\n<p>ZAPROSZENIE.<br \/>\nStudia w kraju czy zagranic\u0105? Na ten temat dyskutowa\u0107 b\u0119d\u0105: dr Agnieszka Jerzak (6 lat w Princeton, w tym doktorat  na uniwersytecie Princeton, 17 lat na uczelniach USA), Krzysztof Daniewski \u2013 przewodnicz\u0105cy Harvard Club of Poland i Agnieszka Zar\u00f3wna \u2013 prawniczka, kt\u00f3ra dosta\u0142a si\u0119 na studia podyplomowe w Harvard. Radio TOK FM,  wtorek, 1 kwietnia, g. 20:05. Zapraszam!<\/p>\n","protected":false},"excerpt":{"rendered":"<p>Polskie w\u0142adze maj\u0105 twardy orzech do zgryzienia \u2013 zerwa\u0107 czy kontynuowa\u0107 przygotowania do roku (2015) kultury polskiej w Rosji i roku kultury rosyjskiej w Polsce? Argumenty przeciw s\u0105 jasne: nie b\u0119dziemy ta\u0144czy\u0107 poloneza i wdzi\u0119czy\u0107 si\u0119 do publiczno\u015bci, kt\u00f3ra \u2013 jak wiemy \u2013 w znacznej wi\u0119kszo\u015bci popiera aneksj\u0119 Krymu i polityk\u0119 Putina.<\/p>\n","protected":false},"author":4,"featured_media":0,"comment_status":"open","ping_status":"closed","sticky":false,"template":"","format":"standard","meta":{"footnotes":""},"categories":[1],"tags":[],"_links":{"self":[{"href":"https:\/\/blog.polityka.pl\/passent\/wp-json\/wp\/v2\/posts\/2333"}],"collection":[{"href":"https:\/\/blog.polityka.pl\/passent\/wp-json\/wp\/v2\/posts"}],"about":[{"href":"https:\/\/blog.polityka.pl\/passent\/wp-json\/wp\/v2\/types\/post"}],"author":[{"embeddable":true,"href":"https:\/\/blog.polityka.pl\/passent\/wp-json\/wp\/v2\/users\/4"}],"replies":[{"embeddable":true,"href":"https:\/\/blog.polityka.pl\/passent\/wp-json\/wp\/v2\/comments?post=2333"}],"version-history":[{"count":8,"href":"https:\/\/blog.polityka.pl\/passent\/wp-json\/wp\/v2\/posts\/2333\/revisions"}],"predecessor-version":[{"id":2337,"href":"https:\/\/blog.polityka.pl\/passent\/wp-json\/wp\/v2\/posts\/2333\/revisions\/2337"}],"wp:attachment":[{"href":"https:\/\/blog.polityka.pl\/passent\/wp-json\/wp\/v2\/media?parent=2333"}],"wp:term":[{"taxonomy":"category","embeddable":true,"href":"https:\/\/blog.polityka.pl\/passent\/wp-json\/wp\/v2\/categories?post=2333"},{"taxonomy":"post_tag","embeddable":true,"href":"https:\/\/blog.polityka.pl\/passent\/wp-json\/wp\/v2\/tags?post=2333"}],"curies":[{"name":"wp","href":"https:\/\/api.w.org\/{rel}","templated":true}]}}