
{"id":235,"date":"2007-03-09T08:23:53","date_gmt":"2007-03-09T07:23:53","guid":{"rendered":"http:\/\/passent.blog.polityka.pl\/?p=235"},"modified":"2007-03-09T06:25:12","modified_gmt":"2007-03-09T05:25:12","slug":"jak-bede-duzy","status":"publish","type":"post","link":"https:\/\/blog.polityka.pl\/passent\/2007\/03\/09\/jak-bede-duzy\/","title":{"rendered":"Jak b\u0119d\u0119 du\u017cy"},"content":{"rendered":"<p>Rz\u0105d og\u0142osi\u0142\u00a0program maj\u0105cy na celu ul\u017cenie doli matek i zwi\u0119kszenie przyrostu naturalnego. Program gor\u0105co popieram \u2013 wyd\u0142u\u017cenie urlop\u00f3w macierzy\u0144skich, zmniejszenie podatk\u00f3w, przedszkola do godz. 18-ej \u2013 jestem ZA. Kto jest przeciw? Nie widz\u0119. Nareszcie co\u015b dla ludzi, a nie przeciw komu\u015b. Przy okazji pomy\u015bla\u0142em, \u017ce gdy te dzieci dorosn\u0105 i zaczn\u0105 marzy\u0107, kim zostan\u0105 jak b\u0119d\u0105 du\u017ce, to nie wiadomo co im doradzi\u0107. Za moich czas\u00f3w ch\u0142opiec chcia\u0142 zosta\u0107 stra\u017cakiem, sportowcem, Ko\u015bciuszk\u0105, albo wr\u0119cz Napoleonem, podczas kiedy rodzice doradzali medycyn\u0119 b\u0105d\u017a prawo. Dzi\u015b nikomu nie radz\u0119 zosta\u0107:<\/p>\n<p><strong>LEKARZEM<\/strong> \u2013 zaw\u00f3d kiedy\u015b ci\u0119\u017cki, ale bezpieczny, dzi\u015b wr\u0119cz odwrotnie \u2013 przyjemny, ale niebezpieczny. Przyjemny, bo pani profesor pijana w pracy, pacjenci pchaj\u0105 si\u0119 z got\u00f3wk\u0105, ale i niebezpieczny &#8211; jeden profesor oskar\u017cony przed gazet\u0119 codzienn\u0105 o eksperymentowanie ze \u015bmiertelnym skutkiem, inny kaza\u0142 sterylizowa\u0107 ig\u0142y jednorazowego u\u017cytku, jeszcze inny sfilmowany na ca\u0142\u0105 Polsk\u0119 w kajdankach jako zab\u00f3jca w klinice rz\u0105dowej. Wniosek \u2013 wszystko, tylko nie medycyna.<\/p>\n<p><strong>ADWOKATEM<\/strong> \u2013 w \u017cadnym razie. Dobrze by\u0142o adwokatom, kiedy byli zamkni\u0119t\u0105 korporacj\u0105, do kt\u00f3rej dost\u0119p mia\u0142y tylko ich w\u0142asne dzieci, a op\u0142aty bra\u0142o si\u0119 z sufitu. Teraz korporacj\u0119 si\u0119 lustruje i otwiera, a ceny maj\u0105 by\u0107 z cennika. To w\u0105tpliwa kariera dla dziecka.<\/p>\n<p><strong>KSI\u0118DZEM<\/strong> \u2013 bro\u0144 Panie Bo\u017ce! Dawniej bezpieczna droga \u017cyciowa, zw\u0142aszcza dla m\u0142odych ludzi ze wsi i ma\u0142ych miasteczek, wz\u00f3r wszystkich cn\u00f3t, dzi\u015b okazuje si\u0119 pe\u0142na zasadzek \u2013 jak nie agent to pedofil.<\/p>\n<p><strong>S\u0118DZI\u0104<\/strong> \u2013 posada kiedy\u015b szanowana, bezpieczna i gwarantuj\u0105ca minimum \u017cyciowe, dzi\u015b zajmowana przez ludzi niegodnych zaufania, dyspozycyjnych cz\u0142onk\u00f3w \u0142\u017ce-elity, wyrokuj\u0105cych zawsze na korzy\u015b\u0107 \u201euk\u0142adu\u201d, im wy\u017cej (Trybuna\u0142 Stanu) tym gorzej. Op\u0142aca si\u0119 by\u0107 tylko s\u0119dzi\u0105 pi\u0142karskim.<\/p>\n<p><strong>MINISTREM<\/strong> \u2013 zaj\u0119cie niebezpieczne, zwalniaj\u0105 z dnia na dzie\u0144, i nawet nie mog\u0105 powiedzie\u0107 za co, bo to tajemnica pa\u0144stwowa.<\/p>\n<p><strong>PI\u0141KARZEM<\/strong> \u2013 nie radz\u0119, mo\u017cna przegra\u0107 mecz z prokuratur\u0105. Bez adwokata trudno pokaza\u0107 si\u0119 na boisku. Nieugi\u0119ty minister sportu, dopingowany z lo\u017cy prasowej przez media, mo\u017ce nas wszystkich wyrzuci\u0107, zawiesi\u0107 nam zarz\u0105d naszego zwi\u0105zku, a potem \u2013 pod presj\u0105 FIFA &#8211; przywr\u00f3ci\u0107 na stanowiska i powiedzie\u0107, \u017ce na tym polega kompromis i gramy dalej.<\/p>\n<p><strong>GWIAZD\u0104 TV<\/strong> \u2013 w \u017cadnym wypadku. Kontrakty podobno wysokie, ale towarzystwo haniebne, skrzykni\u0119te przez najgorszy element PRL. Fotografie w \u201eGali\u201d i w \u201eVivie\u201d to za ma\u0142a satysfakcja. Szkoda naszego dziecka na takie \u015brodowisko.<\/p>\n<p><strong>GENERA\u0141EM<\/strong> \u2013 ratuj si\u0119 kto mo\u017ce! Po\u0142ow\u0119 genera\u0142\u00f3w usun\u0105\u0142 poprzedni minister, reszt\u0119 zrobi\u0105 Talibowie. Jeden genera\u0142 uspakaja\u0142 wczoraj w telewizji Talik\u00f3w, \u017ce nie jedzie do nich walczy\u0107, tylko \u201ezdobywa\u0107 serca i umys\u0142y\u201d \u2013 s\u0142owo w s\u0142owo to samo, co m\u00f3wili Amerykanie w Wietnamie. Trzeba nie mie\u0107 serca ani umys\u0142u, \u017ceby doradzi\u0107 dziecku karier\u0119 wojskow\u0105.<br \/>\nNawet minister wpad\u0142 na min\u0119, a jego nast\u0119pca ca\u0142y jaki\u015b podminowany.<br \/>\n\u00a0<br \/>\n<strong>W SUMIE<\/strong> \u2013 warto si\u0119 zastanowi\u0107, zanim cz\u0142owiek przyjdzie na \u015bwiat.<\/p>\n","protected":false},"excerpt":{"rendered":"<p>Rz\u0105d og\u0142osi\u0142\u00a0program maj\u0105cy na celu ul\u017cenie doli matek i zwi\u0119kszenie przyrostu naturalnego. Program gor\u0105co popieram \u2013 wyd\u0142u\u017cenie urlop\u00f3w macierzy\u0144skich, zmniejszenie podatk\u00f3w, przedszkola do godz. 18-ej \u2013 jestem ZA. Kto jest przeciw? Nie widz\u0119. Nareszcie co\u015b dla ludzi, a nie przeciw komu\u015b. Przy okazji pomy\u015bla\u0142em, \u017ce gdy te dzieci dorosn\u0105 i zaczn\u0105 marzy\u0107, kim zostan\u0105 jak [&hellip;]<\/p>\n","protected":false},"author":4,"featured_media":0,"comment_status":"open","ping_status":"open","sticky":false,"template":"","format":"standard","meta":{"footnotes":""},"categories":[1],"tags":[],"_links":{"self":[{"href":"https:\/\/blog.polityka.pl\/passent\/wp-json\/wp\/v2\/posts\/235"}],"collection":[{"href":"https:\/\/blog.polityka.pl\/passent\/wp-json\/wp\/v2\/posts"}],"about":[{"href":"https:\/\/blog.polityka.pl\/passent\/wp-json\/wp\/v2\/types\/post"}],"author":[{"embeddable":true,"href":"https:\/\/blog.polityka.pl\/passent\/wp-json\/wp\/v2\/users\/4"}],"replies":[{"embeddable":true,"href":"https:\/\/blog.polityka.pl\/passent\/wp-json\/wp\/v2\/comments?post=235"}],"version-history":[{"count":0,"href":"https:\/\/blog.polityka.pl\/passent\/wp-json\/wp\/v2\/posts\/235\/revisions"}],"wp:attachment":[{"href":"https:\/\/blog.polityka.pl\/passent\/wp-json\/wp\/v2\/media?parent=235"}],"wp:term":[{"taxonomy":"category","embeddable":true,"href":"https:\/\/blog.polityka.pl\/passent\/wp-json\/wp\/v2\/categories?post=235"},{"taxonomy":"post_tag","embeddable":true,"href":"https:\/\/blog.polityka.pl\/passent\/wp-json\/wp\/v2\/tags?post=235"}],"curies":[{"name":"wp","href":"https:\/\/api.w.org\/{rel}","templated":true}]}}