
{"id":237,"date":"2007-03-13T09:10:54","date_gmt":"2007-03-13T08:10:54","guid":{"rendered":"http:\/\/passent.blog.polityka.pl\/?p=237"},"modified":"2007-03-13T09:10:54","modified_gmt":"2007-03-13T08:10:54","slug":"szokujaca-sroda","status":"publish","type":"post","link":"https:\/\/blog.polityka.pl\/passent\/2007\/03\/13\/szokujaca-sroda\/","title":{"rendered":"Szokuj\u0105ca \u015aroda"},"content":{"rendered":"<p>Niby tylko jeden dzie\u0144, a wiadomo\u015bci takie, \u017ce w g\u0142owie si\u0119 nie mieszcz\u0105. W Polskim Radiu byli cz\u0142onkowie PZPR, tow. tow. Czaba\u0144ski, Targalski i Wolski, obecnie z nadania PiS, wyrzucaj\u0105 z pracy ludzi ze starego portfela, a w\u0142a\u015bciwie ze starej legitymacji, albo takich, kt\u00f3rzy s\u0105 podejrzani o wsp\u00f3\u0142prac\u0119 z organami pa\u0144stwa, kt\u00f3rym ich\u00a0 partia kierowa\u0142a. Niezbadane s\u0105 losy ludzkie.<\/p>\n<p>Wiceminister Edukacji, Miros\u0142aw Orzechowski (ten od Darwina), w por\u00f3wnaniu z kt\u00f3rym Roman Giertych jest libera\u0142em i intelektualist\u0105, powiedzia\u0142 na \u015bniadaniu u Moniki Olejnik:<\/p>\n<blockquote><p>Ojciec dyrektor Radia Maryja (<em>ten od szamba i perfumerii \u2013 Pass.<\/em>) po prostu nie wytrzyma\u0142 napi\u0119cia, kt\u00f3re w nim spowodowa\u0142 wykaz nazwisk os\u00f3b, kt\u00f3re zaprosi\u0142a pani prezydentowa. Te\u017c by\u0142em zaszokowany, \u017ce zaprosi\u0142a Magdalen\u0119 \u015arod\u0119 demonstracyjnie publikuj\u0105c\u0105 swoje pogl\u0105dy ateistyczne, feministyczne\u2026<\/p><\/blockquote>\n<p>A europose\u0142 Micha\u0142 Kami\u0144ski (PiS) by\u0142 \u0142askaw powiedzie\u0107, \u017ce<\/p>\n<blockquote><p>wypowiedzi pani \u015arody powinny ja wykluczy\u0107 z debaty publicznej. Tak jak pana Tejkowskiego si\u0119 nie zaprasza, tak kogo\u015b, kto twierdzi, \u017ce Ko\u015bci\u00f3\u0142 katolicki jest winien przemocy wobec kobiet, nie powinno si\u0119 zaprasza\u0107.<\/p><\/blockquote>\n<p>Panowie\u00a0\u201enie wytrzymuj\u0105 napi\u0119cia\u201d i s\u0105 zszokowani, kiedy s\u0142ysz\u0105 kobiet\u0119 o innych ni\u017c oni pogl\u0105dach. A c\u00f3\u017c jest takiego strasznego w ateistach i w feministkach, \u017ce ich obecno\u015b\u0107\u00a0budzi szok? Za\u0142\u00f3\u017cmy nawet, \u017ce wypowied\u017a pani profesor dla dziennikarza Reutersa w przerwie konferencji w Sztokholmie (o rzekomych zwi\u0105zkach pomi\u0119dzy dominacj\u0105 Ko\u015bcio\u0142a katolickiego a przemoc\u0105 wobec kobiet) by\u0142a dyskusyjna, czy nie na miejscu w ustach pani minister. Spotka\u0142o si\u0119 to przecie\u017c z b. silnym odporem polskiej katoprawicy, a odwo\u0142anie min. \u015arody by\u0142o jedn\u0105 z pierwszych decyzji obecnej koalicji. Czy to ma\u0142o?\u00a0 Czy z tego powodu\u00a0 ma by\u0107 do\u017cywotnio wykluczona z debaty? Mo\u017ce j\u0105 jeszcze postawi\u0107 przed s\u0105dem 24-godzinnym?<\/p>\n<p>Ja si\u0119 zapisuj\u0119 na obro\u0144c\u0119 z urz\u0119du, bo podobno w godzinach nocnych mo\u017ce\u00a0 brakowa\u0107 adwokat\u00f3w z prawdziwego zdarzenia.\u00a0<\/p>\n<blockquote><p>Wysoki S\u0105dzie, moja klientka jest profesorem filozofii Uniwersytetu Warszawskiego (dop\u00f3ki nie zostanie wyrzucona z powodu szerzenia miazmat\u00f3w), autork\u0105 prac naukowych i ksi\u0105\u017cek o warto\u015bciach i problemach moralnych, o indywidualizmie, jest znakomita publicystk\u0105, autork\u0105 wielu pami\u0119tnych artyku\u0142\u00f3w (np. tego o wassermannizacji medi\u00f3w), cotygodniowych felieton\u00f3w, w demokratycznym kraju by\u0142a pe\u0142nomocnikiem rz\u0105du\u00a0do spraw r\u00f3wnego statusu kobiet i m\u0119\u017cczyzn, autork\u0105 b\u0142yskotliwych, acz kontrowersyjnych paradoks\u00f3w (\u201e\u017byjemy w kraju, gdzie ksi\u0105dz pojawia si\u0119 wcze\u015bniej ni\u017c karetka pogotowia\u201d), osob\u0105 g\u0142\u0119boko wykszta\u0142con\u0105, a jednocze\u015bnie odwa\u017cnie zaanga\u017cowan\u0105 w \u017cycie publiczne. Mo\u017cna si\u0119 z jej pogl\u0105dami nie zgadza\u0107, ale nie spos\u00f3b odm\u00f3wi\u0107 jej klasy, odwagi, konsekwencji. Por\u00f3wnywanie jej z niejakim Tejkowskim wystawi tylko \u015bwiadectwo autorowi tego por\u00f3wnania, oskar\u017cycielowi Kami\u0144skiemu.<\/p><\/blockquote>\n<p>Magdalena \u015aroda bardziej nadaje si\u0119 na go\u015bcia pani prezydentowej, ni\u017c pan Orzechowski na\u00a0 ministra Edukacji. Europose\u0142 Kami\u0144ski m\u00f3g\u0142by zauwa\u017cy\u0107, \u017ce na tle Europy, w kt\u00f3rej reprezentuje Polsk\u0119, pani \u015aroda ma pogl\u0105dy raczej umiarkowane.<\/p>\n<p>I jeszcze jedno: \u015aroda ma \u015bwietne poczucie humoru. By\u0142a kiedy\u015b moim go\u015bciem w Salonie \u201ePolityki\u201d w Sopocie. By\u0142o to nied\u0142ugo po jej powrocie z konferencji w Sztokholmie. Na wie\u015b\u0107 o tym, \u017ce ta heretyczka ma by\u0107 w Salonie, pojawi\u0142y si\u0119 g\u0142osy pe\u0142ne troski, czy aby kto\u015b na sali \u201enie wytrzyma napi\u0119cia\u201d i nie zrobi pani profesor krzywdy. Nie zna\u0142em wtedy jeszcze p. \u015arody osobi\u015bcie. Zadzwoni\u0142em wi\u0119c z pytaniem, czy nie boi si\u0119 wzi\u0105\u0107 udzia\u0142u w spotkaniu publicznym, czy\u00a0 nie zdarzy\u0142o si\u0119 jej by\u0107 potraktowan\u0105 w spos\u00f3b brutalny czy chamski?<\/p>\n<blockquote><p>Tylko raz \u2013 <em>odpowiedzia\u0142a<\/em> \u2013 w Sejmie.\u00a0<\/p><\/blockquote>\n<p>(Teraz, po wypowiedziach pp. Orzechowskiego i Kami\u0144skiego, ma wi\u0119cej przyk\u0142ad\u00f3w.)<\/p>\n<p>Nie musz\u0119 dodawa\u0107, \u017ce wizyta w Salonie przebieg\u0142a znakomicie. Po spotkaniu pani profesor odby\u0142a rozmow\u0119 z miejscowym dzia\u0142aczem wszechpolskim, w kt\u00f3rej nie bra\u0142em udzia\u0142u, trzymaj\u0105c si\u0119 dyskretnie z daleka. \u2013 Jak by\u0142o? \u2013 zapyta\u0142em po rozmowie. \u2013 \u015awietnie \u2013 odpowiedzia\u0142a. \u2013 I jaki przystojny \u2013 doda\u0142a.<\/p>\n<p>Ja nie jestem taki skory do wykluczania z debaty ludzi my\u015bl\u0105cych inaczej. \u015aroda mnie nie szokuje, przeciwnie \u2013 szanuj\u0119\u00a0j\u0105. Nie szokuje mnie tak\u017ce Micha\u0142 Kami\u0144ski, i t\u0105 drog\u0105 zapraszam Pana Eurodeputowanego\u00a0do Salonu \u201ePolityki\u201d. Mam nadziej\u0119, \u017ce wytrzymam to napi\u0119cie.<\/p>\n","protected":false},"excerpt":{"rendered":"<p>Niby tylko jeden dzie\u0144, a wiadomo\u015bci takie, \u017ce w g\u0142owie si\u0119 nie mieszcz\u0105. W Polskim Radiu byli cz\u0142onkowie PZPR, tow. tow. Czaba\u0144ski, Targalski i Wolski, obecnie z nadania PiS, wyrzucaj\u0105 z pracy ludzi ze starego portfela, a w\u0142a\u015bciwie ze starej legitymacji, albo takich, kt\u00f3rzy s\u0105 podejrzani o wsp\u00f3\u0142prac\u0119 z organami pa\u0144stwa, kt\u00f3rym ich\u00a0 partia kierowa\u0142a. [&hellip;]<\/p>\n","protected":false},"author":4,"featured_media":0,"comment_status":"open","ping_status":"open","sticky":false,"template":"","format":"standard","meta":{"footnotes":""},"categories":[1],"tags":[],"_links":{"self":[{"href":"https:\/\/blog.polityka.pl\/passent\/wp-json\/wp\/v2\/posts\/237"}],"collection":[{"href":"https:\/\/blog.polityka.pl\/passent\/wp-json\/wp\/v2\/posts"}],"about":[{"href":"https:\/\/blog.polityka.pl\/passent\/wp-json\/wp\/v2\/types\/post"}],"author":[{"embeddable":true,"href":"https:\/\/blog.polityka.pl\/passent\/wp-json\/wp\/v2\/users\/4"}],"replies":[{"embeddable":true,"href":"https:\/\/blog.polityka.pl\/passent\/wp-json\/wp\/v2\/comments?post=237"}],"version-history":[{"count":0,"href":"https:\/\/blog.polityka.pl\/passent\/wp-json\/wp\/v2\/posts\/237\/revisions"}],"wp:attachment":[{"href":"https:\/\/blog.polityka.pl\/passent\/wp-json\/wp\/v2\/media?parent=237"}],"wp:term":[{"taxonomy":"category","embeddable":true,"href":"https:\/\/blog.polityka.pl\/passent\/wp-json\/wp\/v2\/categories?post=237"},{"taxonomy":"post_tag","embeddable":true,"href":"https:\/\/blog.polityka.pl\/passent\/wp-json\/wp\/v2\/tags?post=237"}],"curies":[{"name":"wp","href":"https:\/\/api.w.org\/{rel}","templated":true}]}}