
{"id":2377,"date":"2014-04-28T10:07:28","date_gmt":"2014-04-28T08:07:28","guid":{"rendered":"http:\/\/passent.blog.polityka.pl\/?p=2377"},"modified":"2014-05-02T14:04:33","modified_gmt":"2014-05-02T12:04:33","slug":"suvy-nas-rozjada","status":"publish","type":"post","link":"https:\/\/blog.polityka.pl\/passent\/2014\/04\/28\/suvy-nas-rozjada\/","title":{"rendered":"Suvy nas rozjad\u0105"},"content":{"rendered":"<p>Wiem, wiem, s\u0105 sprawy wa\u017cniejsze: Ukraina, kanonizacja, ale od Ukrainy to ja mam Jagienk\u0119 Wilczak, a od kanonizacji &#8211; Adama Szostkiewicza, dzi\u0119ki czemu sam mog\u0119 si\u0119 zaj\u0105\u0107 b\u0142ahostkami. (Jak Leopold Staff, kt\u00f3ry od polityki mia\u0142 Pi\u0142sudskiego). Chodzi mi o taki drobiazg jak samochody sportowo-u\u017cytkowe zwane SUV.\u00a0 <!--more--><\/p>\n<div id=\"attachment_2385\" style=\"width: 1829px\" class=\"wp-caption aligncenter\"><a href=\"\/wp-content\/uploads\/2014\/04\/suv.jpg\"><img loading=\"lazy\" decoding=\"async\" aria-describedby=\"caption-attachment-2385\" class=\"size-full wp-image-2385\" title=\"suv\" src=\"\/wp-content\/uploads\/2014\/04\/suv.jpg\" alt=\"\" width=\"1819\" height=\"1024\" srcset=\"\/passent\/wp-content\/uploads\/2014\/04\/suv.jpg 1819w, \/passent\/wp-content\/uploads\/2014\/04\/suv-300x168.jpg 300w, \/passent\/wp-content\/uploads\/2014\/04\/suv-1024x576.jpg 1024w\" sizes=\"(max-width: 1819px) 100vw, 1819px\" \/><\/a><p id=\"caption-attachment-2385\" class=\"wp-caption-text\">Fot. Dushan Hanuska \/ Flickr CC by SA<\/p><\/div>\n<p style=\"text-align: center;\">\n<p>W Warszawie, kt\u00f3ra nie jest po\u0142o\u017cona w d\u017cungli ani na pustyni, jest coraz wi\u0119cej ogromnych samochod\u00f3w terenowo-zakupowych, kt\u00f3re przede wszystkim \u015bwiadcz\u0105 o tym, \u017ce ich w\u0142a\u015bciciele maj\u0105 du\u017co pieni\u0119dzy i nie zamierzaj\u0105 tego ukrywa\u0107. Na w\u0105skich uliczkach starych dzielnic &#8222;suvy&#8221; zajmuj\u0105 po\u0142ow\u0119 jezdni. Poniewa\u017c nie mieszcz\u0105 si\u0119 do gara\u017cy, rozpychaj\u0105 si\u0119 na chodnikach. Pal\u0105 jak smoki, wi\u0119c nie s\u0105 ekologiczne ani ekonomiczne, ale co tam, najwa\u017cniejsze to si\u0119 pokaza\u0107. Mam nadziej\u0119, \u017ce s\u0105 wy\u017cej opodatkowane. Za kierownic\u0105 siedz\u0105 na og\u00f3\u0142 osoby oko\u0142o trzydziestki, kt\u00f3re ju\u017c maj\u0105 pieni\u0105dze, ale jeszcze nie wiedz\u0105, co z nimi zrobi\u0107.<\/p>\n<p>Fabio Cavallucci, znany w\u0142oski krytyk i znawca sztuki, do niedawna dyrektor Centrum Sztuki Wsp\u00f3\u0142czesnej w Warszawie, na odchodne powiedzia\u0142 na portalu NaTemat, \u017ce kultura jest zagro\u017cona, na ulicach pojawi\u0142y si\u0119 tysi\u0105ce reklam i du\u017cych samochod\u00f3w &#8222;suv\u00f3w&#8221;, kt\u00f3re reprezentuj\u0105 nadmiar pieni\u0119dzy, niedostatek kultury i ch\u0119\u0107 ukrycia si\u0119 za wym\u00f3wk\u0105 pracy (\u017ce suv potrzebny jest do pracy). &#8222;Te suvy z kierowcami przyczepionymi do telefon\u00f3w kom\u00f3rkowych zajmuj\u0105 dwa razy wi\u0119cej miejsca na ulicach i parkingach. We W\u0142oszech pojawienie si\u0119 na ulicach suv\u00f3w by\u0142o jedn\u0105 z oznak absolutnego braku zainteresowania sztuk\u0105 i rozleniwienia&#8221;.<\/p>\n<p>W pe\u0142ni si\u0119 zgadzam i ubolewam, \u017ce suvy nas rozjad\u0105, dos\u0142ownie i w przeno\u015bni.<\/p>\n<p>PS ZAPROSZENIE<br \/>\nSuvy nas rozjad\u0105? W pi\u0105tek, 2 maja br, o godz. 18.30, TVN24, program Andrzeja Morozowskiego p.t.&#8221;Tak jest&#8221;. B\u0119d\u0119 tam go\u015bciem razem z Jackiem Kurskim (suv)<\/p>\n","protected":false},"excerpt":{"rendered":"<p>Wiem, wiem, s\u0105 sprawy wa\u017cniejsze: Ukraina, kanonizacja, ale od Ukrainy to ja mam Jagienk\u0119 Wilczak, a od kanonizacji &#8211; Adama Szostkiewicza, dzi\u0119ki czemu sam mog\u0119 si\u0119 zaj\u0105\u0107 b\u0142ahostkami. (Jak Leopold Staff, kt\u00f3ry od polityki mia\u0142 Pi\u0142sudskiego). Chodzi mi o taki drobiazg jak samochody sportowo-u\u017cytkowe zwane SUV.\u00a0<\/p>\n","protected":false},"author":4,"featured_media":0,"comment_status":"open","ping_status":"closed","sticky":false,"template":"","format":"standard","meta":{"footnotes":""},"categories":[1],"tags":[],"_links":{"self":[{"href":"https:\/\/blog.polityka.pl\/passent\/wp-json\/wp\/v2\/posts\/2377"}],"collection":[{"href":"https:\/\/blog.polityka.pl\/passent\/wp-json\/wp\/v2\/posts"}],"about":[{"href":"https:\/\/blog.polityka.pl\/passent\/wp-json\/wp\/v2\/types\/post"}],"author":[{"embeddable":true,"href":"https:\/\/blog.polityka.pl\/passent\/wp-json\/wp\/v2\/users\/4"}],"replies":[{"embeddable":true,"href":"https:\/\/blog.polityka.pl\/passent\/wp-json\/wp\/v2\/comments?post=2377"}],"version-history":[{"count":12,"href":"https:\/\/blog.polityka.pl\/passent\/wp-json\/wp\/v2\/posts\/2377\/revisions"}],"predecessor-version":[{"id":2381,"href":"https:\/\/blog.polityka.pl\/passent\/wp-json\/wp\/v2\/posts\/2377\/revisions\/2381"}],"wp:attachment":[{"href":"https:\/\/blog.polityka.pl\/passent\/wp-json\/wp\/v2\/media?parent=2377"}],"wp:term":[{"taxonomy":"category","embeddable":true,"href":"https:\/\/blog.polityka.pl\/passent\/wp-json\/wp\/v2\/categories?post=2377"},{"taxonomy":"post_tag","embeddable":true,"href":"https:\/\/blog.polityka.pl\/passent\/wp-json\/wp\/v2\/tags?post=2377"}],"curies":[{"name":"wp","href":"https:\/\/api.w.org\/{rel}","templated":true}]}}