
{"id":240,"date":"2007-03-19T00:04:56","date_gmt":"2007-03-18T23:04:56","guid":{"rendered":"http:\/\/passent.blog.polityka.pl\/?p=240"},"modified":"2007-03-18T23:50:20","modified_gmt":"2007-03-18T22:50:20","slug":"falszywe-nuty","status":"publish","type":"post","link":"https:\/\/blog.polityka.pl\/passent\/2007\/03\/19\/falszywe-nuty\/","title":{"rendered":"Fa\u0142szywe nuty"},"content":{"rendered":"<p>Z Polskiego Radia wyrzucaj\u0105 trzysta os\u00f3b. Motywy polityczne dominuj\u0105. \u201eJe\u015bli kto\u015b nie z\u0142o\u017cy\u0142 u mnie za\u015bwiadcze\u0144 z IPN nie jest przydatny\u201d \u2013 powiedzia\u0142 wiceprezes Jerzy Targalski (\u201eRz\u201d). W odpowiedzi na pytanie czy przy zwalnianiu by\u0142a brana pod uwag\u0119 \u201eprzydatno\u015b\u0107 do zawodu\u201d, prezes wyja\u015bni\u0142:<\/p>\n<blockquote><p>Wynika\u0142a z promowania. JAK PAN PU\u015aCI W OBOZIE KONCENTERACYJNYM MI\u0141Y G\u0141OS, to te\u017c si\u0119 ludzie z nim z\u017cyj\u0105\u201d. (<em>Podkr. Pass<\/em>).<\/p><\/blockquote>\n<p>To, co powiedzia\u0142 pan Targalski wo\u0142a o pomst\u0119 do nieba. To popularno\u015b\u0107 takich dziennikarzy jak Tadeusz Sznuk (Mistrz Mowy Polskiej, laureat Diamentowego Mikrofonu), czy Krzysztof Grzesiowski bra\u0142a si\u0119 li tylko z promowania? Nie znam pana Sznuka, nie jestem nawet jego s\u0142uchaczem, ale \u017ceby prezes w ten spos\u00f3b m\u00f3wi\u0142 o ludziach, kt\u00f3rzy przepracowali w radiu kilkadziesi\u0105t lat, to wyj\u0105tkowo niegrzeczne. (Cisn\u0105 si\u0119 mocniejsze s\u0142owa, ale pragn\u0119 zachowa\u0107 w miar\u0119 elegancki klimat naszego bloga). Jak okre\u015bli\u0107 por\u00f3wnanie Polskiego Radia do szczekaczki w obozie koncentracyjnym, a s\u0142uchaczy do wi\u0119\u017ani\u00f3w? Przecie\u017c to s\u0105 wypowiedzi, kt\u00f3re nawet nie zas\u0142uguj\u0105 na polemik\u0119.<\/p>\n<p>Niestety, czytam w gazecie, \u017ce prezes Krzysztof Czaba\u0144ski zwolni\u0142 wieloletni\u0105 dyrektor Programu II, El\u017cbiet\u0119 Markowsk\u0105, muzykolo\u017ck\u0119, kt\u00f3ra przepracowa\u0142a w PR 37 lat, z tego 17 (z przerw\u0105) jako dyrektorka \u201eDw\u00f3jki\u201d. Przez ca\u0142e \u017cycie zawodowe Ela lojalnie s\u0142u\u017cy\u0142a Polskiemu Radiu, wytrzyma\u0142a, kiedy raz po raz czynione by\u0142y zakusy na jej ukochane dziecko \u2013 \u201eDw\u00f3jk\u0119\u201d, nawet kiedy Polskie Radio zosta\u0142o zaw\u0142aszczone przez PiS, nawet teraz, kiedy 11 tysi\u0119cy os\u00f3b prywatnych oraz instytucji podpisa\u0142o si\u0119 pod protestem przeciwko ograniczaniu zasi\u0119gu ich ulubionego II programu, kiedy protestuj\u0105 najwybitniejsi muzycy, kiedy minister Kultury, K.M. Ujazdowski, napisa\u0142 w tej sprawie list do prezesa Czaba\u0144skiego \u2013 wszystko to znios\u0142a, a mimo to ona i jej zast\u0119pca zostali odwo\u0142ani, na ich miejsce przyszli ludzie, kt\u00f3rzy muzykologami nie s\u0105. (Nowy dyrektor jest cz\u0142owiekiem teatru).<br \/>\n\u00a0<br \/>\nOczywi\u015bcie, ka\u017cdego mo\u017cna zwolni\u0107, ka\u017cdy szef mo\u017ce dobiera\u0107 sobie ekip\u0119, ale dygnitarze IV maj\u0105 ludzi za nic. Kiedy Monika Olejnik odchodzi\u0142a z TVP Wildsteina, prezes powiedzia\u0142, \u017ce z ka\u017cdego mo\u017cna zrobi\u0107 gwiazd\u0119. Dok\u0142adnie to samo my\u015bli prezes Targalski, kiedy m\u00f3wi, \u017ce popularno\u015b\u0107 zwolnionych radiowc\u00f3w wynika\u0142a z promowania. Jak na razie instytucje te nie dochowa\u0142y si\u0119 nowych gwiazd (je\u015bli pomin\u0105\u0107 red. Sakiewicza), ale zak\u0142adam, \u017ce si\u0119 dochowaj\u0105, bo nikt nie jest niezast\u0105piony, a ch\u0119tnych do kariery nie brak. Czy obecnych prezes\u00f3w nie sta\u0107 jednak na odrobin\u0119 kultury, na to, \u017ceby bolesn\u0105 operacj\u0119 wyrzucenia z pracy wykona\u0107 bardziej elegancko, dzi\u0119kuj\u0105c zas\u0142u\u017conym pracownikom, wyja\u015bniaj\u0105c motywy decyzji (ciekawe jak?), wr\u0119czaj\u0105c list, kwiatek albo upominek? Zamiast tego prezes Targalski l\u017cy ich w mediach.<\/p>\n<p>Tak si\u0119 z\u0142o\u017cy\u0142o, \u017ce z pewnym op\u00f3\u017anieniem przeczyta\u0142em rocznicowy paszkwil Krzysztofa Mas\u0142onia (\u201eRz\u201d) z okazji 50-lecia \u201ePolityki\u201d. Argumentacja na poziomie prezesa Targalskiego. Zastanawiam si\u0119, co ci panowie \u2013 prezes Czaba\u0144ski, wiceprezes Targalski, oficer ideologiczny \u201eRz\u201d Krzysztof Mas\u0142o\u0144 &#8211; maj\u0105 wsp\u00f3lnego, i dochodz\u0119 do wniosku, \u017ce \u0142\u0105czy ich wsp\u00f3lna przesz\u0142o\u015b\u0107 w PRL i w PZPR. Zanim stali si\u0119 antykomunistami, byli komunistami i dzisiaj musz\u0105 si\u0119 stara\u0107 bardziej ni\u017c inni. Zawsze musz\u0105 by\u0107 w awangardzie.<\/p>\n<p>A to nie jest \u0142atwe, bo rewolucja moralno-polityczna trwa. Bohater naszych czas\u00f3w, wiceminister Edukacji Miros\u0142aw Orzechowski, zapowiedzia\u0142 ju\u017c czystk\u0119 w\u015br\u00f3d dyrektor\u00f3w szk\u00f3\u0142. Kto nie \u201eodetnie si\u0119 publicznie\u201d od komunistycznej przesz\u0142o\u015bci ZNP, tego kuratorium nie zatwierdzi na stanowisku dyrektora. \u017beby by\u0142(a) nie wiem jak dobrym dyrektorem, do\u015bwiadczonym i lubianym pedagogiem: nie odetnie si\u0119 \u2013 nie b\u0119dzie. Najpierw przeforsowano zasad\u0119, \u017ce bez kuratorium nie ma nominacji dyrektor\u00f3w. To si\u0119 nazywa \u0142amanie charakter\u00f3w, chi\u0144ska rewolucja kulturalna powtarza si\u0119 po 40 latach i po 17 latach od upadku komuny. Kto by pomy\u015bla\u0142, \u017ce nadejd\u0105 czasy pogardy. To, co zapowiada min. Orzechowski to nic innego, jak weryfikacja dziennikarzy, kt\u00f3ra uchodzi dzi\u015b za jedno z najgorszych dokona\u0144 stanu wojennego. Teraz mamy weryfikacj\u0119 i dziennikarzy (za po\u015brednictwem IPN), i nauczycieli. Ale nawet wtedy nie wymagano, \u017ceby \u201eodcina\u0107 si\u0119\u201d publicznie. Publicznie, w czapkach ha\u0144by, to obwo\u017cono \u0142\u017ce-elit\u0119 ci\u0119\u017car\u00f3wkami po ulicach Pekinu.<\/p>\n","protected":false},"excerpt":{"rendered":"<p>Z Polskiego Radia wyrzucaj\u0105 trzysta os\u00f3b. Motywy polityczne dominuj\u0105. \u201eJe\u015bli kto\u015b nie z\u0142o\u017cy\u0142 u mnie za\u015bwiadcze\u0144 z IPN nie jest przydatny\u201d \u2013 powiedzia\u0142 wiceprezes Jerzy Targalski (\u201eRz\u201d). W odpowiedzi na pytanie czy przy zwalnianiu by\u0142a brana pod uwag\u0119 \u201eprzydatno\u015b\u0107 do zawodu\u201d, prezes wyja\u015bni\u0142: Wynika\u0142a z promowania. JAK PAN PU\u015aCI W OBOZIE KONCENTERACYJNYM MI\u0141Y G\u0141OS, to [&hellip;]<\/p>\n","protected":false},"author":4,"featured_media":0,"comment_status":"open","ping_status":"open","sticky":false,"template":"","format":"standard","meta":{"footnotes":""},"categories":[1],"tags":[],"_links":{"self":[{"href":"https:\/\/blog.polityka.pl\/passent\/wp-json\/wp\/v2\/posts\/240"}],"collection":[{"href":"https:\/\/blog.polityka.pl\/passent\/wp-json\/wp\/v2\/posts"}],"about":[{"href":"https:\/\/blog.polityka.pl\/passent\/wp-json\/wp\/v2\/types\/post"}],"author":[{"embeddable":true,"href":"https:\/\/blog.polityka.pl\/passent\/wp-json\/wp\/v2\/users\/4"}],"replies":[{"embeddable":true,"href":"https:\/\/blog.polityka.pl\/passent\/wp-json\/wp\/v2\/comments?post=240"}],"version-history":[{"count":0,"href":"https:\/\/blog.polityka.pl\/passent\/wp-json\/wp\/v2\/posts\/240\/revisions"}],"wp:attachment":[{"href":"https:\/\/blog.polityka.pl\/passent\/wp-json\/wp\/v2\/media?parent=240"}],"wp:term":[{"taxonomy":"category","embeddable":true,"href":"https:\/\/blog.polityka.pl\/passent\/wp-json\/wp\/v2\/categories?post=240"},{"taxonomy":"post_tag","embeddable":true,"href":"https:\/\/blog.polityka.pl\/passent\/wp-json\/wp\/v2\/tags?post=240"}],"curies":[{"name":"wp","href":"https:\/\/api.w.org\/{rel}","templated":true}]}}