
{"id":2402,"date":"2014-05-10T16:26:25","date_gmt":"2014-05-10T14:26:25","guid":{"rendered":"http:\/\/passent.blog.polityka.pl\/?p=2402"},"modified":"2014-05-18T17:09:53","modified_gmt":"2014-05-18T15:09:53","slug":"urodziny-%e2%80%9egazety%e2%80%9d","status":"publish","type":"post","link":"https:\/\/blog.polityka.pl\/passent\/2014\/05\/10\/urodziny-%e2%80%9egazety%e2%80%9d\/","title":{"rendered":"Urodziny \u201eGazety\u201d"},"content":{"rendered":"<p>\u201eGazecie Wyborczej\u201d \u2013 wszystkiego najlepszego! Nie jest ona idealna, ma i grzechy na sumieniu, ale w sumie to nie tylko najlepsza gazeta codzienna w Polsce, ba, w historii polskich dziennik\u00f3w, ale wr\u0119cz jeden z filar\u00f3w Polski po 1989 roku. Bywa denerwuj\u0105ca, stronnicza, koteryjna, obsesyjna, ale bez niej nie wyobra\u017cam sobie naszych medi\u00f3w i przemian.<br \/>\n<!--more--><br \/>\nJubileuszowe wydanie \u201eGW\u201d przynosi ankiet\u0119 dla czytelnik\u00f3w. Spr\u00f3buj\u0119 odpowiedzie\u0107 na blogu, mo\u017ce kogo\u015b zainteresuj\u0119. <\/p>\n<p>\u201eGazet\u0119\u201d czytam od pierwszego numeru, zawsze w wersji papierowej. Jest jedynym dziennikiem, kt\u00f3ry kupuj\u0119 \u2013 inne czytam w pobliskiej czytelni lub w  \u201ePolityce\u201d. G\u0142\u00f3wne zalety \u201eGW\u201d: ciekawa, polityczna, zaanga\u017cowana, bojowa, bogata (du\u017co do czytania), otwarta na \u015bwiat i na innych, mocna zapora przeciw IV RP. G\u0142\u00f3wne wady: stronnicza, koteryjna, popiera swoich faworyt\u00f3w, nie tylko polityk\u00f3w, ale tak\u017ce pisarzy (Bara\u0144czak, Konwicki, Szymborska), artyst\u00f3w, a innych lekcewa\u017cy. <\/p>\n<p>Drzwi do niej s\u0105 na przemian otwarte i przymkni\u0119te. Broni interesu Polski, praw cz\u0142owieka, mniejszo\u015bci, integracji europejskiej, demokracji, Okr\u0105g\u0142ego Sto\u0142u, Platformy, Ko\u015bcio\u0142a \u201eotwartego\u201d. Atakuje wady narodowe Polak\u00f3w, korupcj\u0119, Ko\u015bci\u00f3\u0142 \u201ezamkni\u0119ty\u201d, radykaln\u0105 prawic\u0119, zamachow\u0105 teori\u0119 tragedii smole\u0144skiej,   narodowc\u00f3w, antysemit\u00f3w, pseudopatriot\u00f3w, kiboli, autokrat\u00f3w, kombinator\u00f3w, kolekcjoner\u00f3w drogich zegark\u00f3w, opozycj\u0119 wobec rz\u0105du Tuska. Popiera III RP, rz\u0105d, prezydenta i feministki.<\/p>\n<p>Po co czytam \u201eGazet\u0119\u201d? \u017beby by\u0107 dobrze poinformowanym, \u017ceby por\u00f3wna\u0107 moje i gazety pogl\u0105dy, dla przyjemno\u015bci, bo to moja gazeta. Dodatki &#8211; Gazet\u0119 \u015awi\u0105teczn\u0105  i Sto\u0142eczn\u0105 \u2013 czytam, DF, Ale Historia, Obcasy, Zdrowie \u2013 przegl\u0105dam, czytam wybrane pozycje. Jak si\u0119 gazeta zmieni\u0142a? <\/p>\n<p>Po okresie stagnacji widz\u0119 popraw\u0119 \u2013 wi\u0119cej inwencji tematycznej, nowe dodatki, bardziej zaanga\u017cowana postawa w duchu \u201enam nie jest wszystko jedno\u201d. Niekt\u00f3re tematy \u201epuszczone\u201d, np. cykl o tzw. dziennikarzach niepokornych, za du\u017co o tym, \u201ekto z kim\u201d, a za ma\u0142o analizy pogl\u0105d\u00f3w \u201eniekornych\u201d. <\/p>\n<p>Jaki jest m\u00f3j stosunek do odp\u0142atno\u015bci za tre\u015bci w Internecie? Wyrozumia\u0142y. Trzeba znale\u017a\u0107 spos\u00f3b na \u201ewykradanie\u201d przez internet tre\u015bci wypracowanych w mozole przez media papierowe. Dziennikarz(ka) pracuje tygodniami nad doj\u015bciem do prawdy, a wynik jego poszukiwa\u0144 staje si\u0119 natychmiast po publikacji dost\u0119pny dla wszystkich i to za darmo. Z portali internetowych wybieram Onet. Zagl\u0105dam tak\u017ce do polityki.pl, wPolityce, NaTemat.<\/p>\n<p>Jestem za gazet\u0105 zaanga\u017cowan\u0105, kt\u00f3ra popiera jednych i zwalcza innych, ale daje g\u0142os jednym i drugim. Kryzys prasy papierowej uwa\u017cam za powa\u017cny, zagra\u017ca on \u201eGazecie\u201d i nie tylko. W ostatnich latach poziom medi\u00f3w spada, tabloidyzacja i walka o byt czyni\u0105 spustoszenie. Wysi\u0142ki \u201eGazety\u201d, \u017ceby si\u0119 broni\u0107 przed tym niebezpiecze\u0144stwem, doceniam. <\/p>\n<p>Co si\u0119 w Polsce dzieje w ostatnich 7 latach? Kraj si\u0119 rozwija, Polska zmienia si\u0119 w oczach, ale rosn\u0105 r\u00f3\u017cnice dochod\u00f3w, du\u017ca emigracja i bezrobocie, nierozwi\u0105zane problemy \u2013 od s\u0142u\u017cby zdrowia po media publiczne &#8211; prawica ro\u015bnie w si\u0142\u0119. Kt\u00f3ra partia wygra wybory za rok? Chyba jednak Platforma, ale nieznacznie.<\/p>\n<p>Nie zakaza\u0142bym w Polsce handlu w niedziel\u0119. Podatki bym nieco zwi\u0119kszy\u0142. Nie popieram finansowania \u015brodk\u00f3w antykoncepcyjnych w ca\u0142o\u015bci przez bud\u017cet pa\u0144stwa. Jestem przeciw podatkowi liniowemu, za liberalizacj\u0105 prawa do przerywania ci\u0105\u017cy, za wprowadzeniem zwi\u0105zk\u00f3w partnerskich dla par homoseksualnych, przeciwko prawu do adopcji dzieci przez pary homoseksualne. Jestem niewierz\u0105cy. W ostatnich latach moje \u017cycie nie uleg\u0142o zmianie, tylko uby\u0142o mi przyjaci\u00f3\u0142, odeszli na zawsze.<\/p>\n<p>ZAPROSZENIE<br \/>\n\u201ePrze\u015bniona rewolucja\u201d \u2013 nowa ksi\u0105\u017cka Andrzeja Ledera \u2013 b\u0119dzie tematem rozmowy w Radiu TOK FM. Uczestnicy: Edwin BENDYK (\u201ePolityka\u201d), prof. Jan SOWA (UJ) i dr Karolina WIGURA (UW). Przy okazji zapytam o niedosz\u0142y doktorat h.c. UJ dla Jos\u00e9 Manuel Barroso. Wtorek, 13 maja, godz. 20:05. Zapraszam!<\/p>\n","protected":false},"excerpt":{"rendered":"<p>\u201eGazecie Wyborczej\u201d \u2013 wszystkiego najlepszego! Nie jest ona idealna, ma i grzechy na sumieniu, ale w sumie to nie tylko najlepsza gazeta codzienna w Polsce, ba, w historii polskich dziennik\u00f3w, ale wr\u0119cz jeden z filar\u00f3w Polski po 1989 roku. Bywa denerwuj\u0105ca, stronnicza, koteryjna, obsesyjna, ale bez niej nie wyobra\u017cam sobie naszych medi\u00f3w i przemian.<\/p>\n","protected":false},"author":4,"featured_media":0,"comment_status":"open","ping_status":"closed","sticky":false,"template":"","format":"standard","meta":{"footnotes":""},"categories":[1],"tags":[],"_links":{"self":[{"href":"https:\/\/blog.polityka.pl\/passent\/wp-json\/wp\/v2\/posts\/2402"}],"collection":[{"href":"https:\/\/blog.polityka.pl\/passent\/wp-json\/wp\/v2\/posts"}],"about":[{"href":"https:\/\/blog.polityka.pl\/passent\/wp-json\/wp\/v2\/types\/post"}],"author":[{"embeddable":true,"href":"https:\/\/blog.polityka.pl\/passent\/wp-json\/wp\/v2\/users\/4"}],"replies":[{"embeddable":true,"href":"https:\/\/blog.polityka.pl\/passent\/wp-json\/wp\/v2\/comments?post=2402"}],"version-history":[{"count":5,"href":"https:\/\/blog.polityka.pl\/passent\/wp-json\/wp\/v2\/posts\/2402\/revisions"}],"predecessor-version":[{"id":2406,"href":"https:\/\/blog.polityka.pl\/passent\/wp-json\/wp\/v2\/posts\/2402\/revisions\/2406"}],"wp:attachment":[{"href":"https:\/\/blog.polityka.pl\/passent\/wp-json\/wp\/v2\/media?parent=2402"}],"wp:term":[{"taxonomy":"category","embeddable":true,"href":"https:\/\/blog.polityka.pl\/passent\/wp-json\/wp\/v2\/categories?post=2402"},{"taxonomy":"post_tag","embeddable":true,"href":"https:\/\/blog.polityka.pl\/passent\/wp-json\/wp\/v2\/tags?post=2402"}],"curies":[{"name":"wp","href":"https:\/\/api.w.org\/{rel}","templated":true}]}}