
{"id":2408,"date":"2014-05-18T15:35:02","date_gmt":"2014-05-18T13:35:02","guid":{"rendered":"http:\/\/passent.blog.polityka.pl\/?p=2408"},"modified":"2014-05-18T16:01:13","modified_gmt":"2014-05-18T14:01:13","slug":"nie-chodzi-o-europe","status":"publish","type":"post","link":"https:\/\/blog.polityka.pl\/passent\/2014\/05\/18\/nie-chodzi-o-europe\/","title":{"rendered":"Nie chodzi o Europ\u0119"},"content":{"rendered":"<p>Niby s\u0105 to wybory do Parlamentu Europejskiego, a w kampanii prawie w og\u00f3le nie m\u00f3wi si\u0119 o Europie. Wszystko inne, prosz\u0119 bardzo: Bartoszewski i \u201ebyd\u0142o\u201d,  Paw\u0142owicz i \u201eszmata\u201d, Kaczy\u0144ski na wa\u0142ach, Tusk w Rzymie, Kwa\u015bniewski u oligarchy \u2013 wszystko, byle nie Unia.<br \/>\n<!--more--><br \/>\nTrudno zrozumie\u0107 ten paradoks. Unia, kt\u00f3rej dobrodziejstwa dla Polski s\u0105 widoczne go\u0142ym okiem, nie budzi w spo\u0142ecze\u0144stwie i w mediach wi\u0119kszego zainteresowania. Spoty? Owszem. Plotki? Jak najbardziej. Ukraina? Niech b\u0119dzie. Ale sama Unia nie podnieca prawie nikogo. No, mo\u017ce tylko jej zagorza\u0142ych przeciwnik\u00f3w, kt\u00f3rych \u2013 w miar\u0119 up\u0142ywu czasu, unijnych inwestycji, student\u00f3w \u2013 jako\u015b przybywa. Unia si\u0119 przejad\u0142a, jest oci\u0119\u017ca\u0142a, coraz bardziej widoczne s\u0105 jej s\u0142abo\u015bci, takie jak brak decyzyjno\u015bci, niemo\u017cliwo\u015b\u0107 ustalenia wsp\u00f3lnej polityki energetycznej, zagranicznej, wschodniej itd.<\/p>\n<p>Mo\u017cna powiedzie\u0107, \u017ce Unia znajduje si\u0119 na rozdro\u017cu: albo wi\u0119ksza integracja (kt\u00f3ra ma wielu przeciwnik\u00f3w), albo stagnacja, stop, ani kroku dalej, co by\u0142oby dla Polski kl\u0119sk\u0105. Mam nadziej\u0119, \u017ce frekwencja w Polsce nie b\u0119dzie tragiczna, eurosceptycy, Korwin-Mikke, narodowcy nie odnotuj\u0105 sukcesu. Uwa\u017cam ich za  zagro\u017cenie, kt\u00f3rego nie mo\u017cna lekcewa\u017cy\u0107. <\/p>\n<p>Nale\u017cy wzi\u0105\u0107 udzia\u0142 w wyborach i odda\u0107 g\u0142os na Uni\u0119, a nie na jej przeciwnik\u00f3w. Korwin-Mikke, kt\u00f3ry deklaruje, \u017ce chce wej\u015b\u0107 do Parlamentu Europejskiego po to, \u017ceby za unijne pieni\u0105dze zamieni\u0107 j\u0105 w burdel \u2013 to jest dno. W og\u00f3le Nowa Prawica to groza. Niestety, niejeden JKM jest na tym dnie.<\/p>\n<p>Z innych spraw. Premier Tusk u papie\u017ca Franciszka \u2013 trudno si\u0119 dziwi\u0107. Gdyby by\u0142 w Rzymie i nie widzia\u0142 papie\u017ca, by\u0142oby to co najmniej dziwne. Gdyby nie wykorzysta\u0142 takiej mo\u017cliwo\u015bci w kampanii \u2013 by\u0142oby to r\u00f3wnie\u017c dziwne. Lewica zarzuca mu, \u017ce jedzie \u201ewaln\u0105\u0107 w pier\u015bcie\u0144\u201d i je biskupom z r\u0119ki, prawica &#8211; \u017ce nie jest gorliwy tylko wyrachowany. <\/p>\n<p>Podobnie jak z obecno\u015bci\u0105 premiera na terenach powodziowych. Jest \u2013 no to znaczy, \u017ce si\u0119 lansuje. Nie ma go \u2013 znaczy, \u017ce lekcewa\u017cy powodzian. Tak \u017ale i tak niedobrze. Zarzucaj\u0105 Tuskowi, \u017ce jest z\u0142ym chrze\u015bcijaninem, bo koniunkturalnym. Nie mnie s\u0105dzi\u0107, ale my\u015bl\u0119, \u017ce Tusk nie r\u00f3\u017cni si\u0119 od milion\u00f3w Polak\u00f3w, kt\u00f3rzy chodz\u0105 do ko\u015bcio\u0142a od wielkiego dzwonu albo kiedy maj\u0105 osobisty interes do Pana Boga.<\/p>\n<p>Kampania wyborcza to prawdziwy pokaz cynizmu polityk\u00f3w. Kaczy\u0144ski czeka na deszcz, kt\u00f3ry zaleje Tuska, a Tusk czeka na s\u0142o\u0144ce, kt\u00f3re wypali Kaczy\u0144skiego. W tym wszystkim Unia si\u0119 nie liczy. <\/p>\n<p>Te wybory to tylko (i a\u017c) przygrywka do prawdziwych wybor\u00f3w samorz\u0105dowych, prezydenckich i parlamentarnych. <\/p>\n<p>Nietrudno przewidzie\u0107 komentarze po wyborach. Je\u017celi wygra PiS, to b\u0119dzie si\u0119 m\u00f3wi\u0142o, \u017ce spo\u0142ecze\u0144stwo ma do\u015b\u0107 Platformy, ukara\u0142o j\u0105 za siedem lat nieudolno\u015bci i korupcji. Je\u015bli wygra Platforma, to dowiemy si\u0119, \u017ce wybory by\u0142y sfa\u0142szowane, a z drugiej strony &#8211; \u017ce kolejna pora\u017cka, \u017ce to definitywny koniec prezesa Kaczy\u0144skiego. <\/p>\n<p>To wybory wa\u017cne dla polityk\u00f3w. Na prawicy oka\u017ce si\u0119, czy uda\u0142o si\u0119 odepchn\u0105\u0107 PiS od \u015bciany, na lewicy \u2013 kto\u015b padnie, Miller albo Palikot. Mam nadziej\u0119, \u017ce to b\u0119dzie koniec bratob\u00f3jczej wojny.<\/p>\n","protected":false},"excerpt":{"rendered":"<p>Niby s\u0105 to wybory do Parlamentu Europejskiego, a w kampanii prawie w og\u00f3le nie m\u00f3wi si\u0119 o Europie. Wszystko inne, prosz\u0119 bardzo: Bartoszewski i \u201ebyd\u0142o\u201d, Paw\u0142owicz i \u201eszmata\u201d, Kaczy\u0144ski na wa\u0142ach, Tusk w Rzymie, Kwa\u015bniewski u oligarchy \u2013 wszystko, byle nie Unia.<\/p>\n","protected":false},"author":4,"featured_media":0,"comment_status":"open","ping_status":"closed","sticky":false,"template":"","format":"standard","meta":{"footnotes":""},"categories":[1],"tags":[],"_links":{"self":[{"href":"https:\/\/blog.polityka.pl\/passent\/wp-json\/wp\/v2\/posts\/2408"}],"collection":[{"href":"https:\/\/blog.polityka.pl\/passent\/wp-json\/wp\/v2\/posts"}],"about":[{"href":"https:\/\/blog.polityka.pl\/passent\/wp-json\/wp\/v2\/types\/post"}],"author":[{"embeddable":true,"href":"https:\/\/blog.polityka.pl\/passent\/wp-json\/wp\/v2\/users\/4"}],"replies":[{"embeddable":true,"href":"https:\/\/blog.polityka.pl\/passent\/wp-json\/wp\/v2\/comments?post=2408"}],"version-history":[{"count":4,"href":"https:\/\/blog.polityka.pl\/passent\/wp-json\/wp\/v2\/posts\/2408\/revisions"}],"predecessor-version":[{"id":2412,"href":"https:\/\/blog.polityka.pl\/passent\/wp-json\/wp\/v2\/posts\/2408\/revisions\/2412"}],"wp:attachment":[{"href":"https:\/\/blog.polityka.pl\/passent\/wp-json\/wp\/v2\/media?parent=2408"}],"wp:term":[{"taxonomy":"category","embeddable":true,"href":"https:\/\/blog.polityka.pl\/passent\/wp-json\/wp\/v2\/categories?post=2408"},{"taxonomy":"post_tag","embeddable":true,"href":"https:\/\/blog.polityka.pl\/passent\/wp-json\/wp\/v2\/tags?post=2408"}],"curies":[{"name":"wp","href":"https:\/\/api.w.org\/{rel}","templated":true}]}}