
{"id":242,"date":"2007-03-21T08:15:33","date_gmt":"2007-03-21T07:15:33","guid":{"rendered":"http:\/\/passent.blog.polityka.pl\/?p=242"},"modified":"2007-03-21T07:32:50","modified_gmt":"2007-03-21T06:32:50","slug":"pour-la-fete","status":"publish","type":"post","link":"https:\/\/blog.polityka.pl\/passent\/2007\/03\/21\/pour-la-fete\/","title":{"rendered":"Pour la fete"},"content":{"rendered":"<p>&#8211; <em>Polityk powinien zdawa\u0107 sobie spraw\u0119 ze skutk\u00f3w swojej dzia\u0142a\u0144<\/em> \u2013 m\u00f3wi\u0142 premier Kaczy\u0144ski, kiedy Marek Jurek i S-ka zaczynali si\u0119 kr\u0119ci\u0107 wok\u00f3\u0142 zmiany w konstytucji. JK ostrzega\u0142, \u017ce je\u015bli ruszy si\u0119 obecny kompromis (?), to mo\u017ce si\u0119 sko\u0144czy\u0107 na referendum, kt\u00f3re chrze\u015bcija\u0144scy fundamentali\u015bci przegraj\u0105. Merytorycznie i taktycznie premier mia\u0142 racj\u0119. Merytorycznie, gdy\u017c po tym, jak kilka dni temu Portugalia przesz\u0142a na stron\u0119 libera\u0142\u00f3w, ju\u017c tylko Polska, Malta oraz Irlandia maj\u0105 tak restrykcyjne ustawodawstwo dotycz\u0105ce przerywania ci\u0105\u017cy. Z tego powodu prezydent Kaczy\u0144ski podczas spotkania z kanclerz Merkel zgodzi\u0142 si\u0119 podpisa\u0107 imieniu Polski deklaracj\u0119 berli\u0144sk\u0105, pomimo, \u017ce nie b\u0119dzie w niej mowy o dziedzictwie chrze\u015bcija\u0144skim, czy judeo-chrze\u015bcija\u0144skim, kt\u00f3re niew\u0105tpliwie jest kolebk\u0105 naszej cywilizacji (ale od tamtego czasu Europa znacznie si\u0119 zmieni\u0142a). Prezydent przyzna\u0142 z rozbrajaj\u0105c\u0105 szczero\u015bci\u0105, \u017ce gdyby odm\u00f3wi\u0142, to Polska by\u0142aby jedynym pa\u0144stwem, kt\u00f3re by nie z\u0142o\u017cy\u0142o podpisu pod deklaracj\u0105. Ciekawe, jak by post\u0105pi\u0142 na jego miejscu Marek Jurek czy Roman Giertych. Przegrana sprawa z pani\u0105 Tysi\u0105c w Trybunale Praw Cz\u0142owieka jest kolejnym ostrze\u017ceniem, \u017ce normy obowi\u0105zuj\u0105ce w Polsce odbiegaj\u0105 od standard\u00f3w europejskich. W sumie dobrze, \u017ce premier ostrzeg\u0142 marsza\u0142ka Jurka, \u017ceby nie igra\u0142 z ogniem, ale to za ma\u0142o. Fundamentali\u015bci z Torunia okazali si\u0119 na tyle silni, \u017ce premier uzna\u0142 za stosowne zdystansowa\u0107 si\u0119 od bratowej, sugeruj\u0105c, \u017ce nie wiedzia\u0142a, co czyni, podpisuj\u0105c apel perfidnie jej podsuni\u0119ty (w dodatku zapraszaj\u0105c Magdalen\u0119 \u015arod\u0119).<\/p>\n<p>By\u0142oby dobrze, gdyby nie tylko premier, ale i pozostali cz\u0142onkowie rz\u0105du, podejmuj\u0105c brzemienne w skutki decyzje, my\u015bleli kilka ruch\u00f3w na prz\u00f3d. Minister Ziobro, najbardziej popularny polityk w kraju, powinien by\u0142 pomy\u015ble\u0107, \u017ce organizuj\u0105c pokazowe aresztowanie dra G. i urz\u0105dzaj\u0105c konferencj\u0119 prasow\u0105, na kt\u00f3rej wyra\u017anie sugerowa\u0142, \u017ce kardiochirurg \u201epozbawia\u0142 \u017cycia\u201d, spowoduje ferment w\u015br\u00f3d lekarzy i strach w\u015br\u00f3d pacjent\u00f3w. Czy\u017c spadek zaufania do lekarzy, kt\u00f3rzy \u2013 przy wszystkich swoich grzechach \u2013 s\u0105 synonimem nadziei, spadek ilo\u015bci dawc\u00f3w, spadek liczby wykonywanych transplantacji, jakiego jeste\u015bmy \u015bwiadkami, nie spowoduje utraty \u017cycia b\u0105d\u017a wi\u0119kszych cierpie\u0144 chorych, kt\u00f3rzy nie mog\u0105 si\u0119 doczeka\u0107 operacji? Przedstawiciel ministerstwa Zdrowia uspakaja, \u017ce \u201eza kilka miesi\u0119cy\u201d (!) ilo\u015b\u0107 transplantacji powr\u00f3ci do normy. Czy\u017c wyci\u0119cie jednego wrzodu musia\u0142o si\u0119 sko\u0144czy\u0107 zapaleniem ca\u0142ego organizmu? Czy\u017c wszystko nie mog\u0142o si\u0119 odby\u0107 bez kajdanek, kominiarek i histerycznych komentarzy? Gdyby \u201eoperacja dr G.\u201d by\u0142a wykonana lancetem, a nie siekier\u0105, efekt by\u0142by lepszy, a koszty mniejsze.<\/p>\n<p>Czy minister sportu nie wiedzia\u0142, \u017ce zawieszaj\u0105c zarz\u0105d PZPN i ustanawiaj\u0105c kuratora, wszczyna konflikt z FIF\u0104, z kt\u00f3r\u0105 nikt nie wygra\u0142? Co prawda prezes Listkiewicz nie sko\u0144czy\u0142 w kajdankach, ale show by\u0142 nie mniejszy ni\u017c z prof. G. Sze\u015b\u0107 tygodni trwa\u0142 pokaz si\u0142y, a w ko\u0144c\u00f3wce FIFA strzeli\u0142a nam gola i prezydent RP musia\u0142 wyci\u0105ga\u0107 pi\u0142k\u0119 z siatki. A przecie\u017c ludzie, kt\u00f3rzy znaj\u0105 si\u0119 na futbolu, ostrzegali, \u017ce Blatter nie przepu\u015bci. Po kilku tygodniach wymachiwania czerwon\u0105 kartk\u0105, minister Lipiec musia\u0142 spu\u015bci\u0107 z tonu, musia\u0142 si\u0119 zgodzi\u0107 na \u201ekompromis\u201d, w wyniku kt\u00f3rego zarz\u0105d PZPN powr\u00f3ci\u0142 na boisko, a kurator dosta\u0142 czerwon\u0105 kartk\u0119. Przecie\u017c taki \u201ekompromis\u201d mo\u017cna by\u0142o uzgodni\u0107 bez tej ca\u0142ej hecy, bez anga\u017cowania autorytetu prezydenta RP, kt\u00f3ry przyj\u0105\u0142 prezesa FIFA, jak gdyby to by\u0142 r\u00f3wnorz\u0119dny partner.<\/p>\n<p>Bywa, \u017ce cele, jakie stawia sobie rz\u0105d, s\u0105 szlachetne (walka z korupcj\u0105 w s\u0142u\u017cbie zdrowia, czy w pi\u0142ce no\u017cnej), ale metody s\u0105 obliczone bardziej na efekt ni\u017c na skuteczno\u015b\u0107. Czasami wydaje si\u0119, \u017ce heca i korzystny pi-ar (<em>pour la fete<\/em>) licz\u0105 si\u0119 bardziej ni\u017c szlachetne zamiary.<\/p>\n<p><strong>PS<\/strong>. Dzisiaj pocz\u0105tek kalendarzowej wiosny. Wyje\u017cd\u017cam na wakacje, z g\u00f3ry przepraszam za zak\u0142\u00f3cenia w dostawach przez dwa tygodnie. Do zobaczenia!<\/p>\n","protected":false},"excerpt":{"rendered":"<p>&#8211; Polityk powinien zdawa\u0107 sobie spraw\u0119 ze skutk\u00f3w swojej dzia\u0142a\u0144 \u2013 m\u00f3wi\u0142 premier Kaczy\u0144ski, kiedy Marek Jurek i S-ka zaczynali si\u0119 kr\u0119ci\u0107 wok\u00f3\u0142 zmiany w konstytucji. JK ostrzega\u0142, \u017ce je\u015bli ruszy si\u0119 obecny kompromis (?), to mo\u017ce si\u0119 sko\u0144czy\u0107 na referendum, kt\u00f3re chrze\u015bcija\u0144scy fundamentali\u015bci przegraj\u0105. Merytorycznie i taktycznie premier mia\u0142 racj\u0119. Merytorycznie, gdy\u017c po tym, [&hellip;]<\/p>\n","protected":false},"author":4,"featured_media":0,"comment_status":"open","ping_status":"open","sticky":false,"template":"","format":"standard","meta":{"footnotes":""},"categories":[1],"tags":[],"_links":{"self":[{"href":"https:\/\/blog.polityka.pl\/passent\/wp-json\/wp\/v2\/posts\/242"}],"collection":[{"href":"https:\/\/blog.polityka.pl\/passent\/wp-json\/wp\/v2\/posts"}],"about":[{"href":"https:\/\/blog.polityka.pl\/passent\/wp-json\/wp\/v2\/types\/post"}],"author":[{"embeddable":true,"href":"https:\/\/blog.polityka.pl\/passent\/wp-json\/wp\/v2\/users\/4"}],"replies":[{"embeddable":true,"href":"https:\/\/blog.polityka.pl\/passent\/wp-json\/wp\/v2\/comments?post=242"}],"version-history":[{"count":0,"href":"https:\/\/blog.polityka.pl\/passent\/wp-json\/wp\/v2\/posts\/242\/revisions"}],"wp:attachment":[{"href":"https:\/\/blog.polityka.pl\/passent\/wp-json\/wp\/v2\/media?parent=242"}],"wp:term":[{"taxonomy":"category","embeddable":true,"href":"https:\/\/blog.polityka.pl\/passent\/wp-json\/wp\/v2\/categories?post=242"},{"taxonomy":"post_tag","embeddable":true,"href":"https:\/\/blog.polityka.pl\/passent\/wp-json\/wp\/v2\/tags?post=242"}],"curies":[{"name":"wp","href":"https:\/\/api.w.org\/{rel}","templated":true}]}}