
{"id":2423,"date":"2014-05-29T23:16:10","date_gmt":"2014-05-29T21:16:10","guid":{"rendered":"http:\/\/passent.blog.polityka.pl\/?p=2423"},"modified":"2014-06-06T11:09:46","modified_gmt":"2014-06-06T09:09:46","slug":"ciszej-nad-ta-trumna-2","status":"publish","type":"post","link":"https:\/\/blog.polityka.pl\/passent\/2014\/05\/29\/ciszej-nad-ta-trumna-2\/","title":{"rendered":"Ciszej nad t\u0105 trumn\u0105"},"content":{"rendered":"<p>Z okazji pogrzebu genera\u0142a Wojciecha Jaruzelskiego pad\u0142o wiele niepotrzebnych i niem\u0105drych s\u0142\u00f3w. Pal sze\u015b\u0107, gdy m\u00f3wi to uczennica czy polityczny orygina\u0142, ale dziennikarz powa\u017cnej gazety? Tomasz Pietryga w przeddzie\u0144 pogrzebu pisa\u0142 w \u201eRzeczpospolitej\u201d: \u201eGdy za 10, 20 lat m\u0142odzi ludzie b\u0119d\u0105 uczy\u0107 si\u0119 historii lub podczas wycieczki szkolnej stan\u0105 nad grobem genera\u0142a, mo\u017ce kt\u00f3ry\u015b z nich zapyta: to w\u0142a\u015bciwie jak by\u0142o? Katy\u0144, w\u0142adza przywieziona na sowieckich czo\u0142gach, eksterminacja przedstawicieli Polskiego Pa\u0144stwa Podziemnego, Marzec &#8217;68, Wybrze\u017ce &#8217;70, stan wojenny, krew, b\u00f3l, zniszczone \u017cyciorysy. Sk\u0105d wi\u0119c Pow\u0105zki dla cz\u0142owieka, kt\u00f3ry by\u0142 uosobieniem tych czas\u00f3w?\u201d.<!--more--><\/p>\n<p>W odpowiedzi na tak jednostronn\u0105 wersj\u0119 historii mo\u017cna by przedstawi\u0107 wersj\u0119 odwrotn\u0105, r\u00f3wnie tendencyjn\u0105 i propagandow\u0105: polski Szczecin i Wroc\u0142aw, reforma rolna (oczywi\u015bcie ani s\u0142owa o kolektywizacji), likwidacja analfabetyzmu, odbudowa Warszawy i innych miast, rewolucja przemys\u0142owa (bez zeszyt\u00f3w w kratk\u0119), dziesi\u0105ta gospodarka na \u015bwiecie (i wielogodzinne kolejki), przemys\u0142 stoczniowy, awans milion\u00f3w ludzi ze wsi do miast, polska szko\u0142a filmowa,  Lutos\u0142awski, Penderecki itd. itp. Mo\u017cna by stawa\u0107 do tej propagandowej licytacji &#8211; tylko po co?<\/p>\n<p>General Jaruzelski jest uosobieniem tamtych czas\u00f3w, tylko nie by\u0142y to takie czasy, jak je opisuj\u0105 propagandy\u015bci. Po II wojnie \u015bwiatowej Polska by\u0142a krajem o ograniczonej suwerenno\u015bci i inna by\u0107 nie mog\u0142a, taki by\u0142 rezultat wojny i polityki sprzymierzonych.<\/p>\n<p>W\u0142adze Polski by\u0142y przywiezione na sowieckich czo\u0142gach i mia\u0142y bardzo w\u0105skie pole manewru. Wystarczy wspomnie\u0107 los Janosa Kadara, Imre Nagya czy Dubczeka, \u017ceby wiedzie\u0107, jak ciasne by\u0142y ramy, w kt\u00f3rych poruszali si\u0119 Gomu\u0142ka, Gierek, Kania, Jaruzelski. Ich polityk\u0119 mo\u017cemy ocenia\u0107 tylko na tle \u00f3wczesnych mo\u017cliwo\u015bci pa\u0144stwa satelickiego. Czy je wykorzystali w maksymalnym stopniu, czy te\u017c jeszcze je zaw\u0119\u017cali? By\u0142y w tamtych czasach karty jasne, jak pa\u017adziernik &#8217;56 czy doprowadzenie \u2013 po latach od zako\u0144czenia wojny &#8211; do uznania przez RFN polskich granic. I karty ciemne, jak Marzec &#8217;68, czy wr\u0119cz tragiczne, jak Grudzie\u0144 &#8217;70. By\u0142y te\u017c wydarzenia, kt\u00f3rych nie spos\u00f3b ocenia\u0107 jednoznacznie \u2013 jak stan wojenny. Tylko ten, kto rozumie, jak skomplikowane to by\u0142y okoliczno\u015bci, jest w stanie oceni\u0107 \u00f3wczesnych protagonist\u00f3w.<\/p>\n<p>Stro\u0144my wi\u0119c od nachalnej propagandy. Wojciech Jaruzelski jest uosobieniem polskiego dramatu \u2013 pomi\u0119dzy zbuntowanym w imi\u0119 wolno\u015bci spo\u0142ecze\u0144stwem a czyhaj\u0105cym na t\u0119 wolno\u015b\u0107 imperium. Wraz z nim odchodz\u0105 polskie dylematy po II wojnie. Dzisiaj jest wielu m\u0105drych po szkodzie. Wtedy by\u0142o ich jak na lekarstwo.<\/p>\n","protected":false},"excerpt":{"rendered":"<p>Z okazji pogrzebu genera\u0142a Wojciecha Jaruzelskiego pad\u0142o wiele niepotrzebnych i niem\u0105drych s\u0142\u00f3w. Pal sze\u015b\u0107, gdy m\u00f3wi to uczennica czy polityczny orygina\u0142, ale dziennikarz powa\u017cnej gazety? Tomasz Pietryga w przeddzie\u0144 pogrzebu pisa\u0142 w \u201eRzeczpospolitej\u201d: \u201eGdy za 10, 20 lat m\u0142odzi ludzie b\u0119d\u0105 uczy\u0107 si\u0119 historii lub podczas wycieczki szkolnej stan\u0105 nad grobem genera\u0142a, mo\u017ce kt\u00f3ry\u015b z [&hellip;]<\/p>\n","protected":false},"author":4,"featured_media":0,"comment_status":"open","ping_status":"closed","sticky":false,"template":"","format":"standard","meta":{"footnotes":""},"categories":[1],"tags":[],"_links":{"self":[{"href":"https:\/\/blog.polityka.pl\/passent\/wp-json\/wp\/v2\/posts\/2423"}],"collection":[{"href":"https:\/\/blog.polityka.pl\/passent\/wp-json\/wp\/v2\/posts"}],"about":[{"href":"https:\/\/blog.polityka.pl\/passent\/wp-json\/wp\/v2\/types\/post"}],"author":[{"embeddable":true,"href":"https:\/\/blog.polityka.pl\/passent\/wp-json\/wp\/v2\/users\/4"}],"replies":[{"embeddable":true,"href":"https:\/\/blog.polityka.pl\/passent\/wp-json\/wp\/v2\/comments?post=2423"}],"version-history":[{"count":5,"href":"https:\/\/blog.polityka.pl\/passent\/wp-json\/wp\/v2\/posts\/2423\/revisions"}],"predecessor-version":[{"id":2427,"href":"https:\/\/blog.polityka.pl\/passent\/wp-json\/wp\/v2\/posts\/2423\/revisions\/2427"}],"wp:attachment":[{"href":"https:\/\/blog.polityka.pl\/passent\/wp-json\/wp\/v2\/media?parent=2423"}],"wp:term":[{"taxonomy":"category","embeddable":true,"href":"https:\/\/blog.polityka.pl\/passent\/wp-json\/wp\/v2\/categories?post=2423"},{"taxonomy":"post_tag","embeddable":true,"href":"https:\/\/blog.polityka.pl\/passent\/wp-json\/wp\/v2\/tags?post=2423"}],"curies":[{"name":"wp","href":"https:\/\/api.w.org\/{rel}","templated":true}]}}