
{"id":2430,"date":"2014-06-02T19:44:49","date_gmt":"2014-06-02T17:44:49","guid":{"rendered":"http:\/\/passent.blog.polityka.pl\/?p=2430"},"modified":"2014-06-06T11:10:14","modified_gmt":"2014-06-06T09:10:14","slug":"na-polskiej-scenie","status":"publish","type":"post","link":"https:\/\/blog.polityka.pl\/passent\/2014\/06\/02\/na-polskiej-scenie\/","title":{"rendered":"Na polskiej scenie"},"content":{"rendered":"<p>25 lat po odzyskaniu wolno\u015bci Polska t\u0119tni \u017cyciem. Na obchody rocznicy zje\u017cd\u017caj\u0105 do nas przyw\u00f3dcy wolnego \u015bwiata, do kt\u00f3rego wzdychali\u015bmy przez dwa pokolenia, a jeste\u015bmy jego cz\u0119\u015bci\u0105 dopiero od jednego.<\/p>\n<p>Nikt nie b\u0119dzie m\u00f3g\u0142 zarzuci\u0107 rz\u0105dowi, \u017ce zaniedba\u0142 polityk\u0119 historyczn\u0105, przegapi\u0142 rocznic\u0119 i pozwoli\u0142 na to, \u017ceby Niemcy akcentowali zburzenie muru berli\u0144skiego jako narodziny wolno\u015bci w Europie. Ci za\u015b, kt\u00f3rzy by taki zarzut wysun\u0119li, w duchu b\u0119d\u0105 niezadowoleni, \u017ce Tusk i Komorowski wygrzewaj\u0105 si\u0119 w cieple Obamy i Merkel.<!--more--><\/p>\n<p>Chocia\u017c przez chwil\u0119 Warszawa b\u0119dzie p\u0119pkiem \u015bwiata, docenione zostan\u0105 nasze przemiany, a przy okazji dojdzie do prawdziwej polityki, Obama spotka si\u0119 z ukrai\u0144skim prezydentem, us\u0142yszymy by\u0107 mo\u017ce, co nowego w sprawie gwarancji bezpiecze\u0144stwa dla Europy \u015arodkowo-Wschodniej.<\/p>\n<p>W Polsce zdania s\u0105 podzielone na ka\u017cdy temat. Bywa, \u017ce ha\u0142a\u015bliwa mniejszo\u015b\u0107 sprawia wra\u017cenie wi\u0119kszo\u015bci. Tak by\u0142o na przyk\u0142ad w sprawie pogrzebu gen. Jaruzelskiego. Mniejszo\u015b\u0107 rycza\u0142a i gwizda\u0142a, a sonda\u017c Homo Homini dla \u201eRzeczpospolitej\u201d wykaza\u0142, \u017ce 56 proc. zapytanych uwa\u017ca, i\u017c genera\u0142owi nale\u017ca\u0142 si\u0119 pogrzeb pa\u0144stwowy (30 proc. przeciwnie).<\/p>\n<p>Podobna rozbie\u017cno\u015b\u0107 ocen panuje w ocenie polskiej transformacji. Dla jednych ostatnie 25 lat to najlepszy okres w polskiej historii, dla innych \u2013 zmarnowana, a w ka\u017cdym razie niewykorzystana szansa. Mnie bli\u017cszy jest ten pierwszy pogl\u0105d, aczkolwiek istniej\u0105 ra\u017c\u0105ce minusy, przede wszystkim du\u017ce r\u00f3\u017cnice dochod\u00f3w, kryzys demograficzny, wysokie bezrobocie i du\u017ca emigracja. Aczkolwiek to ostatnie zjawisko ma tak\u017ce swoje zalety.<\/p>\n<p>W sumie jednak Polska zmieni\u0142a si\u0119 nie do poznania \u2013 inne ni\u017c \u0107wier\u0107 wieku temu s\u0105 wolno\u015bci i prawa obywatelskie, inne s\u0105 domy, drogi, media, sklepy, ulice, sto\u0142\u00f3wki  i \u201ew\u0119z\u0142y higieniczne\u201d. \u017bycie kulturalne t\u0119tni.<\/p>\n<p>Oczywi\u015bcie z punktu widzenia emeryta i bezrobotnego \u015bwiat nie jest taki pi\u0119kny, transformacja jest zbyt neoliberalna, bezlitosna i egoistyczna, ale najwa\u017cniejsze wska\u017aniki nie k\u0142ami\u0105: \u017cycie uleg\u0142o znacznemu przed\u0142u\u017ceniu, doch\u00f3d narodowy wzr\u00f3s\u0142 najszybciej w krajach by\u0142ego RWPG, coraz wi\u0119kszy mamy odsetek m\u0142odzie\u017cy studiuj\u0105cej. Oczywi\u015bcie wszystko mo\u017cna podwa\u017cy\u0107 (\u017cycie d\u0142u\u017csze, ale jakie?), wystarczy wej\u015b\u0107 w kontakt z publiczn\u0105 s\u0142u\u017cb\u0105 zdrowia, \u017ceby och\u0142on\u0105\u0107 z entuzjazmu. Ale ja oceniam transformacj\u0119 \u201eper saldo\u201d.<\/p>\n<p>Polska sta\u0142a si\u0119 bogata w swojej r\u00f3\u017cnorodno\u015bci. Wystarczy popatrze\u0107 na dwie aktorki \u2013 Krystyn\u0119 Jand\u0119 i Joann\u0105 Szczepkowsk\u0105. Ile\u017c w tych paniach talent\u00f3w i energii! Ta pierwsza jest wielk\u0105 aktork\u0105, przez rol\u0119 w \u201eCz\u0142owieku z \u017celaza\u201d sta\u0142a si\u0119 symbolem wolno\u015bci i nic dziwnego, \u017ce kilka dni temu zosta\u0142a wybrana \u201eCz\u0142owiekiem Wolno\u015bci\u201d w plebiscycie &#8222;GW&#8221; i TVN. Janda stworzy\u0142a pierwszy (a potem drugi) prywatny teatr z prawdziwego zdarzenia, gdzie wspaniale gra, re\u017cyseruje i szefuje, jest prawdziw\u0105 Kr\u00f3low\u0105 Teatru i Ekranu.<\/p>\n<p>Ta druga, Joanna Szczepkowska, jest nie tylko \u015bwietn\u0105 aktork\u0105, ale tak\u017ce znakomit\u0105 autork\u0105, jej felietony z &#8222;Wysokich Obcasach&#8221; by\u0142y wysokiej pr\u00f3by, teraz \u2013 po konflikcie z &#8222;GW&#8221; &#8211; pisze do \u201eRz.\u201d,  musi by\u0107 osob\u0105 intryguj\u0105c\u0105 i zaskakuj\u0105c\u0105, ostatnio np. odkry\u0142a prawic\u0119, docenia Frond\u0119, spotka\u0142a si\u0119 z ksi\u0119dzem Oko.<\/p>\n<p>C\u00f3\u017c za dwie r\u00f3\u017cne postaci i dla obu jest miejsce na polskiej scenie!<\/p>\n<hr \/>\n<p>ZAPROSZENIE<br \/>\nProf. Jadwiga STANISZKIS i red. S\u0142awomir SIERAKOWSKI b\u0119d\u0105 rozmawia\u0107 o 25-leciu wolno\u015bci. Gdzie? W Radiu TOK FM. Kiedy? We wtorek, 3 czerwca, g. 20.05. Zapraszam!<\/p>\n","protected":false},"excerpt":{"rendered":"<p>25 lat po odzyskaniu wolno\u015bci Polska t\u0119tni \u017cyciem. Na obchody rocznicy zje\u017cd\u017caj\u0105 do nas przyw\u00f3dcy wolnego \u015bwiata, do kt\u00f3rego wzdychali\u015bmy przez dwa pokolenia, a jeste\u015bmy jego cz\u0119\u015bci\u0105 dopiero od jednego. Nikt nie b\u0119dzie m\u00f3g\u0142 zarzuci\u0107 rz\u0105dowi, \u017ce zaniedba\u0142 polityk\u0119 historyczn\u0105, przegapi\u0142 rocznic\u0119 i pozwoli\u0142 na to, \u017ceby Niemcy akcentowali zburzenie muru berli\u0144skiego jako narodziny wolno\u015bci [&hellip;]<\/p>\n","protected":false},"author":4,"featured_media":0,"comment_status":"open","ping_status":"closed","sticky":false,"template":"","format":"standard","meta":{"footnotes":""},"categories":[1],"tags":[],"_links":{"self":[{"href":"https:\/\/blog.polityka.pl\/passent\/wp-json\/wp\/v2\/posts\/2430"}],"collection":[{"href":"https:\/\/blog.polityka.pl\/passent\/wp-json\/wp\/v2\/posts"}],"about":[{"href":"https:\/\/blog.polityka.pl\/passent\/wp-json\/wp\/v2\/types\/post"}],"author":[{"embeddable":true,"href":"https:\/\/blog.polityka.pl\/passent\/wp-json\/wp\/v2\/users\/4"}],"replies":[{"embeddable":true,"href":"https:\/\/blog.polityka.pl\/passent\/wp-json\/wp\/v2\/comments?post=2430"}],"version-history":[{"count":8,"href":"https:\/\/blog.polityka.pl\/passent\/wp-json\/wp\/v2\/posts\/2430\/revisions"}],"predecessor-version":[{"id":2439,"href":"https:\/\/blog.polityka.pl\/passent\/wp-json\/wp\/v2\/posts\/2430\/revisions\/2439"}],"wp:attachment":[{"href":"https:\/\/blog.polityka.pl\/passent\/wp-json\/wp\/v2\/media?parent=2430"}],"wp:term":[{"taxonomy":"category","embeddable":true,"href":"https:\/\/blog.polityka.pl\/passent\/wp-json\/wp\/v2\/categories?post=2430"},{"taxonomy":"post_tag","embeddable":true,"href":"https:\/\/blog.polityka.pl\/passent\/wp-json\/wp\/v2\/tags?post=2430"}],"curies":[{"name":"wp","href":"https:\/\/api.w.org\/{rel}","templated":true}]}}