
{"id":2442,"date":"2014-06-08T20:13:52","date_gmt":"2014-06-08T18:13:52","guid":{"rendered":"http:\/\/passent.blog.polityka.pl\/?p=2442"},"modified":"2014-06-08T21:47:08","modified_gmt":"2014-06-08T19:47:08","slug":"bloody-mary","status":"publish","type":"post","link":"https:\/\/blog.polityka.pl\/passent\/2014\/06\/08\/bloody-mary\/","title":{"rendered":"Bloody Mary"},"content":{"rendered":"<p>Licealistka Marysia z Gorzowa nawymy\u015bla\u0142a premierowi od zdrajc\u00f3w, a jednocze\u015bnie \u2013 jako osoba g\u0142\u0119boko wierz\u0105ca \u2013 powiedzia\u0142a, \u017ce modli si\u0119 za niego. Mi\u0142uje ona bowiem bli\u017aniego, ale nie do tego stopnia, \u017ceby przyj\u0105\u0107 od niego kwiaty. Nie tylko wi\u0119c zaczepi\u0142a premiera, ale jeszcze chcia\u0142a go upokorzy\u0107. Oczywi\u015bcie, w oczach jednych, z klas\u0105 zachowa\u0142 si\u0119 Tusk, w oczach innych &#8211; \u201edobrze mu tak\u201d.<\/p>\n<p>Kiedy\u015b taki incydent by\u0142by bez znaczenia, ale w dobie medi\u00f3w Marysia w oka mgnieniu sta\u0142a si\u0119 bohaterk\u0105 zwolennik\u00f3w PiS oraz Janusza Korwin-Mikkego, a przede wszystkim <a href=\"wPolityce.pl\">medi\u00f3w spod znaku braci Karnowskich<\/a>. Marysia wygl\u0105da\u0142a na najlepszy prezent, jaki dosta\u0142 prezes Kaczy\u0144ski, w sam\u0105 por\u0119 po przykrej dla niego nieobecno\u015bci w towarzystwie Obamy i czterdziestu rozb\u00f3jnik\u00f3w, kt\u00f3rzy przyjechali na zaproszenie Komorowskiego i sp\u00f3\u0142ki. <\/p>\n<p>G\u0142\u0119boka wiara, patriotyzm i niech\u0119\u0107 do Tuska zosta\u0142y Marysi wszczepione przez rodzic\u00f3w, ale nie tylko. Potwierdza ona, \u017ce prawica czyni post\u0119py w\u015br\u00f3d m\u0142odzie\u017cy, o czym \u015bwiadcz\u0105 wyborcy JKM i badania, wskazuj\u0105ce, \u017ce m\u0142odzie\u017c \u2013 kiedy\u015b za Platform\u0105 \u2013 coraz bardziej od niej odchodzi. \u017beby nie by\u0142o w\u0105tpliwo\u015bci, Marysia uwa\u017ca (?) tak\u017ce, \u017ce w Smole\u0144sku mia\u0142 miejsce zamach, a szczeg\u00f3\u0142y wyja\u015bni zesp\u00f3\u0142 Macierewicza, do kt\u00f3rego licealistka z Gorzowa deklaruje pe\u0142ne zaufanie. <\/p>\n<p>W pewnym wi\u0119c stopniu Marysia stanowi odm\u0142odzon\u0105 wersj\u0119 Paprykarza, kt\u00f3ry kilka lat temu spad\u0142 PiS-owi z nieba (<em>Jak \u017cy\u0107, panie premierze?<\/em>),  by potem rozczarowa\u0107 si\u0119 i zdradzi\u0107 prezesa. Pieszczoch PiS okaza\u0142 si\u0119 wyrodnym synem. Teraz z kolei Marysia podziwia prezesa Kaczy\u0144skiego. Gdzie sko\u0144czy \u2013 czas poka\u017ce. W moim pokoleniu (m\u00f3g\u0142bym by\u0107 dziadkiem Marysi) niewiele os\u00f3b wytrwa\u0142o przy pogl\u0105dach sprzed prawie 60 lat, kiedy mieli\u015bmy siedemnsatk\u0119. Oczywi\u015bcie, dla Platformy i Tuska to ma\u0142a pociecha, bo wybory tu\u017c-tu\u017c.<\/p>\n<p>Trudno, \u017ceby polityka ciep\u0142ej wody, solidnej, niezawodnej i w pewnym sensie \u201enudnej\u201d Polski, porywa\u0142a m\u0142odzie\u017c. Raczej przemawia do tych, kt\u00f3rzy pami\u0119taj\u0105 czasy bez ciep\u0142ej wody, kiedy w elektrociep\u0142owniach ko\u0144czy\u0142 si\u0119 w\u0119giel i premier Jaroszewicz osobi\u015bcie \u015bledzi\u0142 bieg poci\u0105gu towarowego z kopal\u0144 \u015al\u0105ska do stolicy. Aktywa Tuska \u2013 normalna Polska, ciesz\u0105ca si\u0119 uznaniem zagranicy &#8211; nie s\u0105 atutami w oczach m\u0142odzie\u017cy, kt\u00f3ra nie zna innej Polski ni\u017c normalna, i pragnie czego\u015b wi\u0119cej, najlepiej Polski nienormalnej. Na przyk\u0142ad broni\u0107 Polski przed \u2013 jak twierdzi Marysia  \u2013 wykupywaniem naszego kraju przez kapita\u0142 zachodni. St\u0105d ju\u017c tylko krok do przekonania, \u017ce \u017cydowska finansjera panuje nad \u015bwiatem. Marysia musi broni\u0107 Polski, musi z kim\u015b walczy\u0107, ch\u0119tnie z komun\u0105, musi mie\u0107 wroga \u2013 mo\u017ce by\u0107  \u017byd.<\/p>\n<p>K\u0142opot z Marysi\u0105 \u2013 jako z symbolem poparcia m\u0142odzie\u017cy dla prawicy \u2013 polega na tym, \u017ce jest ona antysemitk\u0105. To znaczy sama zapewnia, \u017ce antysemitk\u0105 nie jest, ale powtarza za doros\u0142ymi, \u017ce \u017bydzi rozpijali Polak\u00f3w w czasie zabor\u00f3w, solidnie sobie zapracowali na antysemityzm, a podczas Holokaustu jedni drugich pchali do pieca i tym podobne brednie.<\/p>\n<p>Mamy wi\u0119c pakiecik pogl\u0105d\u00f3w spod znaku Korwin-Mikkego, ale nie tylko. Dop\u00f3ki Bloody Mary twierdzi\u0142a tylko, \u017ce Tusk jest zdrajc\u0105, m\u00f3wi\u0142a to samo co prezes PiS, &#8222;Gazeta Polska&#8221; i tygodnik braci Karnowskich. Z tymi \u017bydami wyra\u017anie si\u0119 zagalopowa\u0142a. Prezes ani PiS nigdy nie dali podstaw do oskar\u017cenia ich o antysemityzm, ale ten daje sobie rad\u0119 bez ich pomocy, o czym \u015bwiadczy sukces Korwin-Mikkego i wiele innych dowod\u00f3w. Wciska si\u0119 tak\u017ce na nasz blog, wi\u0119c od czasu do czasu musz\u0119 kogo\u015b zbanowa\u0107. Przewiduj\u0119, \u017ce PiS nie we\u017amie Marysi na swoje sztandary, a jej zwolennicy b\u0119d\u0105 twierdzili, \u017ce m\u0142oda os\u00f3bka sta\u0142a si\u0119 ofiar\u0105 nagonki w mediach (wiadomo dlaczego).<\/p>\n<p>Tak naprawd\u0119 Marysia ma dopiero 17 lat, nie wie, co m\u00f3wi, powtarza to, co s\u0142yszy w domu i w\u015br\u00f3d r\u00f3wie\u015bnik\u00f3w, i to jest najsmutniejsze. Gdyby ona swoje pogl\u0105dy wymy\u015bli\u0142a sama, to by\u0142oby p\u00f3\u0142 biedy.<\/p>\n","protected":false},"excerpt":{"rendered":"<p>Licealistka Marysia z Gorzowa nawymy\u015bla\u0142a premierowi od zdrajc\u00f3w, a jednocze\u015bnie \u2013 jako osoba g\u0142\u0119boko wierz\u0105ca \u2013 powiedzia\u0142a, \u017ce modli si\u0119 za niego. Mi\u0142uje ona bowiem bli\u017aniego, ale nie do tego stopnia, \u017ceby przyj\u0105\u0107 od niego kwiaty. Nie tylko wi\u0119c zaczepi\u0142a premiera, ale jeszcze chcia\u0142a go upokorzy\u0107. Oczywi\u015bcie, w oczach jednych, z klas\u0105 zachowa\u0142 si\u0119 Tusk, [&hellip;]<\/p>\n","protected":false},"author":4,"featured_media":0,"comment_status":"open","ping_status":"closed","sticky":false,"template":"","format":"standard","meta":{"footnotes":""},"categories":[1],"tags":[],"_links":{"self":[{"href":"https:\/\/blog.polityka.pl\/passent\/wp-json\/wp\/v2\/posts\/2442"}],"collection":[{"href":"https:\/\/blog.polityka.pl\/passent\/wp-json\/wp\/v2\/posts"}],"about":[{"href":"https:\/\/blog.polityka.pl\/passent\/wp-json\/wp\/v2\/types\/post"}],"author":[{"embeddable":true,"href":"https:\/\/blog.polityka.pl\/passent\/wp-json\/wp\/v2\/users\/4"}],"replies":[{"embeddable":true,"href":"https:\/\/blog.polityka.pl\/passent\/wp-json\/wp\/v2\/comments?post=2442"}],"version-history":[{"count":5,"href":"https:\/\/blog.polityka.pl\/passent\/wp-json\/wp\/v2\/posts\/2442\/revisions"}],"predecessor-version":[{"id":2447,"href":"https:\/\/blog.polityka.pl\/passent\/wp-json\/wp\/v2\/posts\/2442\/revisions\/2447"}],"wp:attachment":[{"href":"https:\/\/blog.polityka.pl\/passent\/wp-json\/wp\/v2\/media?parent=2442"}],"wp:term":[{"taxonomy":"category","embeddable":true,"href":"https:\/\/blog.polityka.pl\/passent\/wp-json\/wp\/v2\/categories?post=2442"},{"taxonomy":"post_tag","embeddable":true,"href":"https:\/\/blog.polityka.pl\/passent\/wp-json\/wp\/v2\/tags?post=2442"}],"curies":[{"name":"wp","href":"https:\/\/api.w.org\/{rel}","templated":true}]}}