
{"id":2448,"date":"2014-06-13T18:52:28","date_gmt":"2014-06-13T16:52:28","guid":{"rendered":"http:\/\/passent.blog.polityka.pl\/?p=2448"},"modified":"2014-06-13T19:44:48","modified_gmt":"2014-06-13T17:44:48","slug":"partacze-z-platformy","status":"publish","type":"post","link":"https:\/\/blog.polityka.pl\/passent\/2014\/06\/13\/partacze-z-platformy\/","title":{"rendered":"Partacze z Platformy"},"content":{"rendered":"<p>Trudno by\u0107 wyrozumia\u0142ym dla Platformy Obywatelskiej po jej kompromitacji w sejmowym g\u0142osowaniu nad immunitetem pos\u0142a Mariusza Kami\u0144skiego. Trudno wyobrazi\u0107 sobie wa\u017cniejsze politycznie g\u0142osowanie: wiceprzewodnicz\u0105cy PiS, jeden z fundator\u00f3w IV RP i jej symbol, tw\u00f3rca i szef CBA \u2013 uniwersalnej broni przeciw mitycznemu \u201euk\u0142adowi\u201d i wszechw\u0142adnej korupcji &#8211; mistrz prowokacji, staje przed Sejmem, a Platforma, jej koalicjant PSL oraz sojusznik w tej sprawie, czyli SLD, nie s\u0105 w stanie pozbawi\u0107 go immunitetu! To si\u0119 w g\u0142owie nie mie\u015bci. G\u0142upota? Niefrasobliwo\u015b\u0107? Beztroska? Nieodpowiedzialno\u015b\u0107? <\/p>\n<p>Donald Tusk nie przychodzi na g\u0142osowanie, a Janusz Piechoci\u0144ski nie g\u0142osuje. Jak to rozumie\u0107? Z jednej strony deklaracje o szkodliwo\u015bci i potrzebie rozliczenia IV RP, z drugiej \u2013 bierno\u015b\u0107 i demobilizacja, kt\u00f3re zakrawaj\u0105 na kpin\u0119. By\u0107 mo\u017ce chodzi nawet o co\u015b powa\u017cniejszego ni\u017c ba\u0142agan, mianowicie o r\u00f3\u017cnice w Platformie dotycz\u0105ce oceny IV RP i zagro\u017cenia, jakie ona nadal dla Polski stanowi. <\/p>\n<p>By\u0107 mo\u017ce cz\u0119\u015b\u0107 pos\u0142anek i pos\u0142\u00f3w PO \u2013 podobnie jak Antoni M\u0119\u017cyd\u0142o \u2013 g\u0142osowa\u0142a tak z przekonania, a nie przez pomy\u0142k\u0119, specjalnie, a nie przypadkowo. \u017beby wiceminister sprawiedliwo\u015bci Jerzy Kozdro\u0144 z PO by\u0142 przeciwny pozbawienia Kami\u0144skiego immunitetu \u2013 to trudno poj\u0105\u0107. Nazajutrz uzna\u0142 sw\u00f3j b\u0142\u0105d i przeprosi\u0142 jak dziecko! Czy to s\u0105 powa\u017cni ludzie? <\/p>\n<p>A gdzie byli Donald Tusk i przewodnicz\u0105cy Klubu Rafa\u0142 Grupi\u0144ski? Ten pierwszy skupi\u0142 w swoich r\u0119kach ca\u0142\u0105 w\u0142adz\u0119 i odpowiedzialno\u015b\u0107 w partii, sam tego chcia\u0142, sam m\u00f3wi\u0142, \u017ce partia mo\u017ce mie\u0107 jednego szefa, wi\u0119c si\u0142\u0105 rzeczy wina le\u017cy po jego stronie i po stronie Grupi\u0144skiego, kt\u00f3ry nie potrafi\u0142 zmobilizowa\u0107 wszystkich pos\u0142\u00f3w PO, zapewni\u0107 ich obecno\u015bci, udzia\u0142u i w\u0142a\u015bciwego g\u0142osowania. <\/p>\n<p>A je\u017celi \u201eczu\u0142\u201d, \u017ce w Klubie b\u0119dzie roz\u0142am, to powinien dzia\u0142a\u0107, namawia\u0107, przekonywa\u0107, alarmowa\u0107, a nie dopuszcza\u0107 do kompromitacji. Zachowanie Platformy potwierdzi\u0142o, \u017ce jest to partia syta, zm\u0119czona, rozleniwiona, kt\u00f3rej po prostu nie chce si\u0119 walczy\u0107 o ka\u017cdy centymetr sceny politycznej. 7 przeciwko odebraniu immunitetu, 16 wstrzymuj\u0105cych si\u0119 i 18 nieobecnych pos\u0142\u00f3w Platformy \u2013 jak to usprawiedliwi\u0107? I jaka s\u0142abo\u015b\u0107 przyw\u00f3dztwa! <\/p>\n<p> &#8211; <em>Byli\u015bmy zaskoczeni<\/em> \u2013 m\u00f3wi rzeczniczka rz\u0105du Ma\u0142gorzata Kidawa-B\u0142o\u0144ska. A dla mnie nie jest to takim zaskoczeniem. Platforma jest wycie\u0144czona, SLD w stagnacji, PSL zdezorientowane. Z\u0142y to znak przed wyborami samorz\u0105dowymi. Tylko PiS mo\u017ce zaciera\u0107 r\u0119ce, chocia\u017c prezes Kaczy\u0144ski ca\u0142y ten blama\u017c uwa\u017ca za przyjemny incydent. Oby mia\u0142 racj\u0119.<\/p>\n","protected":false},"excerpt":{"rendered":"<p>Trudno by\u0107 wyrozumia\u0142ym dla Platformy Obywatelskiej po jej kompromitacji w sejmowym g\u0142osowaniu nad immunitetem pos\u0142a Mariusza Kami\u0144skiego. Trudno wyobrazi\u0107 sobie wa\u017cniejsze politycznie g\u0142osowanie: wiceprzewodnicz\u0105cy PiS, jeden z fundator\u00f3w IV RP i jej symbol, tw\u00f3rca i szef CBA \u2013 uniwersalnej broni przeciw mitycznemu \u201euk\u0142adowi\u201d i wszechw\u0142adnej korupcji &#8211; mistrz prowokacji, staje przed Sejmem, a Platforma, jej [&hellip;]<\/p>\n","protected":false},"author":4,"featured_media":0,"comment_status":"open","ping_status":"closed","sticky":false,"template":"","format":"standard","meta":{"footnotes":""},"categories":[1],"tags":[],"_links":{"self":[{"href":"https:\/\/blog.polityka.pl\/passent\/wp-json\/wp\/v2\/posts\/2448"}],"collection":[{"href":"https:\/\/blog.polityka.pl\/passent\/wp-json\/wp\/v2\/posts"}],"about":[{"href":"https:\/\/blog.polityka.pl\/passent\/wp-json\/wp\/v2\/types\/post"}],"author":[{"embeddable":true,"href":"https:\/\/blog.polityka.pl\/passent\/wp-json\/wp\/v2\/users\/4"}],"replies":[{"embeddable":true,"href":"https:\/\/blog.polityka.pl\/passent\/wp-json\/wp\/v2\/comments?post=2448"}],"version-history":[{"count":10,"href":"https:\/\/blog.polityka.pl\/passent\/wp-json\/wp\/v2\/posts\/2448\/revisions"}],"predecessor-version":[{"id":2451,"href":"https:\/\/blog.polityka.pl\/passent\/wp-json\/wp\/v2\/posts\/2448\/revisions\/2451"}],"wp:attachment":[{"href":"https:\/\/blog.polityka.pl\/passent\/wp-json\/wp\/v2\/media?parent=2448"}],"wp:term":[{"taxonomy":"category","embeddable":true,"href":"https:\/\/blog.polityka.pl\/passent\/wp-json\/wp\/v2\/categories?post=2448"},{"taxonomy":"post_tag","embeddable":true,"href":"https:\/\/blog.polityka.pl\/passent\/wp-json\/wp\/v2\/tags?post=2448"}],"curies":[{"name":"wp","href":"https:\/\/api.w.org\/{rel}","templated":true}]}}