
{"id":245,"date":"2007-04-06T08:16:45","date_gmt":"2007-04-06T07:16:45","guid":{"rendered":"http:\/\/passent.blog.polityka.pl\/?p=245"},"modified":"2007-04-06T09:45:10","modified_gmt":"2007-04-06T08:45:10","slug":"humor-i-honor","status":"publish","type":"post","link":"https:\/\/blog.polityka.pl\/passent\/2007\/04\/06\/humor-i-honor\/","title":{"rendered":"Humor i honor"},"content":{"rendered":"<p>Dwie dziennikarki, kt\u00f3re lubi\u0119 i ceni\u0119 (Katarzyna Kolenda Zaleska i Monika Olejnik), ka\u017cda w swoim programie radiowym (TOK FM i Radio Zet) sugerowa\u0142y, \u017ce prof. Jan Winiecki post\u0105pi\u0142 niew\u0142a\u015bciwie, ujawniaj\u0105c na obcych nam \u0142amach \u201eFinancial Times\u201d, co my\u015bli o lustracji w Polsce. Winiecki napisa\u0142 m.in., \u017ce autorzy przepis\u00f3w lustracyjnych \u201estawiaj\u0105 si\u0119 poza granicami zachodniej cywilizacji\u201d, \u201epolskie w\u0142adze prze\u015bladuj\u0105 osoby, kt\u00f3re najcz\u0119\u015bciej by\u0142y ofiarami gr\u00f3\u017ab i szanta\u017cu\u201d, \u201enarodowi bolszewicy rz\u0105dz\u0105cy obecnie Polsk\u0105 poddaj\u0105 upokorzeniu ludzi poprzez ustaw\u0119 lustracyjn\u0105\u201d itd.<\/p>\n<p>W przesz\u0142o\u015bci niejednokrotnie mia\u0142em ochot\u0119 polemizowa\u0107 z prof. Winieckim, ale rezygnowa\u0142em, poniewa\u017c to jest polemista bardzo krewki. Tym razem zgadzam si\u0119 z jego opini\u0105 o lustracji, a ponadto nie rozumiem co w tym z\u0142ego, \u017ce g\u0142osi j\u0105 r\u00f3wnie\u017c zagranic\u0105, na \u0142amach jednej z najpowa\u017cniejszych gazet, a nie tylko w Polsce, pod ko\u0142derk\u0105 w \u0142owickie pasy? Winiecki nie zdradzi\u0142 \u017cadnego sekretu, czytelnicy \u201eFT\u201d dobrze wiedz\u0105, co si\u0119 w Polsce dzieje. Nie zdradzi\u0142 te\u017c ojczyzny, bo w czasach globalizacji i Internetu, kiedy setki tysi\u0119cy Polak\u00f3w pracuj\u0105 w W.Brytanii i wsz\u0119dzie tam, gdzie czyta si\u0119 \u201eFT\u201d, sekret\u00f3w nie ma. Czasy, kiedy w\u0142adza mia\u0142a za z\u0142e dysydentom, \u017ce korzystaj\u0105 z zachodnich, \u201eantypolskich\u201d \u015brodk\u00f3w przekazu, chyba ju\u017c min\u0119\u0142y?<\/p>\n<p>C\u00f3\u017c to za podw\u00f3jna miara: Kiedy znany konserwatywny komentator hiszpa\u0144ski, p. Herman Tertsch, ubolewa w polskiej \u201eGW\u201d nad tym, co wyprawia rz\u0105d Zapatero \u2013 to jest OK, kiedy rosyjscy i ukrai\u0144scy publicy\u015bci narzekaj\u0105 u nas, w naszych mediach, na Putina i Janukowycza, kiedy Anglosasi (np. prof. Timothy Garton Ash), gdzie tylko mog\u0105, bij\u0105 na alarm z powodu polityki Busha, to jako\u015b nikt nie oskar\u017ca ich o zdrad\u0119 tajemnicy pa\u0144stwowej. Kiedy wreszcie i my przestaniemy by\u0107 za\u015bciankiem i uwolnimy si\u0119 od nawyk\u00f3w z PRL? A co do prof. Winieckiego, to mo\u017ce spodziewa\u0107 si\u0119 oskar\u017ce\u0144, \u017ce skoro nie podoba mu si\u0119 lustracja, to widocznie ma co\u015b na sumieniu. Albo zostanie potraktowany tak arogancko, jak kardyna\u0142 Dziwisz, po kt\u00f3rego krytycznych uwagach o lustracji prezydent RP by\u0142 uprzejmy powiedzie\u0107, \u017ce nie musi komentowa\u0107 \u201eka\u017cdej wypowiedzi\u201d. No, je\u017celi najbli\u017cszy wsp\u00f3\u0142pracownik i powiernik papie\u017ca JP II to jest \u201eka\u017cdy\u201d, to ja dzi\u0119kuj\u0119. Jeszcze mam przed oczyma widok prezydenta, jak kilka dni temu modli\u0142 si\u0119 u grobu JP II, stoj\u0105c tu\u017c obok kardyna\u0142a \u201eKa\u017cdego\u201d. Niekt\u00f3rzy, np. prof. Wiktor Osiaty\u0144ski, uwa\u017caj\u0105, \u017ce prezydenta nie nale\u017cy krytykowa\u0107, ale mnie bli\u017cszy jest pogl\u0105d Jaros\u0142awa Kaczy\u0144skiego, \u017ce nawet najwy\u017csze instytucje podlegaj\u0105 krytyce, bo inaczej si\u0119 degeneruj\u0105.<\/p>\n<p>Przy okazji, skoro zesz\u0142o na tematyk\u0119 przyko\u015bcieln\u0105, to o\u015bwiadczam, \u017ce niekt\u00f3re dowcipasy \u201eDie Welt\u201d na temat JP II by\u0142y absolutnie niedopuszczalne. Opr\u00f3cz tego, \u017ce s\u0105 chamskie (aluzje do choroby Parkinsona), s\u0105 one wytworem innej ni\u017c nasza kultury, a nawet cywilizacji, kt\u00f3ra nie uznaje \u015bwi\u0119to\u015bci. Tak si\u0119 z\u0142o\u017cy\u0142o, \u017ce 2 kwietnia by\u0142em rano w tamtej cywilizacji, w katolickim sk\u0105din\u0105d kantonie Szwajcarii, a po po\u0142udniu w Polsce. To s\u0105 dwa r\u00f3\u017cne \u015bwiaty. \u201eTam\u201d \u2013 od BBC do CNN &#8211; media nie obchodzi\u0142y rocznicy \u015bmierci i nie oczekiwa\u0142y beatyfikacji polskiego papie\u017ca, u nas to by\u0142a najwa\u017cniejsza wiadomo\u015b\u0107 wszystkich medi\u00f3w, kt\u00f3re z jednomy\u015bln\u0105 dyskrecj\u0105 tonowa\u0142y fakt, \u017ce BXVI nie spe\u0142ni\u0142 polskich oczekiwa\u0144.<\/p>\n<p>Tych z Pa\u0144stwa, kt\u00f3rzy ostatnio nie byli za zachodni\u0105 granic\u0105, ostrzegam, \u017ce \u201etam\u201d, za miedz\u0105, zaczyna si\u0119 zupe\u0142nie inny \u015bwiat, inna cywilizacja, coraz bardziej od naszej odleg\u0142a. Mieszanie ich poczucia humoru, czasami beznadziejnego, z naszym poczuciem honoru, czasami wybuja\u0142ym, jest bez sensu.<\/p>\n<p>Weso\u0142ych \u015awi\u0105t!<\/p>\n","protected":false},"excerpt":{"rendered":"<p>Dwie dziennikarki, kt\u00f3re lubi\u0119 i ceni\u0119 (Katarzyna Kolenda Zaleska i Monika Olejnik), ka\u017cda w swoim programie radiowym (TOK FM i Radio Zet) sugerowa\u0142y, \u017ce prof. Jan Winiecki post\u0105pi\u0142 niew\u0142a\u015bciwie, ujawniaj\u0105c na obcych nam \u0142amach \u201eFinancial Times\u201d, co my\u015bli o lustracji w Polsce. Winiecki napisa\u0142 m.in., \u017ce autorzy przepis\u00f3w lustracyjnych \u201estawiaj\u0105 si\u0119 poza granicami zachodniej cywilizacji\u201d, [&hellip;]<\/p>\n","protected":false},"author":4,"featured_media":0,"comment_status":"open","ping_status":"open","sticky":false,"template":"","format":"standard","meta":{"footnotes":""},"categories":[1],"tags":[],"_links":{"self":[{"href":"https:\/\/blog.polityka.pl\/passent\/wp-json\/wp\/v2\/posts\/245"}],"collection":[{"href":"https:\/\/blog.polityka.pl\/passent\/wp-json\/wp\/v2\/posts"}],"about":[{"href":"https:\/\/blog.polityka.pl\/passent\/wp-json\/wp\/v2\/types\/post"}],"author":[{"embeddable":true,"href":"https:\/\/blog.polityka.pl\/passent\/wp-json\/wp\/v2\/users\/4"}],"replies":[{"embeddable":true,"href":"https:\/\/blog.polityka.pl\/passent\/wp-json\/wp\/v2\/comments?post=245"}],"version-history":[{"count":0,"href":"https:\/\/blog.polityka.pl\/passent\/wp-json\/wp\/v2\/posts\/245\/revisions"}],"wp:attachment":[{"href":"https:\/\/blog.polityka.pl\/passent\/wp-json\/wp\/v2\/media?parent=245"}],"wp:term":[{"taxonomy":"category","embeddable":true,"href":"https:\/\/blog.polityka.pl\/passent\/wp-json\/wp\/v2\/categories?post=245"},{"taxonomy":"post_tag","embeddable":true,"href":"https:\/\/blog.polityka.pl\/passent\/wp-json\/wp\/v2\/tags?post=245"}],"curies":[{"name":"wp","href":"https:\/\/api.w.org\/{rel}","templated":true}]}}