
{"id":2461,"date":"2014-06-15T14:57:25","date_gmt":"2014-06-15T12:57:25","guid":{"rendered":"http:\/\/passent.blog.polityka.pl\/?p=2461"},"modified":"2014-06-15T17:08:27","modified_gmt":"2014-06-15T15:08:27","slug":"afera-tasmowa-mleko-sie-rozlalo","status":"publish","type":"post","link":"https:\/\/blog.polityka.pl\/passent\/2014\/06\/15\/afera-tasmowa-mleko-sie-rozlalo\/","title":{"rendered":"&#8222;Afera ta\u015bmowa&#8221;: mleko si\u0119 rozla\u0142o"},"content":{"rendered":"<p>\u201eWprost\u201d ujawni\u0142 ta\u015bmy z nagraniami rozm\u00f3w ministra spraw wewn\u0119trznych i administracji Bart\u0142omieja Sienkiewicza, prezesa NBP, prof. Marka Belki i innych, w tym S\u0142awomira Nowaka, b. ministra, nadal szefa regionu Platformy. Wybuch\u0142 wielki skandal, poniewa\u017c&#8230;<br \/>\n<!--more--><br \/>\nNagrany zosta\u0142 m.in. prze\u0142o\u017cony wszystkich tajnych s\u0142u\u017cb, Sienkiewicz, bardzo mo\u017cliwe, \u017ce przez swoich podw\u0142adnych, aczkolwiek nie mo\u017cna wykluczy\u0107 innych sprawc\u00f3w nagrania. Okaza\u0142o si\u0119, \u017ce najwa\u017cniejsze osoby w pa\u0144stwie, w rozmowie na dra\u017cliwe tematy, nie mog\u0105 zapewni\u0107 sobie dyskrecji albo s\u0105 po prostu niefrasobliwe, bo nie musia\u0142y spotyka\u0107 si\u0119 w restauracji. <\/p>\n<p>Nagrania og\u0142oszone zostaj\u0105 akurat w pomy\u015blnym dla rz\u0105du okresie, po wizycie Obamy, obchodach 25-lecia wolno\u015bci i roli odgrywanej przez Polsk\u0119 w sprawie Ukrainy. By\u0107 mo\u017ce motywy by\u0142y inne, mo\u017ce nawet komercjalne &#8211; kto\u015b mia\u0142 ta\u015bmy i postanowi\u0142 na nich zarobi\u0107. \u201eWprost\u201d nie zna pochodzenia ta\u015bm, ale zdecydowa\u0142 si\u0119 je og\u0142osi\u0107, oczywi\u015bcie dla dobra ojczyzny.<\/p>\n<p>Wi\u0119kszym problemem jest sam fakt i tre\u015b\u0107 rozm\u00f3w, kt\u00f3re \u2013 przypomnijmy \u2013 mia\u0142y miejsce kilkana\u015bcie miesi\u0119cy temu. Oto przedstawiciel rz\u0105du, jeden z najwa\u017cniejszych ministr\u00f3w, namawia prezesa NBP \u2013 instytucji niezale\u017cnej od rz\u0105du \u2013 \u017ceby pom\u00f3g\u0142 ratowa\u0107 bud\u017cet, poniewa\u017c o\u017cywienie gospodarcze si\u0119 op\u00f3\u017ania, wp\u0142ywy do bud\u017cetu te\u017c, nastroje wyborc\u00f3w s\u0105 uzale\u017cnione od dynamiki gospodarki, Platforma mo\u017ce przegra\u0107 wybory, a gdy zwyci\u0119\u017cy PiS, to inwestorzy odwr\u00f3c\u0105 si\u0119 od Polski. (Czyli: co jest dobre dla Platformy \u2013 jest dobre dla Polski).<\/p>\n<p>Polityk partii rz\u0105dz\u0105cej ma prawo tak my\u015ble\u0107, mo\u017ce nawet apelowa\u0107 do prezesa NBP, \u017ceby wspar\u0142 gospodark\u0119, ale \u2013 po pierwsze \u2013 tylko w granicach prawa, po drugie \u2013 nie jako transakcj\u0119 wi\u0105zan\u0105, gdy\u017c prezes Belka postawi\u0142 warunki: odwo\u0142anie \u00f3wczesnego ministra finans\u00f3w Jacka Rostowskiego, kt\u00f3rego uwa\u017ca za szkodnika, oraz zmiany w Ustawie o NBP, za\u015b rozegranie Rady Polityki Pieni\u0119\u017cnej, w kt\u00f3rej op\u00f3r postawi prof. Hausner, bierze na siebie. <\/p>\n<p>Tak si\u0119 sk\u0142ada, \u017ce warunki prezesa zosta\u0142y spe\u0142nione, Rostowski odszed\u0142, a Ustawa wchodzi pod obrady Sejmu. Rozmowy takie w \u015bwiecie polityki nie s\u0105 chyba niczym nadzwyczajnym. Pod warunkiem, \u017ce s\u0105 zgodne z niezale\u017cno\u015bci\u0105 NBP. Fakt, \u017ce jeden minister rz\u0105du Tuska, za plecami ministra finans\u00f3w, negocjuje jego przysz\u0142o\u015b\u0107 z szefem NBP &#8211; musi budzi\u0107 zdziwienie.<\/p>\n<p>Poza tym w rozmowie minister Sienkiewicz wyra\u017ca si\u0119 fatalnie o stanie pa\u0144stwa (ulubiony w\u0105tek opozycji), a z innej ta\u015bmy dowiadujemy si\u0119, \u017ce b. minister Nowak (ten od zegark\u00f3w) rozmawia\u0142 z b. wiceministrem, kt\u00f3remu podlega\u0142a \u201eskarb\u00f3wka\u201d i kt\u00f3ry zablokowa\u0142 prze\u015bwietlanie (\u201etrzepanie\u201d) rachunk\u00f3w ma\u0142\u017conki ministra, kt\u00f3ry ma wyra\u017anie za uszami. To zblatowanie bliskiego do niedawna wsp\u00f3\u0142pracownika premiera z b. szefem skarb\u00f3wki i jego przys\u0142uga jest kompromituj\u0105ce dla wszystkich zainteresowanych. Jest jeszcze wiele szczeg\u00f3\u0142\u00f3w, kt\u00f3re przekraczaj\u0105 granice bloga. Ca\u0142e zdarzenie, tu\u017c po ataku na PP. Kwa\u015bniewskich i pora\u017cce Platformy w sprawie immunitetu pos\u0142a Mariusza Kami\u0144skiego, umocni tylko przekonanie, \u017ce \u017ale si\u0119 dzieje w pa\u0144stwie polskim, rz\u0105dzi zblatowana elita i \u201euk\u0142ad\u201d.<\/p>\n<p>Premier Tusk zapowiedzia\u0142 konferencj\u0119 prasow\u0105 w poniedzia\u0142ek, 16 czerwca, o godz. 15.00. W zaistnia\u0142ej sytuacji premier mo\u017ce:<\/p>\n<p>1) Wzi\u0105\u0107 wszystko na siebie, uzna\u0107, \u017ce min. Sienkiewicz dzia\u0142a\u0142 z jego upowa\u017cnienia i dlatego podaje (lub nie podaje) rz\u0105d do dymisji. Jest to bardzo ma\u0142o prawdopodobne.<\/p>\n<p>2) Idzie w zaparte \u2013 nic wielkiego si\u0119 nie sta\u0142o, minister Sienkiewicz przekroczy\u0142 swoje kompetencje, dostanie reprymend\u0119 lub dymisj\u0119.<\/p>\n<p>Tak czy owak, ujawnione rozmowy nie nastrajaj\u0105 optymistycznie, w takiej formie, czasie i miejscu nie powinny si\u0119 zdarzy\u0107. To powa\u017cny kryzys, o kt\u00f3rym nie mo\u017cemy zapomnie\u0107, zreszt\u0105 opozycja na to nie pozwoli \u2013 i s\u0142usznie.<\/p>\n","protected":false},"excerpt":{"rendered":"<p>\u201eWprost\u201d ujawni\u0142 ta\u015bmy z nagraniami rozm\u00f3w ministra spraw wewn\u0119trznych i administracji Bart\u0142omieja Sienkiewicza, prezesa NBP, prof. Marka Belki i innych, w tym S\u0142awomira Nowaka, b. ministra, nadal szefa regionu Platformy. Wybuch\u0142 wielki skandal, poniewa\u017c&#8230;<\/p>\n","protected":false},"author":4,"featured_media":0,"comment_status":"open","ping_status":"closed","sticky":false,"template":"","format":"standard","meta":{"footnotes":""},"categories":[1],"tags":[],"_links":{"self":[{"href":"https:\/\/blog.polityka.pl\/passent\/wp-json\/wp\/v2\/posts\/2461"}],"collection":[{"href":"https:\/\/blog.polityka.pl\/passent\/wp-json\/wp\/v2\/posts"}],"about":[{"href":"https:\/\/blog.polityka.pl\/passent\/wp-json\/wp\/v2\/types\/post"}],"author":[{"embeddable":true,"href":"https:\/\/blog.polityka.pl\/passent\/wp-json\/wp\/v2\/users\/4"}],"replies":[{"embeddable":true,"href":"https:\/\/blog.polityka.pl\/passent\/wp-json\/wp\/v2\/comments?post=2461"}],"version-history":[{"count":14,"href":"https:\/\/blog.polityka.pl\/passent\/wp-json\/wp\/v2\/posts\/2461\/revisions"}],"predecessor-version":[{"id":2475,"href":"https:\/\/blog.polityka.pl\/passent\/wp-json\/wp\/v2\/posts\/2461\/revisions\/2475"}],"wp:attachment":[{"href":"https:\/\/blog.polityka.pl\/passent\/wp-json\/wp\/v2\/media?parent=2461"}],"wp:term":[{"taxonomy":"category","embeddable":true,"href":"https:\/\/blog.polityka.pl\/passent\/wp-json\/wp\/v2\/categories?post=2461"},{"taxonomy":"post_tag","embeddable":true,"href":"https:\/\/blog.polityka.pl\/passent\/wp-json\/wp\/v2\/tags?post=2461"}],"curies":[{"name":"wp","href":"https:\/\/api.w.org\/{rel}","templated":true}]}}