
{"id":2491,"date":"2014-07-04T19:14:46","date_gmt":"2014-07-04T17:14:46","guid":{"rendered":"http:\/\/passent.blog.polityka.pl\/?p=2491"},"modified":"2014-07-04T19:58:06","modified_gmt":"2014-07-04T17:58:06","slug":"panstwo-na-deskach","status":"publish","type":"post","link":"https:\/\/blog.polityka.pl\/passent\/2014\/07\/04\/panstwo-na-deskach\/","title":{"rendered":"Pa\u0144stwo na deskach"},"content":{"rendered":"<p>Co maj\u0105 ze sob\u0105 wsp\u00f3lnego tak odleg\u0142e wydarzenia, jak afera pods\u0142uchowa, \u201eGolgota Picnic&#8221; i rokosz sumienia profesora Chazana, dyrektora szpitala im. \u015aw. Rodziny? Ano maj\u0105, we wszystkich bowiem wida\u0107 s\u0142abo\u015b\u0107 cn\u00f3t obywatelskich i s\u0142abo\u015b\u0107 naszego pa\u0144stwa.<br \/>\n<!--more--><br \/>\nS\u0142abo\u015b\u0107 pa\u0144stwa w aferze pods\u0142uchowej jest ogromna: kompromituj\u0105ca wpadka s\u0142u\u017cb, kt\u00f3re mia\u0142y strzec czo\u0142owych polityk\u00f3w przed szpiegostwem i innymi zagro\u017ceniami, ponadto tre\u015b\u0107 niekt\u00f3rych rozm\u00f3w ujawni\u0142a rozbrajaj\u0105c\u0105 niemoc pa\u0144stwa, jak np. przyznanie przez ministra Sienkiewicza, \u017ce jest bezsilny w sprawie BOR. Nagrywanie koordynatora wszystkich s\u0142u\u017cb to pow\u00f3d, by zapa\u015b\u0107 si\u0119 pod ziemi\u0119. <\/p>\n<p>S\u0142abo\u015b\u0107 pa\u0144stwa widzimy tak\u017ce w przewlek\u0142ym poszukiwaniu nagra\u0144, ich sprawc\u00f3w i protektor\u00f3w. A jest to sprawa presti\u017cowa, nietrudno sobie wyobrazi\u0107, \u017ce wszystkie zainteresowane s\u0142u\u017cby dwoj\u0105 si\u0119 i troj\u0105, \u017ceby rozwik\u0142a\u0107 afer\u0119 pods\u0142uchow\u0105. <\/p>\n<p>Na razie pa\u0144stwo nie wie, z kim walczy. Walczy z cieniem, w du\u017cym stopniu po omacku. Opisane dzi\u015b w \u201eGW\u201d pi\u0119\u0107 hipotez \u015bwiadczy o bezsilno\u015bci, a wskazanie przez premiera w\u0105tku rosyjskiego, je\u015bli oka\u017ce si\u0119 bezpodstawne, b\u0119dzie kosztowa\u0107 w i tak z\u0142ych stosunkach z Rosj\u0105. Je\u015bli prawdziwy oka\u017ce si\u0119 inny trop \u2013 Putin b\u0119dzie zaciera\u0142 r\u0119ce. <\/p>\n<p>W ka\u017cdym razie nasze pa\u0144stwo ma problem. Afera pods\u0142uchowa to tylko wierzcho\u0142ek g\u00f3ry lodowej. Dalsze nagrania w drodze, \u201eWprost\u201d zaciera r\u0119ce. Co prawda odpowiedzialno\u015b\u0107 polityczna spada na obecn\u0105 w\u0142adz\u0119, i ona zap\u0142aci rachunek, ale wiadomo, \u017ce klasa polityczna, stan s\u0142u\u017cb, media &#8211; to dorobek wielu lat i rz\u0105d\u00f3w.<\/p>\n<p>Podobnie jest w sprawie wojny kulturowej, jaka toczy si\u0119 w Polsce. W sprawie \u201eGolgoty\u201d przedstawiciele pa\u0144stwa po prostu si\u0119 poddali, i ja ich rozumiem \u2013 prezydent Poznania i organizator festiwalu Malta ul\u0119kli si\u0119 pot\u0119\u017cnej demonstracji i ewentualnych zamieszek, kt\u00f3rymi wprost grozi\u0142 arcybiskup, przewodnicz\u0105cy Episkopatu! (Zamiast uspakaja\u0107 \u2013 hierarcha buntuje, posy\u0142a na ulic\u0119). <\/p>\n<p>Ja ich rozumiem, bo od gwarancji bezpiecze\u0144stwa legalnego festiwalu jest policja, a nie arty\u015bci. Sam prezydent miasta, p. Grobelny, odetchn\u0105\u0142 chyba z ulg\u0105, \u017ce festiwal wycofa\u0142 si\u0119 z \u201eGolgoty\u201d. Podobnie jak prezydent Hanna Gronkiewicz-Waltz kluczy w sprawie klauzuli sumienia prof. Chazana.<\/p>\n<p>Trwa atak na mocno ju\u017c nadszarpni\u0119ty, \u015bwiecki charakter naszego pa\u0144stwa, kt\u00f3ry w\u0142a\u015bciwie jest fikcj\u0105. W szko\u0142ach pa\u0144stwowych \u2013 kilka dni wolnych od nauki z powodu rekolekcji. \u201eT\u0119cza\u201d regularnie podpalana, poniewa\u017c zdaniem podpalaczy stoi za blisko ko\u015bcio\u0142a. Teraz nie ma miejsca dla byka i nied\u017awiedzia na placu Trzech Krzy\u017cy, poniewa\u017c obok stoi ko\u015bci\u00f3\u0142. Co prawda ze wzgl\u0119d\u00f3w estetycznych nie bardzo wyobra\u017cam sobie pomnik byka na tym placu, ale od decyzji artystycznych s\u0105 odpowiednie gremia na ratuszu, a nie parafianie. <\/p>\n<p>Wystawy, filmy, odczyty, przedstawienia teatralne, pomniki, place i ulice \u2013 wszystko to wymaga \u201ezatwierdzenia\u201d przez si\u0142y religijne. W tym wszystkim s\u0142abo\u015b\u0107 pa\u0144stwa jest ewidentna. <\/p>\n<p>Profesor Chazan i jego obro\u0144cy dzia\u0142aj\u0105 wbrew \u015bwieckiemu charakterowi pa\u0144stwa, na rzecz pa\u0144stwa wyznaniowego, w kt\u00f3rym \u017cyjemy. Bior\u0105 w tym udzia\u0142 wybitne autorytety prawnicze, a tak\u017ce ludzie usytuowani wysoko we w\u0142adzach pa\u0144stwowych (vide ministerstwo sprawiedliwo\u015bci). W tym wszystkim buduj\u0105ca jest postawa teatr\u00f3w i artyst\u00f3w, kt\u00f3rzy wzi\u0119li udzia\u0142 w czytaniu \u201eGolgoty\u201d, mimo zawstydzaj\u0105cych awantur. Poza tym, jak pisze \u201eThe Economist\u201d, w bardzo sk\u0105din\u0105d \u017cyczliwej ocenie III RP, Polska jest krajem nowoczesnym, bo sterowanym drog\u0105 radiow\u0105 \u2013 przez Radio Maryja.<\/p>\n<p>ZAPROSZENIE<\/p>\n<p>Prof. Marek BELKA, Piotr KUCZY\u0143SKI (Xelion) i red. Jacek ZAKOWSKI b\u0119d\u0105 \u201eGo\u015b\u0107mi Passenta\u201d w Radiu TOK FM. Wtorek, 8 lipca 2014, godz. 20.05. Zapraszam!<\/p>\n","protected":false},"excerpt":{"rendered":"<p>Co maj\u0105 ze sob\u0105 wsp\u00f3lnego tak odleg\u0142e wydarzenia, jak afera pods\u0142uchowa, \u201eGolgota Picnic&#8221; i rokosz sumienia profesora Chazana, dyrektora szpitala im. \u015aw. Rodziny? Ano maj\u0105, we wszystkich bowiem wida\u0107 s\u0142abo\u015b\u0107 cn\u00f3t obywatelskich i s\u0142abo\u015b\u0107 naszego pa\u0144stwa.<\/p>\n","protected":false},"author":4,"featured_media":0,"comment_status":"open","ping_status":"closed","sticky":false,"template":"","format":"standard","meta":{"footnotes":""},"categories":[1],"tags":[],"_links":{"self":[{"href":"https:\/\/blog.polityka.pl\/passent\/wp-json\/wp\/v2\/posts\/2491"}],"collection":[{"href":"https:\/\/blog.polityka.pl\/passent\/wp-json\/wp\/v2\/posts"}],"about":[{"href":"https:\/\/blog.polityka.pl\/passent\/wp-json\/wp\/v2\/types\/post"}],"author":[{"embeddable":true,"href":"https:\/\/blog.polityka.pl\/passent\/wp-json\/wp\/v2\/users\/4"}],"replies":[{"embeddable":true,"href":"https:\/\/blog.polityka.pl\/passent\/wp-json\/wp\/v2\/comments?post=2491"}],"version-history":[{"count":5,"href":"https:\/\/blog.polityka.pl\/passent\/wp-json\/wp\/v2\/posts\/2491\/revisions"}],"predecessor-version":[{"id":2496,"href":"https:\/\/blog.polityka.pl\/passent\/wp-json\/wp\/v2\/posts\/2491\/revisions\/2496"}],"wp:attachment":[{"href":"https:\/\/blog.polityka.pl\/passent\/wp-json\/wp\/v2\/media?parent=2491"}],"wp:term":[{"taxonomy":"category","embeddable":true,"href":"https:\/\/blog.polityka.pl\/passent\/wp-json\/wp\/v2\/categories?post=2491"},{"taxonomy":"post_tag","embeddable":true,"href":"https:\/\/blog.polityka.pl\/passent\/wp-json\/wp\/v2\/tags?post=2491"}],"curies":[{"name":"wp","href":"https:\/\/api.w.org\/{rel}","templated":true}]}}