
{"id":250,"date":"2007-04-16T00:04:02","date_gmt":"2007-04-15T23:04:02","guid":{"rendered":"http:\/\/passent.blog.polityka.pl\/?p=250"},"modified":"2007-04-16T09:58:39","modified_gmt":"2007-04-16T08:58:39","slug":"twardziele-i-mieczaki","status":"publish","type":"post","link":"https:\/\/blog.polityka.pl\/passent\/2007\/04\/16\/twardziele-i-mieczaki\/","title":{"rendered":"Twardziele i mi\u0119czaki"},"content":{"rendered":"<p>Marek Jurek mnie zaskoczy\u0142. Nie jestem z jego parafii, ale zawsze robi\u0142 wra\u017cenie cz\u0142owieka opanowanego, spokojnego, i cho\u0107 upartego, to nie sk\u0142onnego do dramatycznych gest\u00f3w. Nieoczekiwana rezygnacja ze stanowiska marsza\u0142ka Sejmu, a tak\u017ce cz\u0142onka PiS, wzbudzi\u0142a dla\u0144 wiele uznania za jego charakter i konsekwencj\u0119. S\u0142owa uznania (\u201ez takimi lud\u017ami mog\u0119 wsp\u00f3\u0142pracowa\u0107\u201d) znalaz\u0142 nawet Donald Tusk, kt\u00f3ry jest zupe\u0142nie inny \u2013 umie si\u0119 dogada\u0107 i szuka porozumienia, dla niekt\u00f3rych jest nawet zbyt uk\u0142adny, za ma\u0142o wyrazisty. Ma\u0142o kto w\u0105tpi w osobist\u0105 uczciwo\u015b\u0107 Marka Jurka, cho\u0107 jako marsza\u0142ek Sejmu, w decyduj\u0105cych momentach, by\u0142 bardziej marsza\u0142kiem koalicji ni\u017c wszystkich pos\u0142\u00f3w. Jednak\u017ce w sprawie aborcji i zmiany konstytucji tak naprawd\u0119 to racj\u0119 mia\u0142 Jaros\u0142aw Kaczy\u0144ski \u2013 polityk bardziej pragmatyczny ni\u017c ideowy, bardziej cwany i dalekowzroczny, kt\u00f3ry ostrzega\u0142 Marka Jurka, \u017ceby nie majstrowa\u0142 przy aborcji ani przy Konstytucji, bo to si\u0119 mo\u017ce \u017ale sko\u0144czy\u0107. Jurek jednak nie pos\u0142ucha\u0142.<\/p>\n<p>Trudno pytanie: kogo wybra\u0107 &#8211; ideowego fundamentalist\u0119 czy szczwanego lisa? W rezultacie przegrali obaj. Jurek, bo znalaz\u0142 si\u0119 na kraw\u0119dzi PiS (nawet za burt\u0105, cho\u0107 prezes wysy\u0142a jeszcze szalup\u0119 ratunkow\u0105), i Kaczy\u0144ski, bo PiS pod jego przyw\u00f3dztwem jako lidera partii wodzowskiej zosta\u0142 os\u0142abiony. Nadszarpni\u0119ta te\u017c zosta\u0142a pozycja samego wodza. Kolejno Marcinkiewicz, Dorn, Sikorski (cho\u0107 nie by\u0142 cz\u0142onkiem partii to popad\u0142 w konflikt w ramach elity w\u0142adzy, z jej wybrankiem Macierewiczem), i teraz Marek Jurek \u2013 ka\u017cdy po kolei zostawia jak\u0105\u015b rys\u0119 na kamiennym dotychczas obliczu Prawa i Sprawiedliwo\u015bci. Moim zdaniem, do wybor\u00f3w jeszcze daleko, bo nawet je\u015bli Marek Jurek znajdzie kilku na\u015bladowc\u00f3w, kt\u00f3rzy za nim p\u00f3jd\u0105, nawet je\u015bli da si\u0119 uprosi\u0107, \u017ceby pozosta\u0142 bezpartyjnym marsza\u0142kiem, to w zasadniczych sprawach b\u0119dzie nadal popiera\u0142 koalicj\u0119 rz\u0105dz\u0105c\u0105, a ta chce by\u0107 u steru (i u \u017c\u0142obu) jak najd\u0142u\u017cej.<\/p>\n<p>Z drugiej strony Platforma urz\u0105dzi\u0142a show jedno\u015bci, kt\u00f3ra nie wiadomo jak d\u0142ugo potrwa, bo pod obszernym parasolem Tuska znajduj\u0105 si\u0119 politycy bardzo r\u00f3\u017cnorodni \u2013 od entuzjast\u00f3w IV RP, jak Pawe\u0142 \u015apiewak, po symbole III RP, jak Andrzej Olechowski (c\u00f3\u017c za nieoczekiwany powr\u00f3t), nie m\u00f3wi\u0105c ju\u017c o takich orygina\u0142ach jak Palikot, kt\u00f3ry jeszcze niedawno by\u0142 za usuni\u0119ciem Jana Rokity \u2013 wyrazistego lidera prawego skrzyd\u0142a Platformy. W odr\u00f3\u017cnieniu od tych polityk\u00f3w PO, kt\u00f3rzy s\u0105 bez wyrazu (jak Grzegorz Schetyna), Palikot ma przynajmniej fantazj\u0119. Fakt, \u017ce za\u0142o\u017cy\u0142 koszulk\u0119 z napisem \u201eJestem gejem\u201d i \u201eJestem z SLD\u201d, zgorszy\u0142 cz\u0119\u015b\u0107 obecnych na konferencji PO, ale intencje Palikota by\u0142y oczywiste: chcia\u0142 by\u0107 kontynuatorem tych, kt\u00f3rzy nosili koszulki z napisem \u201eMia\u0142am aborcj\u0119\u201d, \u201eJestem \u017bydem\u201d, czyli chcia\u0142 wyrazi\u0107 solidarno\u015b\u0107 ze s\u0142abszymi, z mniejszo\u015bciami. Dla partii liberalnej i ma\u0142o opieku\u0144czej, kt\u00f3ra ma w programie nawet podatek liniowy, jeden milioner z mi\u0119kkim sercem jest bardzo u\u017cyteczny.<\/p>\n<p>***\u00a0<\/p>\n<blockquote><p>Warszawa, 10 kwietnia 2007 r.<\/p>\n<p>\u201eMisja Specjalna\u201d<br \/>\nTelewizja Polska S.A.<br \/>\nW miejscu.<br \/>\nSzanowni Pa\u0144stwo!<\/p>\n<p>Uprzejmie prosz\u0119 o odczytanie w programie, do kt\u00f3rego zosta\u0142em zaproszony, poni\u017cszego listu:<\/p>\n<p>Dzi\u0119kuj\u0119 za zaproszenie do udzia\u0142u w kolejnym programie po\u015bwi\u0119conym m.in. mojej osobie. Z zaproszenia nie skorzystam, poniewa\u017c nie zamierzam przyk\u0142ada\u0107 r\u0119ki do dzikiej lustracji medialnej. Jest ona wymierzona przeciwko arbitralnie wybranym osobom, kt\u00f3re na podstawie arbitralnie dobranych, nielegalnie sporz\u0105dzonych teczek i kwit\u00f3w, maj\u0105 zosta\u0107 zdyskredytowane, a w konsekwencji pozbawione pracy. Bez mojej wiedzy zosta\u0142em zarejestrowany i obdarzony pseudonimami, o czym dowiedzia\u0142em si\u0119 dopiero z \u201eMisji Specjalnej\u201d, a nast\u0119pnie z innych medi\u00f3w, kt\u00f3re uczestniczy\u0142y w linczu. W oparciu o tak przygotowane tzw. dowody mia\u0142bym teraz uczestniczy\u0107 w pokazowym procesie przed kamerami, w kt\u00f3rym oskar\u017cycielami b\u0119d\u0105 autorki programu oraz dobrani przez nie eksperci.<\/p>\n<p>Jedyna lustracja na jak\u0105 si\u0119 godz\u0119, to proces przed niezawis\u0142ym s\u0105dem, w kt\u00f3rym oskar\u017cenie i obrona maj\u0105 r\u00f3wne prawa, r\u00f3wny dost\u0119p do akt, mo\u017cliwo\u015b\u0107 ich weryfikacji, przes\u0142uchania \u015bwiadk\u00f3w i oskar\u017conego. Dlatego wyst\u0119powa\u0142em o autolustracj\u0119, kt\u00f3rej S\u0105d Lustracyjny mi dwukrotnie odm\u00f3wi\u0142. Mam nadziej\u0119, \u017ce takiego procesu doczekam. Do czasu takiego procesu nie b\u0119d\u0119 bra\u0142 udzia\u0142u w \u017cadnej innej formie lustracji.<\/p>\n<p>Z powa\u017caniem,<\/p><\/blockquote>\n<p>Daniel Passent<\/p>\n","protected":false},"excerpt":{"rendered":"<p>Marek Jurek mnie zaskoczy\u0142. Nie jestem z jego parafii, ale zawsze robi\u0142 wra\u017cenie cz\u0142owieka opanowanego, spokojnego, i cho\u0107 upartego, to nie sk\u0142onnego do dramatycznych gest\u00f3w. Nieoczekiwana rezygnacja ze stanowiska marsza\u0142ka Sejmu, a tak\u017ce cz\u0142onka PiS, wzbudzi\u0142a dla\u0144 wiele uznania za jego charakter i konsekwencj\u0119. S\u0142owa uznania (\u201ez takimi lud\u017ami mog\u0119 wsp\u00f3\u0142pracowa\u0107\u201d) znalaz\u0142 nawet Donald Tusk, [&hellip;]<\/p>\n","protected":false},"author":4,"featured_media":0,"comment_status":"open","ping_status":"open","sticky":false,"template":"","format":"standard","meta":{"footnotes":""},"categories":[1],"tags":[],"_links":{"self":[{"href":"https:\/\/blog.polityka.pl\/passent\/wp-json\/wp\/v2\/posts\/250"}],"collection":[{"href":"https:\/\/blog.polityka.pl\/passent\/wp-json\/wp\/v2\/posts"}],"about":[{"href":"https:\/\/blog.polityka.pl\/passent\/wp-json\/wp\/v2\/types\/post"}],"author":[{"embeddable":true,"href":"https:\/\/blog.polityka.pl\/passent\/wp-json\/wp\/v2\/users\/4"}],"replies":[{"embeddable":true,"href":"https:\/\/blog.polityka.pl\/passent\/wp-json\/wp\/v2\/comments?post=250"}],"version-history":[{"count":0,"href":"https:\/\/blog.polityka.pl\/passent\/wp-json\/wp\/v2\/posts\/250\/revisions"}],"wp:attachment":[{"href":"https:\/\/blog.polityka.pl\/passent\/wp-json\/wp\/v2\/media?parent=250"}],"wp:term":[{"taxonomy":"category","embeddable":true,"href":"https:\/\/blog.polityka.pl\/passent\/wp-json\/wp\/v2\/categories?post=250"},{"taxonomy":"post_tag","embeddable":true,"href":"https:\/\/blog.polityka.pl\/passent\/wp-json\/wp\/v2\/tags?post=250"}],"curies":[{"name":"wp","href":"https:\/\/api.w.org\/{rel}","templated":true}]}}