
{"id":2500,"date":"2014-07-10T22:48:16","date_gmt":"2014-07-10T20:48:16","guid":{"rendered":"http:\/\/passent.blog.polityka.pl\/?p=2500"},"modified":"2014-07-11T12:36:37","modified_gmt":"2014-07-11T10:36:37","slug":"im-nie-jest-wszystko-jedno","status":"publish","type":"post","link":"https:\/\/blog.polityka.pl\/passent\/2014\/07\/10\/im-nie-jest-wszystko-jedno\/","title":{"rendered":"Im nie jest wszystko jedno"},"content":{"rendered":"<p>Pisz\u0119 bezpo\u015brednio po og\u0142oszeniu wynik\u00f3w najnowszego badania opinii publicznej CBOS, przeprowadzonego ju\u017c po ujawnieniu afery pods\u0142uchowej: Platforma 29 proc. poparcia, PiS &#8211; 24 proc. Niezbadane s\u0105 wyroki! <\/p>\n<p>Oczywi\u015bcie, \u0142aska sonda\u017cy na pstrym koniu je\u017adzi, dzi\u015b PO \u2013 jutro PiS, ale zastanawiam si\u0119, co dzi\u015b wp\u0142yn\u0119\u0142o na taki wynik. Pierwsze, co przychodzi na my\u015bl, to decyzja Hanny Gronkiewicz-Waltz o zwolnieniu (\u201ewyrzuceniu\u201d \u2013 jak pisze \u201eRz\u201d) prof. Chazana ze stanowiska dyrektora szpitala. Tym bardziej, \u017ce wed\u0142ug innych bada\u0144 55 proc. jest za zwolnieniem profesora. Niewiele to jednak wyja\u015bnia, gdy\u017c sonda\u017c przeprowadzony by\u0142 chyba przed decyzj\u0105 H.G-W.<br \/>\n<!--more--><br \/>\nSam mia\u0142em w\u0105tpliwo\u015bci, czy prezydent Warszawy, znana jako osoba g\u0142\u0119boko wierz\u0105ca, zdob\u0119dzie si\u0119 na taki krok. Musia\u0142a dokona\u0107 wyboru pomi\u0119dzy wiar\u0105 a prawem. Decyzja o zwolnieniu dyrektora szpitala w klimacie \u201edeklaracji wiary\u201d musia\u0142a by\u0107 trudna. Presja, \u017ceby nie rusza\u0107 dyrektora, nie \u201eprze\u015bladowa\u0107 za wiar\u0119\u201d etc., jest ogromna. Jedna z gazet donosi dzisiaj, \u017ce w Polsce nie ma pracy dla katolik\u00f3w, wiele jeszcze takich bredni us\u0142yszymy.<\/p>\n<p>Gdyby mnie kto\u015b zapyta\u0142, co jest dzi\u015b w Polsce najwa\u017cniejsze, tobym odpowiedzia\u0142, \u017ce konflikt kulturowy. <\/p>\n<p>Tak, \u201eGolgota\u201d wa\u017cniejsza jest ni\u017c \u201eafera pods\u0142uchowa\u201d, afera minie, podzia\u0142y kulturowe pozostan\u0105. Gdy kilka tygodni temu us\u0142ysza\u0142em, jak kto\u015b bliski Platformie powiedzia\u0142 to w telewizji, pomy\u015bla\u0142em, \u017ce chce pomniejszy\u0107 rozmiar pods\u0142uchowej wpadki rz\u0105du. Bo wpadka to jednak by\u0142a, nie jest tak, \u017ce poniewa\u017c pods\u0142uchy s\u0105 nielegalne, to i tre\u015bci nagrane nie maj\u0105 znaczenia, \u201enic nie by\u0142o, gramy dalej\u201d. <\/p>\n<p>Nieprawda, wydarzy\u0142o si\u0119 du\u017co z\u0142a. Ale demokracja dzia\u0142a, z\u0142o mo\u017cna zbada\u0107 i ukara\u0107 (cho\u0107by politycznie), gospodarka si\u0119 rozwija, natomiast konflikt kulturowy, co\u015b na kszta\u0142t wojny religijnej, to jest i b\u0119dzie zjawisko trwa\u0142e.<\/p>\n<p>Kto wie, czy rozwijaj\u0105c swoj\u0105 dzia\u0142alno\u015b\u0107, fundamentali\u015bci religijni nie dzia\u0142aj\u0105 na korzy\u015b\u0107 w\u0142adzy. Na pewno przes\u0142onili afer\u0119 pods\u0142uchow\u0105. Przyczyniaj\u0105 si\u0119 do pog\u0142\u0119bienia podzia\u0142\u00f3w i dzia\u0142aj\u0105 na rzecz Platformy jako instytucji gwarantuj\u0105cej normalno\u015b\u0107. <\/p>\n<p>Zacz\u0119\u0142o si\u0119 od Smole\u0144ska i od krzy\u017ca wykorzystanego do polityki na Krakowskim Przedmie\u015bciu. Wi\u0119kszo\u015b\u0107 ludzi jest wierz\u0105ca, ale fundamentali\u015bci stanowi\u0105 mniejszo\u015b\u0107, aktywn\u0105, widoczn\u0105, ha\u0142a\u015bliw\u0105, ale mniejszo\u015b\u0107. <\/p>\n<p>Marcin Fabja\u0144ski opisuje w \u201eGW\u201d, jak prawicowy publicysta w prawicowej gazecie pot\u0119pi\u0142 tre\u015bci zawarte w ksi\u0105\u017cce, jak\u0105 uczniowie otrzymali jako nagrod\u0119 w konkursie polonistycznym, po czym organizator ksi\u0105\u017ck\u0119 wycofa\u0142. Wiele jest przyk\u0142ad\u00f3w takiego cofania. <\/p>\n<p>Etyka w szko\u0142ach jest fikcj\u0105. \u015awieckie pa\u0144stwo cofa si\u0119, tak jak cofn\u0105\u0142 si\u0119 prezydent Poznania. Organizator Malty cofn\u0105\u0142 si\u0119 przed pogr\u00f3\u017ckami (\u0142adniej by\u0142oby napisa\u0107: \u201eostrze\u017ceniami\u201d) ze strony arcybiskupa, kt\u00f3ry straszy\u0142 50-tysi\u0119czn\u0105 manifestacj\u0105. Kto inny wycofuje si\u0119 przestraszony felietonem, odwo\u0142ywane bywaj\u0105 przedstawienia, wystawy i dyskusje, nawet na uniwersytecie. Trudno takie wycofywanie si\u0119 jednoznacznie pot\u0119pia\u0107. Nie mo\u017cna wymaga\u0107 odwagi od innych, je\u015bli nie okazuje si\u0119 jej samemu.<\/p>\n<p>Rzadkim \u015bwiate\u0142kiem w tunelu by\u0142o czytanie i \u201ewy\u015bwietlanie\u201d \u201eGolgoty\u201d w kilkunastu teatrach. Ale energia, dynamika &#8211; jest po stronie konserwatywnej.<\/p>\n<p>Od prostego dziennikarza po pos\u0142a, kt\u00f3ry kieruje zawiadomienie do prokuratury, a\u017c po kardyna\u0142a Nycza, kt\u00f3ry solidaryzuje si\u0119 z prof. Chazanem \u2013 \u201eim nie jest wszystko jedno\u201d, im si\u0119 chce, oni dwoj\u0105 si\u0119 i troj\u0105. Podpisa\u0107 petycj\u0119? P\u00f3j\u015b\u0107 pod szpital na manifestacj\u0119 solidarno\u015bci z odwo\u0142anym dyrektorem? Urz\u0105dzi\u0107 wystaw\u0119 w Brukseli? Wygwizda\u0107 przedstawienie? Wybucze\u0107 prelegenta? \u2013 Prosz\u0119 bardzo, ich na to sta\u0107. <\/p>\n<p>Przeciwstawi\u0107 si\u0119 tej sile nie jest \u0142atwo. Hanna Gronkiewicz-Waltz zdoby\u0142a si\u0119 na odwag\u0119 i mo\u017ce na tym skorzysta\u0107. Ka\u017cda jej decyzja wywo\u0142a\u0142aby sprzeciw, ale dokona\u0142a wyboru s\u0142usznego.<\/p>\n","protected":false},"excerpt":{"rendered":"<p>Pisz\u0119 bezpo\u015brednio po og\u0142oszeniu wynik\u00f3w najnowszego badania opinii publicznej CBOS, przeprowadzonego ju\u017c po ujawnieniu afery pods\u0142uchowej: Platforma 29 proc. poparcia, PiS &#8211; 24 proc. Niezbadane s\u0105 wyroki! Oczywi\u015bcie, \u0142aska sonda\u017cy na pstrym koniu je\u017adzi, dzi\u015b PO \u2013 jutro PiS, ale zastanawiam si\u0119, co dzi\u015b wp\u0142yn\u0119\u0142o na taki wynik. Pierwsze, co przychodzi na my\u015bl, to decyzja [&hellip;]<\/p>\n","protected":false},"author":4,"featured_media":0,"comment_status":"open","ping_status":"closed","sticky":false,"template":"","format":"standard","meta":{"footnotes":""},"categories":[1],"tags":[],"_links":{"self":[{"href":"https:\/\/blog.polityka.pl\/passent\/wp-json\/wp\/v2\/posts\/2500"}],"collection":[{"href":"https:\/\/blog.polityka.pl\/passent\/wp-json\/wp\/v2\/posts"}],"about":[{"href":"https:\/\/blog.polityka.pl\/passent\/wp-json\/wp\/v2\/types\/post"}],"author":[{"embeddable":true,"href":"https:\/\/blog.polityka.pl\/passent\/wp-json\/wp\/v2\/users\/4"}],"replies":[{"embeddable":true,"href":"https:\/\/blog.polityka.pl\/passent\/wp-json\/wp\/v2\/comments?post=2500"}],"version-history":[{"count":4,"href":"https:\/\/blog.polityka.pl\/passent\/wp-json\/wp\/v2\/posts\/2500\/revisions"}],"predecessor-version":[{"id":2504,"href":"https:\/\/blog.polityka.pl\/passent\/wp-json\/wp\/v2\/posts\/2500\/revisions\/2504"}],"wp:attachment":[{"href":"https:\/\/blog.polityka.pl\/passent\/wp-json\/wp\/v2\/media?parent=2500"}],"wp:term":[{"taxonomy":"category","embeddable":true,"href":"https:\/\/blog.polityka.pl\/passent\/wp-json\/wp\/v2\/categories?post=2500"},{"taxonomy":"post_tag","embeddable":true,"href":"https:\/\/blog.polityka.pl\/passent\/wp-json\/wp\/v2\/tags?post=2500"}],"curies":[{"name":"wp","href":"https:\/\/api.w.org\/{rel}","templated":true}]}}