
{"id":2505,"date":"2014-07-14T23:02:44","date_gmt":"2014-07-14T21:02:44","guid":{"rendered":"http:\/\/passent.blog.polityka.pl\/?p=2505"},"modified":"2014-07-15T10:10:45","modified_gmt":"2014-07-15T08:10:45","slug":"spowija-nas-mgla","status":"publish","type":"post","link":"https:\/\/blog.polityka.pl\/passent\/2014\/07\/14\/spowija-nas-mgla\/","title":{"rendered":"Spowija nas mg\u0142a"},"content":{"rendered":"<p>Nie wierzy\u0142em w\u0142asnym oczom. Telewizja k\u0142amie \u2013 pomy\u015bla\u0142em. Kilka tygodni temu Jacek Kurski zapewnia\u0142 wszem wobec, \u017ce odchodzi z polityki, je\u015bli nie na zawsze, to na d\u0142ugo. Pojawienie si\u0119 Jacka Kurskiego na zje\u017adzie zjednoczeniowym prawicy, zaledwie kilka tygodni po tych \u201ezapewnieniach\u201d, o\u015bmieszy\u0142o tego polityka \u201eje\u015bli nie na zawsze, to na d\u0142ugo\u201d. <\/p>\n<p>O\u015bmieszy\u0142o tak\u017ce kilkaset os\u00f3b, g\u0142\u00f3wnie z PiS, obecnych na sali. Zadowolony z siebie, wesolutki, b\u0142yszcz\u0105cy dowcipem i ironi\u0105 \u2013 Kurski podoba\u0142 si\u0119 zebranym. A jeszcze bardziej podoba\u0142 si\u0119 prezes Kaczy\u0144ski, kt\u00f3ry tak niedawno wyrzuci\u0142 Kurskiego z partii.<br \/>\n<!--more--><br \/>\nJa rozumiem, \u017ce mo\u017cna zmieni\u0107 o kim\u015b opini\u0119, tylko krowa nie zmienia pogl\u0105d\u00f3w itd., ale w tym celu musi co\u015b zaj\u015b\u0107, co\u015b si\u0119 zdarzy\u0107, co wp\u0142ynie na zmian\u0119 naszej oceny. A co zasz\u0142o w sprawie Kurskiego? Mo\u017ce kto\u015b to wyt\u0142umaczy? Dla mnie by\u0142a to jawna kpina, zbiorowy zanik pami\u0119ci, kryteri\u00f3w i zasad.<\/p>\n<p>Niestety, nie by\u0142 to przypadek izolowany. Mam na my\u015bli nie tylko peregrynacje po\u017cal si\u0119 Bo\u017ce polityk\u00f3w. Mam na my\u015bli np. stosunek do pods\u0142uchuj\u0105cych, paser\u00f3w nielegalnych nagra\u0144 upowszechniaj\u0105cych je w mediach, no i wreszcie samych pods\u0142uchiwanych.<\/p>\n<p>Proceder pods\u0142uchowy jest obrzydliwy. Jednak autor\u00f3w pods\u0142uch\u00f3w ma\u0142o kto pot\u0119pia. Gdyby pods\u0142uchiwanie uznano za odra\u017caj\u0105ce, by\u0107 mo\u017ce media (tak\u017ce politycy i opinia publiczna) podesz\u0142yby do ujawnionych rewelacji z wi\u0119kszym dystansem. Tymczasem uznano, \u017ce \u201ew interesie publicznym\u201d mo\u017cna pods\u0142uchaczom wszystko wybaczy\u0107. <\/p>\n<p>Dotyczy to tak\u017ce tygodnika \u201eWprost\u201d i rozmowy z mec. Giertychem, kt\u00f3ry za\u0142atwia interesy z panem \u201eredaktorem\u201d N.<\/p>\n<p>Pods\u0142uchiwanym tak\u017ce wiele puszczono p\u0142azem, bo \u201ena ca\u0142ym \u015bwiecie tak si\u0119 rozmawia o polityce\u201d, karty kredytowe po to s\u0105, w barze mlecznym nie b\u0119d\u0105 si\u0119 spotyka\u0107, o\u015bmiorniczki s\u0105 dla ludzi etc. W s\u0142u\u017cbach nikt nie poda\u0142 si\u0119 do dymisji, nikt z hukiem nie wylecia\u0142, nawet odpowiedzialni za to, \u017ceby cz\u0142onkowie rz\u0105du mogli bezpiecznie rozmawia\u0107, nikt z pods\u0142uchanych nie odszed\u0142 ze stanowiska, przeprosiny by\u0142y zdawkowe, a tygodnik \u201eWprost\u201d paraduje w aureoli. Afera na cztery fajerki, a wszyscy s\u0105 niewinni.<\/p>\n<p>Jeden z najbardziej przyzwoitych polityk\u00f3w, senator J\u00f3zef Pinior, m\u00f3wi o zaniku norm moralnych. Jemu akurat chodzi o tajne wi\u0119zienia CIA i fakt, \u017ce na terenie Polski stosowano tortury. <\/p>\n<p>Nie chc\u0119 by\u0107 pi\u0119knoduchem, rozumiem, \u017ce wtedy, kiedy terrory\u015bci zaatakowali wolny \u015bwiat \u2013 od Madrytu po Waszyngton \u2013 ka\u017cdy polski rz\u0105d poszed\u0142by na wsp\u00f3\u0142prac\u0119 z Amerykanami. Ale po latach jaka\u015b refleksja ze strony polskiego establishmentu by si\u0119 przyda\u0142a.<\/p>\n<p>To samo dzieje si\u0119 w dziedzinie stosunk\u00f3w pa\u0144stwo &#8211; Ko\u015bci\u00f3\u0142, patrz dziwne numery w Komisji Maj\u0105tkowej, patrz etyka w szko\u0142ach, patrz stosunki obu potencji, \u201eintensywne i nieproporcjonalne roszczenia \u015bwiatopogl\u0105dowe w kulturze, edukacji, medycynie\u201d (prof. Ewa \u0141\u0119towska), kt\u00f3re cz\u0119sto spotykaj\u0105 si\u0119 z beztrosk\u0105 pa\u0144stwa, odchodzeniem od obowi\u0105zuj\u0105cego prawa.<\/p>\n<p>Trudno oprze\u0107 si\u0119 wra\u017ceniu, \u017ce nad Polsk\u0105 unosi si\u0119 mg\u0142a etyczna.    <\/p>\n<p><strong>PS ZAPROSZENIE<\/strong><\/p>\n<p>Szkodliwa czy zbawienna &#8211; wojna religijna, \u015bwiatopogl\u0105dowa, polityczna to temat rozmowy w Radiu TOK FM. Nasi go\u015bcie: Andrzej CELI\u0143SKI \u2013 polityk, Bogus\u0142aw CHRABOTA \u2013 redaktor naczelny \u201eRzeczpospolitej\u201d, prof. Andrzej RYCHARD &#8211; socjolog. Wtorek, 15 lipca, g. 20.05. Zapraszam!<\/p>\n","protected":false},"excerpt":{"rendered":"<p>Nie wierzy\u0142em w\u0142asnym oczom. Telewizja k\u0142amie \u2013 pomy\u015bla\u0142em. Kilka tygodni temu Jacek Kurski zapewnia\u0142 wszem wobec, \u017ce odchodzi z polityki, je\u015bli nie na zawsze, to na d\u0142ugo. Pojawienie si\u0119 Jacka Kurskiego na zje\u017adzie zjednoczeniowym prawicy, zaledwie kilka tygodni po tych \u201ezapewnieniach\u201d, o\u015bmieszy\u0142o tego polityka \u201eje\u015bli nie na zawsze, to na d\u0142ugo\u201d. O\u015bmieszy\u0142o tak\u017ce kilkaset os\u00f3b, [&hellip;]<\/p>\n","protected":false},"author":4,"featured_media":0,"comment_status":"open","ping_status":"closed","sticky":false,"template":"","format":"standard","meta":{"footnotes":""},"categories":[1],"tags":[],"_links":{"self":[{"href":"https:\/\/blog.polityka.pl\/passent\/wp-json\/wp\/v2\/posts\/2505"}],"collection":[{"href":"https:\/\/blog.polityka.pl\/passent\/wp-json\/wp\/v2\/posts"}],"about":[{"href":"https:\/\/blog.polityka.pl\/passent\/wp-json\/wp\/v2\/types\/post"}],"author":[{"embeddable":true,"href":"https:\/\/blog.polityka.pl\/passent\/wp-json\/wp\/v2\/users\/4"}],"replies":[{"embeddable":true,"href":"https:\/\/blog.polityka.pl\/passent\/wp-json\/wp\/v2\/comments?post=2505"}],"version-history":[{"count":3,"href":"https:\/\/blog.polityka.pl\/passent\/wp-json\/wp\/v2\/posts\/2505\/revisions"}],"predecessor-version":[{"id":2509,"href":"https:\/\/blog.polityka.pl\/passent\/wp-json\/wp\/v2\/posts\/2505\/revisions\/2509"}],"wp:attachment":[{"href":"https:\/\/blog.polityka.pl\/passent\/wp-json\/wp\/v2\/media?parent=2505"}],"wp:term":[{"taxonomy":"category","embeddable":true,"href":"https:\/\/blog.polityka.pl\/passent\/wp-json\/wp\/v2\/categories?post=2505"},{"taxonomy":"post_tag","embeddable":true,"href":"https:\/\/blog.polityka.pl\/passent\/wp-json\/wp\/v2\/tags?post=2505"}],"curies":[{"name":"wp","href":"https:\/\/api.w.org\/{rel}","templated":true}]}}