
{"id":2510,"date":"2014-07-15T22:54:17","date_gmt":"2014-07-15T20:54:17","guid":{"rendered":"http:\/\/passent.blog.polityka.pl\/?p=2510"},"modified":"2014-07-16T08:09:12","modified_gmt":"2014-07-16T06:09:12","slug":"tusk-do-europy","status":"publish","type":"post","link":"https:\/\/blog.polityka.pl\/passent\/2014\/07\/15\/tusk-do-europy\/","title":{"rendered":"Tusk do Europy?"},"content":{"rendered":"<p>Jak donosi  \u201eRzeczpospolita\u201d, i to na czo\u0142\u00f3wce pierwszej strony, Donald Tusk podczas spotkania z kanclerz Angel\u0105 Merkel otrzyma\u0142 propozycj\u0119 (kandydowania?) na stanowisko przewodnicz\u0105cego Rady Europejskiej. <\/p>\n<p>Na wie\u015b\u0107 o tym zapyta\u0142em zgromadzonych w moim programie w radiu TOK FM go\u015bci, czy polski premier powinien propozycj\u0119 przyj\u0105\u0107. A go\u015bcie to byli nie byle jacy: Andrzej Celi\u0144ski (dzia\u0142acz opozycji demokratycznej, polityk, by\u0142y pose\u0142 i minister), Bogus\u0142aw Chrabota (naczelny \u201eRzeczpospolitej\u201d) i profesor Andrzej Rychard (znany socjolog). Po rozwa\u017ceniu wszystkich za i przeciw zapyta\u0142em \u201etak czy nie\u201d, czy Tusk ma wyrazi\u0107 zgod\u0119 na kandydowanie. Ca\u0142a tr\u00f3jka odpowiedzia\u0142a \u201etak\u201d!<br \/>\n<!--more--><br \/>\nKandydatura Tuska jest dobra dla Europy, poniewa\u017c jest on zwolennikiem dalszej integracji, ale nie federalist\u0105, raczej umiarkowany, jak to Tusk. W osobie \u201eprzewodnicz\u0105cego Tuska\u201d Unia otworzy\u0142aby si\u0119 bardziej na Wsch\u00f3d, by\u0142by to dobry sygna\u0142 w stron\u0119 nowych cz\u0142onk\u00f3w Unii, natomiast nie ma co liczy\u0107 na entuzjazm Rosji. M\u00f3g\u0142by te\u017c spowalnia\u0107 realizacj\u0119 idei Europy dw\u00f3ch pr\u0119dko\u015bci.<\/p>\n<p>Dla Polski by\u0142aby to historyczna szansa, kt\u00f3rej nie mo\u017cna odrzuci\u0107. Drugi raz taka szansa mo\u017ce si\u0119 nie powt\u00f3rzy\u0107. By\u0142by to wyraz uznania dla Polski, dla naszej transformacji, dla miejsca naszego kraju nie tylko w Europie. Oczywi\u015bcie, nie nale\u017cy przecenia\u0107 roli przewodnicz\u0105cego Rady Europejskiej, to nie to co przewodnicz\u0105cy Komisji Europejskiej, to raczej prezydent ni\u017c premier, ale to stanowisko nie do pogardzenia.<\/p>\n<p>Dla Europy i dla Polski Tusk to \u015bwietna kandydatura. O\u015b Warszawa \u2013 Berlin sta\u0142aby si\u0119 jeszcze mocniejsza. Polska opozycja, kt\u00f3ra wiesza psy na Tusku i widzi go przed Trybuna\u0142em Stanu, mimo wszystko kandydatur\u0119 by popar\u0142a, acz z zaci\u015bni\u0119tymi z\u0119bami. Podnios\u0105 si\u0119 na pewno g\u0142osy, \u017ce Tusk \u201eucieka do Brukseli, tch\u00f3rzy\u201d, ale takie s\u0105 uroki demokracji w polskim wydaniu. <\/p>\n<p>Co z polskim rz\u0105dem? Wicepremier Bie\u0144kowska? Jan Krzysztof Bielecki? Co z Platform\u0105? Tutaj Tusk zadba\u0142, \u017ceby nie mie\u0107 delfina, ale jest kilku kandydat\u00f3w \u2013 od Sikorskiego po Schetyn\u0119. Tusk ma du\u017c\u0105 g\u0142ow\u0119 \u2013 moi go\u015bcie m\u00f3wi\u0105, \u017ce to najwybitniejszy polityk III RP \u2013 niech si\u0119 martwi.<\/p>\n<p>No dobrze, a co na to wszystko sam Donald Tusk? Czy stanie w szranki, cho\u0107 zapewnia\u0142, \u017ce nie ma takich plan\u00f3w zawodowych, \u017ce chce walczy\u0107 o trzeci\u0105 kadencj\u0119 w Polsce? Co innego m\u00f3wi si\u0119 \u201eog\u00f3lnie\u201d, a co innego w konkretnej sytuacji, kiedy propozycja le\u017cy na stole. <\/p>\n<p>Polakom trudno b\u0119dzie wyt\u0142umaczy\u0107, \u017ce odrzucono tak\u0105 szans\u0119. Inaczej m\u00f3wi\u0105c: Tusku \u2013 musisz! (Chyba, \u017ce to wszystko kaczka dziennikarska&#8230;). <\/p>\n","protected":false},"excerpt":{"rendered":"<p>Jak donosi \u201eRzeczpospolita\u201d, i to na czo\u0142\u00f3wce pierwszej strony, Donald Tusk podczas spotkania z kanclerz Angel\u0105 Merkel otrzyma\u0142 propozycj\u0119 (kandydowania?) na stanowisko przewodnicz\u0105cego Rady Europejskiej. Na wie\u015b\u0107 o tym zapyta\u0142em zgromadzonych w moim programie w radiu TOK FM go\u015bci, czy polski premier powinien propozycj\u0119 przyj\u0105\u0107. A go\u015bcie to byli nie byle jacy: Andrzej Celi\u0144ski (dzia\u0142acz [&hellip;]<\/p>\n","protected":false},"author":4,"featured_media":0,"comment_status":"open","ping_status":"closed","sticky":false,"template":"","format":"standard","meta":{"footnotes":""},"categories":[1],"tags":[],"_links":{"self":[{"href":"https:\/\/blog.polityka.pl\/passent\/wp-json\/wp\/v2\/posts\/2510"}],"collection":[{"href":"https:\/\/blog.polityka.pl\/passent\/wp-json\/wp\/v2\/posts"}],"about":[{"href":"https:\/\/blog.polityka.pl\/passent\/wp-json\/wp\/v2\/types\/post"}],"author":[{"embeddable":true,"href":"https:\/\/blog.polityka.pl\/passent\/wp-json\/wp\/v2\/users\/4"}],"replies":[{"embeddable":true,"href":"https:\/\/blog.polityka.pl\/passent\/wp-json\/wp\/v2\/comments?post=2510"}],"version-history":[{"count":3,"href":"https:\/\/blog.polityka.pl\/passent\/wp-json\/wp\/v2\/posts\/2510\/revisions"}],"predecessor-version":[{"id":2513,"href":"https:\/\/blog.polityka.pl\/passent\/wp-json\/wp\/v2\/posts\/2510\/revisions\/2513"}],"wp:attachment":[{"href":"https:\/\/blog.polityka.pl\/passent\/wp-json\/wp\/v2\/media?parent=2510"}],"wp:term":[{"taxonomy":"category","embeddable":true,"href":"https:\/\/blog.polityka.pl\/passent\/wp-json\/wp\/v2\/categories?post=2510"},{"taxonomy":"post_tag","embeddable":true,"href":"https:\/\/blog.polityka.pl\/passent\/wp-json\/wp\/v2\/tags?post=2510"}],"curies":[{"name":"wp","href":"https:\/\/api.w.org\/{rel}","templated":true}]}}