
{"id":252,"date":"2007-04-18T05:30:50","date_gmt":"2007-04-18T04:30:50","guid":{"rendered":"http:\/\/passent.blog.polityka.pl\/?p=252"},"modified":"2007-04-18T05:30:50","modified_gmt":"2007-04-18T04:30:50","slug":"oto-jest-glowa-zdrajcy","status":"publish","type":"post","link":"https:\/\/blog.polityka.pl\/passent\/2007\/04\/18\/oto-jest-glowa-zdrajcy\/","title":{"rendered":"Oto jest g\u0142owa zdrajcy"},"content":{"rendered":"<p>W\u00a0zwi\u0105zku z kolejn\u0105 inscenizacj\u0105 TVP na m\u00f3j temat, o\u015bwiadczam:<\/p>\n<p>Nie neguj\u0119, \u017ce przed 1989 rokiem by\u0142em nachodzony przez tajne s\u0142u\u017cby i wypytywany o kontakty z cudzoziemcami i nie by\u0142em takim bohaterem, \u017ceby powiedzie\u0107 \u201espieprzaj dziadu\u201d.\u00a0Kategorycznie natomiast zaprzeczam, jakobym by\u0142 ich \u015bwiadomym tajnym wsp\u00f3\u0142pracownikiem. Wi\u0119cej refleksji na temat w\u0142asnej przesz\u0142o\u015bci zamie\u015bci\u0142em w ksi\u0105\u017cce \u201eCodziennik\u201d. Od pojawienia si\u0119 pierwszych oskar\u017ce\u0144 IPN\/TVP pod moim adresem, domagam si\u0119 procesu lustracyjnego przed niezawis\u0142ym s\u0105dem, kt\u00f3rego ju\u017c dwukrotnie mi odm\u00f3wiono, ale jakiego, mam nadziej\u0119, do\u017cyj\u0119. Domagam si\u0119 r\u00f3wnego dost\u0119pu do akt, prawa do obrony, do powo\u0142ania i przes\u0142uchania \u015bwiadk\u00f3w oraz bieg\u0142ych, s\u0142owem &#8211; do respektowania moich elementarnych praw i godno\u015bci cz\u0142owieka, zamiast haniebnej praktyki: najpierw wyrok \u2013 potem proces.<\/p>\n<p>Na razie jestem przedmiotem lustracyjnych igrzysk medialnych, politycznych i zarazem komercyjnych, kiedy spo\u015br\u00f3d setek tysi\u0119cy teczek wybiera si\u0119 najbardziej atrakcyjne, i handluje nimi, dostarczaj\u0105c publiczno\u015bci na tacy g\u0142ow\u0119 \u201ezdrajcy\u201d. B\u0119d\u0119 si\u0119 t\u0142umaczy\u0142 dopiero przed niezawis\u0142ym s\u0105dem, a nie w ramach trwaj\u0105cej hecy. Mam wra\u017cenie, \u017ce jestem obiektem kampanii nienawi\u015bci ze strony tych, kt\u00f3rym jestem sol\u0105 w oku. Nie zamierzam bez ko\u0144ca si\u0119 t\u0142umaczy\u0107. B\u0142\u0119d\u00f3w \u017ca\u0142uj\u0119, niekoniecznie tych, kt\u00f3re s\u0105 przedmiotem dzisiejszej nagonki, ale \u017cyciorysu si\u0119 nie wypieram. Jestem dumny z mojego dorobku, szcz\u0119\u015bliwy, \u017ce zyska\u0142em tylu Czytelnik\u00f3w i Przyjaci\u00f3\u0142.<\/p>\n","protected":false},"excerpt":{"rendered":"<p>W\u00a0zwi\u0105zku z kolejn\u0105 inscenizacj\u0105 TVP na m\u00f3j temat, o\u015bwiadczam: Nie neguj\u0119, \u017ce przed 1989 rokiem by\u0142em nachodzony przez tajne s\u0142u\u017cby i wypytywany o kontakty z cudzoziemcami i nie by\u0142em takim bohaterem, \u017ceby powiedzie\u0107 \u201espieprzaj dziadu\u201d.\u00a0Kategorycznie natomiast zaprzeczam, jakobym by\u0142 ich \u015bwiadomym tajnym wsp\u00f3\u0142pracownikiem. Wi\u0119cej refleksji na temat w\u0142asnej przesz\u0142o\u015bci zamie\u015bci\u0142em w ksi\u0105\u017cce \u201eCodziennik\u201d. Od pojawienia [&hellip;]<\/p>\n","protected":false},"author":4,"featured_media":0,"comment_status":"open","ping_status":"open","sticky":false,"template":"","format":"standard","meta":{"footnotes":""},"categories":[1],"tags":[],"_links":{"self":[{"href":"https:\/\/blog.polityka.pl\/passent\/wp-json\/wp\/v2\/posts\/252"}],"collection":[{"href":"https:\/\/blog.polityka.pl\/passent\/wp-json\/wp\/v2\/posts"}],"about":[{"href":"https:\/\/blog.polityka.pl\/passent\/wp-json\/wp\/v2\/types\/post"}],"author":[{"embeddable":true,"href":"https:\/\/blog.polityka.pl\/passent\/wp-json\/wp\/v2\/users\/4"}],"replies":[{"embeddable":true,"href":"https:\/\/blog.polityka.pl\/passent\/wp-json\/wp\/v2\/comments?post=252"}],"version-history":[{"count":0,"href":"https:\/\/blog.polityka.pl\/passent\/wp-json\/wp\/v2\/posts\/252\/revisions"}],"wp:attachment":[{"href":"https:\/\/blog.polityka.pl\/passent\/wp-json\/wp\/v2\/media?parent=252"}],"wp:term":[{"taxonomy":"category","embeddable":true,"href":"https:\/\/blog.polityka.pl\/passent\/wp-json\/wp\/v2\/categories?post=252"},{"taxonomy":"post_tag","embeddable":true,"href":"https:\/\/blog.polityka.pl\/passent\/wp-json\/wp\/v2\/tags?post=252"}],"curies":[{"name":"wp","href":"https:\/\/api.w.org\/{rel}","templated":true}]}}