
{"id":2537,"date":"2014-08-04T17:37:23","date_gmt":"2014-08-04T15:37:23","guid":{"rendered":"http:\/\/passent.blog.polityka.pl\/?p=2537"},"modified":"2014-08-04T21:11:48","modified_gmt":"2014-08-04T19:11:48","slug":"kaczynski-ante-portas","status":"publish","type":"post","link":"https:\/\/blog.polityka.pl\/passent\/2014\/08\/04\/kaczynski-ante-portas\/","title":{"rendered":"Kaczy\u0144ski ante portas"},"content":{"rendered":"<p>Od liberalnego \u201eNewsweeka\u201d, mocno antypisowskiego, po prawicowe i prokaczy\u0144skie \u201eDo Rzeczy\u201d \u2013 nie m\u00f3wi\u0105c o analizach \u201ePolityki\u201d &#8211; panuje zgoda: PiS jest coraz bli\u017csze w\u0142adzy i to bez pomocy koalicjant\u00f3w. <\/p>\n<p>W Warszawie zapachnia\u0142o Budapesztem, gdzie premier Orb\u00e1n ma bezwzgl\u0119dn\u0105 wi\u0119kszo\u015b\u0107 w parlamencie i w\u0142a\u015bnie zapowiada kres ustroju liberalnego na rzecz rz\u0105d\u00f3w silnej r\u0119ki, na podobie\u0144stwo Rosji, Chin i Turcji. Ostatnie sonda\u017ce s\u0105 bezlitosne dla Platformy \u2013 wszystkie wskazuj\u0105 na przewag\u0119 PiS od kilku do kilkunastu procent. <\/p>\n<p>PiS odnotowuje ponad 40 proc. poparcia, sen o w\u0142adzy absolutnej jest coraz bardziej realny. Towarzyszy temu znaczny spadek zaufania do rz\u0105du, zw\u0142aszcza do niekt\u00f3rych jego cz\u0142onk\u00f3w. Coraz trudniej si\u0119 pociesza\u0107, \u017ce pi\u0142ka jest okr\u0105g\u0142a i dop\u00f3ki pi\u0142ka w grze&#8230; Paradoksalnie za granic\u0105 Polska ma nadal dobr\u0105 pras\u0119 i pozycj\u0119 w Unii Europejskiej. W kraju narasta zniech\u0119cenie.<br \/>\n<!--more--><br \/>\nNajcz\u0119\u015bciej wymieniane przyczyny post\u0119p\u00f3w PiS:<\/p>\n<p>ZM\u0118CZENIE w\u0142adz\u0105. PO i rz\u0105d straci\u0142y efekt nowo\u015bci, \u201ewypali\u0142y si\u0119\u201d. Spo\u0142ecze\u0144stwo jest znudzone Platform\u0105 i rz\u0105dem, nie spodziewa si\u0119 po nich wiele. Narasta potrzeba zmiany. <\/p>\n<p>NIELICZNE reformy koalicji PO\/PSL by\u0142y nieprzyjemne i dotkliwe, przede wszystkim wyd\u0142u\u017cenie okresu pracy do 67 lat oraz reforma ubezpiecze\u0144. Inne by\u0142y mocno kontestowane (6-latki do szk\u00f3\u0142).<\/p>\n<p>STRACH przed PiS jest coraz mniej podzielany, m\u0142odzie\u017c \u201enie kuma\u201d, o co chodzi. Prezes Kaczy\u0144ski wyst\u0119puje w nowym kostiumie, to dobrotliwy ojciec, kt\u00f3ry przyjmuje syn\u00f3w marnotrawnych. Macierewicz schowany, o Smole\u0144sku czy dekomunizacji cicho. PiS zapowiada rozpraw\u0119 z winnymi katastrofy i afer, ale to dotyczy w\u0105skiego grona polityk\u00f3w rz\u0105dz\u0105cych. Prze\u017cywa faz\u0119 umiarkowania, trzyma dystans do narodowc\u00f3w i Korwin-Mikkego.<\/p>\n<p>AFERA ta\u015bmowa pogr\u0105\u017cy\u0142a Platform\u0119. Spo\u0142ecze\u0144stwo, kt\u00f3re na ka\u017cdym kroku rzuca k&#8230;, poczu\u0142o si\u0119 zdegustowane, \u017ce rz\u0105dz\u0105 nami tacy prostacy, w dodatku knuj\u0105, spiskuj\u0105, jedz\u0105, pij\u0105, lulki pal\u0105, i to wszystko za nasze pieni\u0105dze. Tusk zachowa\u0142 Sienkiewicza \u2013 to najlepszy dow\u00f3d na istnienie sitwy.<\/p>\n<p>OPOZYCJA inna ni\u017c PiS jest s\u0142aba, lewica oscyluje wok\u00f3\u0142 10 procent, Nowa Prawica nawet mniej. PiS ma przed sob\u0105 szerokie pole dzia\u0142ania.<\/p>\n<p>OFENSYWA kulturowa konserwatyst\u00f3w dzia\u0142a na korzy\u015b\u0107 Prawa i Sprawiedliwo\u015bci. Coraz wi\u0119ksze aspiracje Ko\u015bcio\u0142a (np. w sprawie aborcji czy oceny z katechezy na \u015bwiadectwach maturalnych), Golgota, prof. Chazan \u2013 to wszystko mobilizuje prawic\u0119 i przeciwnik\u00f3w rz\u0105du Tuska.<\/p>\n<p>BEZRADNO\u015a\u0106 Platformy, brak oferty ideowej, programowej, w\u0142asnej interpretacji najnowszej historii oraz wizji przysz\u0142o\u015bci &#8211; wszystko to zniech\u0119ca, odpycha, a nie przyci\u0105ga do Platformy i koalicji rz\u0105dz\u0105cej. Inicjatywy z energi\u0105 i szerokim echem, takie jak Woodstock, s\u0105 dzie\u0142em outsider\u00f3w, takich jak Jurek Owsiak, i dzia\u0142aj\u0105 jak p\u0142achta na coraz silniejsz\u0105 opozycj\u0119&#8230; Poza tym \u201er\u00f3bta, co chceta\u201d i \u201eciep\u0142a woda w kranie\u201d to ju\u017c za ma\u0142o.<\/p>\n<p><strong>PS ZAPROSZENIE<\/strong><br \/>\nWojna o serca i umys\u0142y Polak\u00f3w \u2013 to temat rozmowy, w kt\u00f3rej udzia\u0142 wezm\u0105 m.in. Andrzej Celi\u0144ski (polityk, b. minister kultury) i Zdzis\u0142aw Pietrasik (krytyk, publicysta, znawca duszy polskiej). Radio TOK FM, wtorek, 5 sierpnia, g. 20.05. Zapraszam!<\/p>\n","protected":false},"excerpt":{"rendered":"<p>Od liberalnego \u201eNewsweeka\u201d, mocno antypisowskiego, po prawicowe i prokaczy\u0144skie \u201eDo Rzeczy\u201d \u2013 nie m\u00f3wi\u0105c o analizach \u201ePolityki\u201d &#8211; panuje zgoda: PiS jest coraz bli\u017csze w\u0142adzy i to bez pomocy koalicjant\u00f3w. W Warszawie zapachnia\u0142o Budapesztem, gdzie premier Orb\u00e1n ma bezwzgl\u0119dn\u0105 wi\u0119kszo\u015b\u0107 w parlamencie i w\u0142a\u015bnie zapowiada kres ustroju liberalnego na rzecz rz\u0105d\u00f3w silnej r\u0119ki, na podobie\u0144stwo [&hellip;]<\/p>\n","protected":false},"author":4,"featured_media":0,"comment_status":"open","ping_status":"closed","sticky":false,"template":"","format":"standard","meta":{"footnotes":""},"categories":[1],"tags":[],"_links":{"self":[{"href":"https:\/\/blog.polityka.pl\/passent\/wp-json\/wp\/v2\/posts\/2537"}],"collection":[{"href":"https:\/\/blog.polityka.pl\/passent\/wp-json\/wp\/v2\/posts"}],"about":[{"href":"https:\/\/blog.polityka.pl\/passent\/wp-json\/wp\/v2\/types\/post"}],"author":[{"embeddable":true,"href":"https:\/\/blog.polityka.pl\/passent\/wp-json\/wp\/v2\/users\/4"}],"replies":[{"embeddable":true,"href":"https:\/\/blog.polityka.pl\/passent\/wp-json\/wp\/v2\/comments?post=2537"}],"version-history":[{"count":5,"href":"https:\/\/blog.polityka.pl\/passent\/wp-json\/wp\/v2\/posts\/2537\/revisions"}],"predecessor-version":[{"id":2544,"href":"https:\/\/blog.polityka.pl\/passent\/wp-json\/wp\/v2\/posts\/2537\/revisions\/2544"}],"wp:attachment":[{"href":"https:\/\/blog.polityka.pl\/passent\/wp-json\/wp\/v2\/media?parent=2537"}],"wp:term":[{"taxonomy":"category","embeddable":true,"href":"https:\/\/blog.polityka.pl\/passent\/wp-json\/wp\/v2\/categories?post=2537"},{"taxonomy":"post_tag","embeddable":true,"href":"https:\/\/blog.polityka.pl\/passent\/wp-json\/wp\/v2\/tags?post=2537"}],"curies":[{"name":"wp","href":"https:\/\/api.w.org\/{rel}","templated":true}]}}