
{"id":2545,"date":"2014-08-10T09:49:11","date_gmt":"2014-08-10T07:49:11","guid":{"rendered":"http:\/\/passent.blog.polityka.pl\/?p=2545"},"modified":"2014-08-13T00:00:10","modified_gmt":"2014-08-12T22:00:10","slug":"kiedy-sie-dziwic-przestane-1","status":"publish","type":"post","link":"https:\/\/blog.polityka.pl\/passent\/2014\/08\/10\/kiedy-sie-dziwic-przestane-1\/","title":{"rendered":"Kiedy si\u0119 dziwi\u0107 przestan\u0119 (1)"},"content":{"rendered":"<p><strong>ZDZIWIENIE I<\/strong><br \/>\n\u201eK&#8230; ma\u0107, Legia gra\u0107!\u201d. Od pewnego czasu kibice Legii wprowadzili do swojego repertuaru nowe zawo\u0142anie. I prosz\u0119 sobie wyobrazi\u0107 \u2013 poskutkowa\u0142o. <\/p>\n<p>Po serii \u017cenuj\u0105cych wyst\u0119p\u00f3w pi\u0142karze zacz\u0119li gra\u0107. Wygrali dwa wa\u017cne mecze z Celtic Glasgow. A tu masz ci babo placek: nie do\u015b\u0107, \u017ce  po drodze zmarnowali dwa rzuty karne, to jeszcze og\u0142oszono  walkower, poniewa\u017c Legia  wprowadzi\u0142a na boisko zawodnika, kt\u00f3ry nie mia\u0142 prawa gra\u0107, bo odbywa\u0142 kar\u0119. I zostali za to ukarani, a my wraz z nimi.<br \/>\n<!--more--><br \/>\nZn\u00f3w te nieszcz\u0119sne procedury. \u201eJako\u015b to b\u0119dzie\u201d. Mo\u017ce w Legii przeoczyli, mo\u017ce w Glasgow nie zauwa\u017c\u0105\u2026 Co za partactwo! A ju\u017c nam si\u0119 wydawa\u0142o, \u017ce polnische Wirtschaft kaputt, teraz jeste\u015bmy nowocze\u015bni, zorganizowani, przedsi\u0119biorczy. S\u0142awa, chwa\u0142a i miliony Euro przesz\u0142y ko\u0142o nosa. <\/p>\n<p>Jak mo\u017cna by\u0142o na 4 minuty przed ko\u0144cem wygranego meczu wys\u0142a\u0107 na boisko skaza\u0144ca?! Sytuacja typowo polska: dzielni ch\u0142opcy na boisku wypruwaj\u0105 z siebie flaki, a dow\u00f3dztwo marnuje ich wysi\u0142ek.  Chcia\u0142oby si\u0119 wy\u0107. <\/p>\n<p><strong>ZDZIWIENIE II<\/strong><br \/>\nWy\u0107 to mo\u017ce nie, ale przynajmniej bucze\u0107. Profesor historii Jan \u017baryn na pytanie Super Expressu: \u201e- Co pan s\u0105dzi o buczeniu na cmentarzu?\u201d,  odpowiada: \u201eTa postawa Polak\u00f3w, kt\u00f3rzy tam dominuj\u0105 \u2013 w\u015br\u00f3d nich jestem i ja \u2013 jest postaw\u0105 polskich patriot\u00f3w, kt\u00f3rzy co najmniej od kilku lat otrzymuj\u0105 sygna\u0142y od cz\u0119\u015bci tzw. elity, \u017ce jeste\u015bmy faszystami. Nie widz\u0119 powod\u00f3w, \u017ceby nie bucze\u0107 na ludzi, kt\u00f3rzy k\u0142ami\u0105 na m\u00f3j temat. Nie m\u00f3wi\u0119 nawet osobi\u015bcie o mnie, ale o du\u017cym \u015brodowisku Polak\u00f3w. Nie mo\u017cna nas obra\u017ca\u0107\u201d. <\/p>\n<p>Ja napisz\u0119 tak: Bucze\u0107 mo\u017cna, ale nie na cmentarzu. Gdyby Polska nie by\u0142a krajem demokratycznym, gdyby zamkni\u0119te by\u0142y media, parlament, uniwersytety, wydawnictwa, ulice  i wszelkie inne mo\u017cliwo\u015bci wyrazu \u2013 buczenie by\u0142oby zrozumia\u0142e. Ale w wolnej Polsce wycie na cmentarzu jest oznak\u0105 zdziczenia. Widuj\u0119 profesora cz\u0119sto w filharmonii. Czekam, kiedy zacznie bucze\u0107, gdy na koncercie zobaczy prezydenta albo premiera.<\/p>\n<p><strong>ZDZIWIENIE III<\/strong><br \/>\nPanie premierze Tusk, ostrzegam Pana: je\u015bli ten numer przejdzie, nie b\u0119d\u0119 g\u0142osowa\u0142 na Platform\u0119. To tylko jeden g\u0142os, ale mo\u017ce podobnie zachowaj\u0105 si\u0119 inni. <\/p>\n<p>Jak informuje \u201eRzeczpospolita\u201d, Ministerstwo Sprawiedliwo\u015bci rz\u0105du Pana Tuska opracowa\u0142o projekt poprawki do ustawy, wedle kt\u00f3rej to poprawki nie tylko prezydent, premier, s\u0119dziowie i prokuratorzy, ale nawet adwokaci, radcowie prawni i notariusze, sk\u0142adaj\u0105c  \u015blubowanie, b\u0119d\u0105 mogli doda\u0107 formu\u0142\u0119: \u201eTak mi dopom\u00f3\u017c B\u00f3g!\u201d.  <\/p>\n<p>Nie rozumiem, dlaczego ogranicza\u0107 t\u0119 form\u0119 deklaracji wiary tylko do wy\u017cej wymienionych \u2013 od prezydenta do wo\u017anego w s\u0105dzie? Czy nie lepiej uzna\u0107 stan faktyczny, og\u0142osi\u0107, \u017ce Polska jest pa\u0144stwem wyznaniowym dla wszystkich, a nie tylko do wybranych? Dlaczego dyskryminowa\u0107 lekarzy, policjant\u00f3w, grabarzy i grzybiarzy? <\/p>\n<p>Wiceminister Sprawiedliwo\u015bci, prof. Micha\u0142 Kr\u00f3likowski, wielce zas\u0142u\u017cony dla umacniania pa\u0144stwa wyznaniowego, uspakaja: \u201eB\u0119dzie po prostu taka mo\u017cliwo\u015b\u0107. A o jej u\u017cyciu zadecyduje samodzielnie osoba sk\u0142adaj\u0105ca \u015blubowanie\u201d.  <\/p>\n<p>Czyli nie tylko id\u0105c do lekarza, ale i do notariusza lub adwokata, b\u0119dzie wiadomo, kto jest kim. Obok szpitali dla wierz\u0105cych b\u0119d\u0105 te\u017c wyznaniowe kancelarie adwokackie. <\/p>\n<p>Panie Premierze, prosz\u0119 pami\u0119ta\u0107, \u017ce ja by\u0142em przeciw.<\/p>\n<p>Dalsze zdziwienia w \u015brod\u0119, 13 sierpnia.<\/p>\n","protected":false},"excerpt":{"rendered":"<p>ZDZIWIENIE I \u201eK&#8230; ma\u0107, Legia gra\u0107!\u201d. Od pewnego czasu kibice Legii wprowadzili do swojego repertuaru nowe zawo\u0142anie. I prosz\u0119 sobie wyobrazi\u0107 \u2013 poskutkowa\u0142o. Po serii \u017cenuj\u0105cych wyst\u0119p\u00f3w pi\u0142karze zacz\u0119li gra\u0107. Wygrali dwa wa\u017cne mecze z Celtic Glasgow. A tu masz ci babo placek: nie do\u015b\u0107, \u017ce po drodze zmarnowali dwa rzuty karne, to jeszcze og\u0142oszono [&hellip;]<\/p>\n","protected":false},"author":4,"featured_media":0,"comment_status":"open","ping_status":"closed","sticky":false,"template":"","format":"standard","meta":{"footnotes":""},"categories":[1],"tags":[],"_links":{"self":[{"href":"https:\/\/blog.polityka.pl\/passent\/wp-json\/wp\/v2\/posts\/2545"}],"collection":[{"href":"https:\/\/blog.polityka.pl\/passent\/wp-json\/wp\/v2\/posts"}],"about":[{"href":"https:\/\/blog.polityka.pl\/passent\/wp-json\/wp\/v2\/types\/post"}],"author":[{"embeddable":true,"href":"https:\/\/blog.polityka.pl\/passent\/wp-json\/wp\/v2\/users\/4"}],"replies":[{"embeddable":true,"href":"https:\/\/blog.polityka.pl\/passent\/wp-json\/wp\/v2\/comments?post=2545"}],"version-history":[{"count":5,"href":"https:\/\/blog.polityka.pl\/passent\/wp-json\/wp\/v2\/posts\/2545\/revisions"}],"predecessor-version":[{"id":2557,"href":"https:\/\/blog.polityka.pl\/passent\/wp-json\/wp\/v2\/posts\/2545\/revisions\/2557"}],"wp:attachment":[{"href":"https:\/\/blog.polityka.pl\/passent\/wp-json\/wp\/v2\/media?parent=2545"}],"wp:term":[{"taxonomy":"category","embeddable":true,"href":"https:\/\/blog.polityka.pl\/passent\/wp-json\/wp\/v2\/categories?post=2545"},{"taxonomy":"post_tag","embeddable":true,"href":"https:\/\/blog.polityka.pl\/passent\/wp-json\/wp\/v2\/tags?post=2545"}],"curies":[{"name":"wp","href":"https:\/\/api.w.org\/{rel}","templated":true}]}}