
{"id":255,"date":"2007-04-23T00:04:54","date_gmt":"2007-04-22T22:04:54","guid":{"rendered":"http:\/\/passent.blog.polityka.pl\/?p=255"},"modified":"2007-04-23T00:04:54","modified_gmt":"2007-04-22T22:04:54","slug":"kanape-ma-widze-ogromna","status":"publish","type":"post","link":"https:\/\/blog.polityka.pl\/passent\/2007\/04\/23\/kanape-ma-widze-ogromna\/","title":{"rendered":"Kanap\u0119 m\u0105 widz\u0119 ogromn\u0105"},"content":{"rendered":"<p>Marsza\u0142ek Marek Jurek poczu\u0142 si\u0119 obra\u017cony przez prezesa Kaczy\u0144skiego. Chocia\u017c premier go przeprasza\u0142 i wyra\u017anie chcia\u0142 si\u0119 pojedna\u0107 \u2013 MJ wyst\u0105pi\u0142 z PiS. Nasuwa si\u0119 pytanie: czy zamiast tworzy\u0107 kolejne ugrupowanie kanapowe Prawica Rzeczypospolitej, nie lepiej utworzy\u0107 pot\u0119\u017cny ruch obra\u017conych przez IV RP? Nie pomieszcz\u0105 si\u0119 na \u017cadnej, nawet najwi\u0119kszej kanapie. Mogliby tam znale\u017a\u0107 si\u0119 m.in.:<\/p>\n<p><strong>S\u0119dziowie Trybuna\u0142u Konstytucyjnego<\/strong>, obra\u017ceni przez niewybredne sugestie, \u017ce w swych orzeczeniach kieruj\u0105 si\u0119 racjami politycznymi i nie s\u0105 nieodwo\u0142ywaln\u0105 trzecia izba parlamentu.<\/p>\n<p><strong>Byli ministrowie Spraw Zagranicznych<\/strong>, z powodu oszczerczej sugestii, \u017ce prawie wszyscy byli agentami sowieckiego wywiadu.<\/p>\n<p><strong>By\u0142y minister Prywatyzacji<\/strong> (zdaniem niekt\u00f3rych specjalist\u00f3w \u2013 najlepszy z dotychczasowych), Emil W\u0105sacz, aresztowany jak pospolity przest\u0119pca.<\/p>\n<p><strong>Maria Szab\u0142owska<\/strong> \u2013 przedstawicielka \u201ez\u0142og\u00f3w gierkowsko-gomu\u0142kowskich\u201d w Polskim Radiu, w dodatku \u201estara kobieta\u201d, jedna z tych, jakie musia\u0142 ogl\u0105da\u0107 wiceprezes Jerzy Targalski .<\/p>\n<p><strong>Ma\u0142gorzata S\u0142omkowska<\/strong> \u2013 z radiowej Jedynki, w ostatniej chwili odstawiona od rozmowy z Prezydentem RP (po to, \u017ceby mog\u0142a rozmawia\u0107 dziennikarka bardziej zaufana), a nast\u0119pnie zwolniona bez pardonu, w\u015br\u00f3d dwustu innych.<\/p>\n<p><strong>Tadeusz Sznuk<\/strong>, z tego\u017c radia, odprawiony z komentarzem, \u017ce gdyby taki g\u0142os jak jego nada\u0107 w obozie koncentracyjnym, to te\u017c \u201eludzie si\u0119 z nim z\u017cyj\u0105\u201d.<\/p>\n<p><strong>Rodziny ofiar Kurasia<\/strong> &#8211; \u201eOgnia\u201d, kt\u00f3rego pomnik zosta\u0142 ods\u0142oni\u0119ty w obecno\u015bci prezydenta RP.<\/p>\n<p><strong>Pracownicy MSZ<\/strong> oraz innych odzyskanych instytucji, kt\u00f3rzy nie do\u015b\u0107 bronili interesu narodowego, bo na kl\u0119czkach trudno uprawia\u0107 dyplomacj\u0119.<\/p>\n<p><strong>Micha\u0142 Listkiewicz<\/strong>, prezes PZPN, herszt mafii pi\u0142karskiej, kt\u00f3rego minister Sportu IV RP mia\u0142 przesun\u0105\u0107 z boiska na wi\u0119zienny spacerniak, a teraz go ca\u0142uje.<\/p>\n<p><strong>\u201ePracownicy medi\u00f3w\u201d<\/strong>, kt\u00f3rzy prowadzili \u201ehisteryczn\u0105, ob\u0142\u0119dna, zmasowan\u0105, inspirowan\u0105 przez wiadome ko\u0142a, kampani\u0119 przeciwko IV RP i w tym duchu inspirowali media zagraniczne.<\/p>\n<p><strong>Zdrajcy<\/strong>, tacy jak profesorowie Geremek, Osiaty\u0144ski, Winiecki \u2013 szkalowali nasz kraj za granic\u0105.<\/p>\n<p><strong>Nauczyciele<\/strong> wzywani przez wiceministra Edukacji do odcinania si\u0119 od Zwi\u0105zku Nauczycielstwa Polskiego.<\/p>\n<p><strong>Inteligencja humanistyczna<\/strong>, z kt\u00f3r\u0105 premier Dorn nie mo\u017ce si\u0119 dogada\u0107.<\/p>\n<p><strong>Profesorowie<\/strong> i \u201epracownicy medi\u00f3w\u201d, kt\u00f3rzy nie chc\u0105 na siebie donosi\u0107 w o\u015bwiadczeniach lustracyjnych, i dlatego nie s\u0105 inteligentami.<\/p>\n<p><strong>Leszek Balcerowicz<\/strong> (i jego ma\u0142\u017conka) poni\u017cany przez pos\u0142a Artura Zawisz\u0119 i innych przedstawicieli Najja\u015bniejszej.<\/p>\n<p><strong>Iwona Ryniewicz<\/strong> z PZU (j.w.) pom\u00f3wiona o udzia\u0142 w nieistniej\u0105cej aferze billboardowej i zwolniona z pracy. (Ostatnio wygra\u0142a w s\u0105dzie z pos\u0142em Kurskim).<\/p>\n<p><strong>Pracownicy PZU<\/strong> oraz innych instytucji, na czele kt\u00f3rych stan\u0119li ludzie bez kompetencji.<\/p>\n<p><strong>Widzowie TVP i s\u0142uchacze Polskiego Radia<\/strong>, kt\u00f3rych inteligencja i dobry smak s\u0105 obra\u017cane .<br \/>\n\u00a0<\/p>\n<p>\u201eKanap\u0119 m\u0105 widz\u0119 ogromn\u0105\u201d \u2013 \u017ceby oni wszyscy zechcieli tylko na niej zasi\u0105\u015b\u0107, zanim ich kto\u015b inny usadzi.<\/p>\n<p>***<br \/>\n<strong>PS<\/strong>. Kochani Blogowicze, bardzo, bardzo dzi\u0119kuj\u0119 za ponad 250 komentarzy do mojego wpisu z 18 kwietnia \u201e<strong><a href=\"http:\/\/passent.blog.polityka.pl\/?p=252\" target=\"_blank\">Oto jest g\u0142owa zdrajcy<\/a><\/strong>\u201d, za nadzwyczajne poparcie jakie otrzyma\u0142em z Sieci \u2013 od Warszawy po Sydney. Jak ka\u017cdy mo\u017ce sprawdzi\u0107 \u2013 prawie wszystkie g\u0142osy by\u0142y \u017cyczliwe, nie spodziewa\u0142em si\u0119 takiego spontanicznego odzewu, takiego kredytu zaufania. Postaram si\u0119 nie zawie\u015b\u0107. To dla mnie wielka pomoc i dow\u00f3d, \u017ce \u015bwiat nie ko\u0144czy si\u0119 na \u201eMisji specjalnej\u201d i jej sojusznikach w mediach IV RP. Nie gniewam si\u0119 na g\u0142osy krytyczne, bo sam mam sobie niejedno do wyrzucenia (niekoniecznie to, co ciotki rewolucji z TVP i ch\u00f3r, kt\u00f3ry im towarzyszy w mediach, mi zarzucaj\u0105). Przez ponad 50 lat dzia\u0142alno\u015bci nazbiera\u0142y si\u0119 plusy i minusy \u2013 sum\u0119 poznam na s\u0105dzie ostatecznym.<\/p>\n<p>Chcia\u0142bym tylko sprostowa\u0107 drobne \u201efakty\u201d rozpowszechniane na naszym blogu przez fa\u0142szerzy, kt\u00f3rych tu nawet nie wymieni\u0119:<\/p>\n<p>Po maturze nie by\u0142em \u201ewys\u0142any do Akademii \u017bdanowa\u201d, tylko dosta\u0142em si\u0119 na Uniwersytet Leningradzki, sk\u0105d po I roku przenios\u0142em si\u0119 na UW. Na stypendium Uniwersytetu Princeton w 1962 r. nie zosta\u0142em \u201eskierowany przez komunist\u00f3w\u201d, tylko wr\u0119cz przeciwnie &#8211; zaproponowa\u0142 mi je Lee Stull, absolwent tego\u017c uniwersytetu (poproszony przez swoj\u0105 uczelni\u0119, by wskaza\u0142 kandydata), w\u00f3wczas radca Ambasady Ameryka\u0144skiej w Warszawie, co chyba \u0142atwo sprawdzi\u0107 w ambasadzie, na uniwersytecie i w fundacji. Ambasadorem by\u0142em nie \u201eza czas\u00f3w PRL\u201d, tylko w latach 1997-2001, kiedy ministrami SZ byli kolejno pp. Rosati, Geremek, Bartoszewski i Cimoszewicz. Na tym ko\u0144cz\u0119, bo nie ma z czego i przed kim si\u0119 t\u0142umaczy\u0107.<\/p>\n<p>Jeszcze raz wszystkim dzi\u0119kuj\u0119, zw\u0142aszcza, \u017ce takie\u00a0teksty jak ten z\u00a018 kwietnia nie s\u0105 pisane atramentem, tylko w\u0142asnym \u017cyciem.<\/p>\n","protected":false},"excerpt":{"rendered":"<p>Marsza\u0142ek Marek Jurek poczu\u0142 si\u0119 obra\u017cony przez prezesa Kaczy\u0144skiego. Chocia\u017c premier go przeprasza\u0142 i wyra\u017anie chcia\u0142 si\u0119 pojedna\u0107 \u2013 MJ wyst\u0105pi\u0142 z PiS. Nasuwa si\u0119 pytanie: czy zamiast tworzy\u0107 kolejne ugrupowanie kanapowe Prawica Rzeczypospolitej, nie lepiej utworzy\u0107 pot\u0119\u017cny ruch obra\u017conych przez IV RP? Nie pomieszcz\u0105 si\u0119 na \u017cadnej, nawet najwi\u0119kszej kanapie. Mogliby tam znale\u017a\u0107 si\u0119 [&hellip;]<\/p>\n","protected":false},"author":4,"featured_media":0,"comment_status":"open","ping_status":"open","sticky":false,"template":"","format":"standard","meta":{"footnotes":""},"categories":[1],"tags":[],"_links":{"self":[{"href":"https:\/\/blog.polityka.pl\/passent\/wp-json\/wp\/v2\/posts\/255"}],"collection":[{"href":"https:\/\/blog.polityka.pl\/passent\/wp-json\/wp\/v2\/posts"}],"about":[{"href":"https:\/\/blog.polityka.pl\/passent\/wp-json\/wp\/v2\/types\/post"}],"author":[{"embeddable":true,"href":"https:\/\/blog.polityka.pl\/passent\/wp-json\/wp\/v2\/users\/4"}],"replies":[{"embeddable":true,"href":"https:\/\/blog.polityka.pl\/passent\/wp-json\/wp\/v2\/comments?post=255"}],"version-history":[{"count":0,"href":"https:\/\/blog.polityka.pl\/passent\/wp-json\/wp\/v2\/posts\/255\/revisions"}],"wp:attachment":[{"href":"https:\/\/blog.polityka.pl\/passent\/wp-json\/wp\/v2\/media?parent=255"}],"wp:term":[{"taxonomy":"category","embeddable":true,"href":"https:\/\/blog.polityka.pl\/passent\/wp-json\/wp\/v2\/categories?post=255"},{"taxonomy":"post_tag","embeddable":true,"href":"https:\/\/blog.polityka.pl\/passent\/wp-json\/wp\/v2\/tags?post=255"}],"curies":[{"name":"wp","href":"https:\/\/api.w.org\/{rel}","templated":true}]}}