
{"id":2551,"date":"2014-08-12T23:06:40","date_gmt":"2014-08-12T21:06:40","guid":{"rendered":"http:\/\/passent.blog.polityka.pl\/?p=2551"},"modified":"2014-08-12T23:58:09","modified_gmt":"2014-08-12T21:58:09","slug":"kiedy-sie-dziwic-przestane-2","status":"publish","type":"post","link":"https:\/\/blog.polityka.pl\/passent\/2014\/08\/12\/kiedy-sie-dziwic-przestane-2\/","title":{"rendered":"Kiedy si\u0119 dziwi\u0107 przestan\u0119 (2)"},"content":{"rendered":"<p><strong>ZDZIWIENIE IV<\/strong><br \/>\nW \u017cadnej sprawie nie ma jednej prawdy, w ka\u017cdej s\u0105 dwie prawdy. Dwie prawdy o powstaniach, dwie prawdy o Dmowskim, dwie prawdy o Jaruzelskim, teraz dwie prawdy w sprawie pa\u0144stwo \u2013 Ko\u015bcio\u0142y. <\/p>\n<p>Wedle obro\u0144c\u00f3w rzekomo zagro\u017conego Ko\u015bcio\u0142a katolicy s\u0105 prze\u015bladowani, wyrzuca si\u0119 ich z pracy, pozwala mordowa\u0107 dzieci, w szko\u0142ach szykanuje si\u0119 katechez\u0119 i katechet\u00f3w, pa\u0144stwo sk\u0105pi grosza na Ko\u015bci\u00f3\u0142, zwalcza rodzin\u0119 itd. <\/p>\n<p>I druga prawda: jeste\u015bmy pa\u0144stwem wyznaniowym, dzieci od najm\u0142odszego do najstarszego s\u0105 nawracane, kilkadziesi\u0105t tysi\u0119cy katechet\u00f3w op\u0142acanych jest przez pa\u0144stwo, prawo stanowione ust\u0119puje przed bli\u017cej nieokre\u015blonym \u201eprawem naturalnym\u201d, wiceminister sprawiedliwo\u015bci twierdzi, \u017ce wedle Konstytucji Polska nie jest pa\u0144stwem \u015bwieckim, a aborcja jest zakazana poza kilkoma wyj\u0105tkami.<br \/>\n<!--more--><br \/>\nNiby wszyscy wiedz\u0105, \u017ce pa\u0144stwo polskie nie jest bezstronne, jest nadzwyczaj \u017cyczliwe wobec Ko\u015bcio\u0142a i wiadomo, sk\u0105d ta wyj\u0105tkowa pozycja. Ale gdy si\u0119 czyta o milionach, kt\u00f3re spo\u0142ecze\u0144stwo (tak\u017ce ludzie innych wyzna\u0144 i niewierz\u0105cy) \u0142o\u017cy na kapelan\u00f3w w s\u0142u\u017cbie celnej, BOR, w wojsku, policji, stra\u017cy po\u017carnej, szko\u0142ach szpitalach i B\u00f3g wie gdzie jeszcze, to cz\u0142owiek ma ochot\u0119 zawo\u0142a\u0107 stra\u017cak\u00f3w: ratujcie Ko\u015bci\u00f3\u0142 przed zalewem got\u00f3wki! <\/p>\n<p>Popieram prof. Wiktora Osiaty\u0144skiego w sprawie wypowiedzenia konkordatu, ale poniewa\u017c to nie jest realne, jeszcze bardziej popieram Ew\u0119 Siedleck\u0105 z \u201eGazety\u201d, kt\u00f3ra pisze, \u017ce nie trzeba wypowiada\u0107 konkordatu \u2013 wystarczy go realizowa\u0107.<\/p>\n<p><strong>ZDZIWIENIE V<\/strong><br \/>\nPopyt rodzi poda\u017c. Poniewa\u017c jest ogromne zapotrzebowanie na powstania narodowe, na pedagogik\u0119 dumy, a nie pedagogik\u0119 wstydu, mamy nowe powstanie: Powstanie Pi\u0142sudczykowskie. Tomasz \u0141ysiak pisze w \u201eGazecie Polskiej\u201d: \u201eUczci\u0107 Powstanie Pi\u0142sudczykowskie\u201d. Zdaniem autora \u201ew roku 1914 wybuch\u0142o Powstanie Pi\u0142sudczykowskie\u201d. Gdyby nie wcze\u015bniejsze powstania, \u201enie by\u0142oby Powstania Pi\u0142sudczykowskiego\u201d. <\/p>\n<p>\u201eBy\u0107 mo\u017ce doczekamy si\u0119 dnia, gdy rocznice 6 sierpnia 1914 r. b\u0119d\u0105 mia\u0142y nale\u017cn\u0105 im opraw\u0119, gdy data wyruszenia z Oleandr\u00f3w podniesiona zostanie do odpowiedniej rangi\u201d. Postulat autora zosta\u0142 spe\u0142niony, w tegorocznych obchodach uczestniczy\u0142 prezydent RP, kt\u00f3ry jest prezydentem zwyci\u0119skich  legionist\u00f3w z Oleandr\u00f3w, a tak\u017ce przegranych \u201eLegionist\u00f3w\u201d z \u0141azienkowskiej. Jak si\u0119 dowiadujemy, pan Prezydent ma jeszcze wolne terminy.<\/p>\n<p><strong>ZDZIWIENIE VI<\/strong><br \/>\nW \u201ePrzegl\u0105dzie\u201d ciekawa rozmowa Anny Kr\u00f3l z Mari\u0105 Iwaszkiewicz-Wojdowsk\u0105 (ur. 1924), c\u00f3rk\u0105 pisarza. Pani Anna, kt\u00f3ra unika\u0142a spotka\u0144, akademii ku czci jej ojca, ulicy jego imienia w Warszawie (\u201eci PIS-owcy zaraz by mieli u\u017cywanie \u2013 \u017ce zdrajca, \u017ce sobie nie \u017cycz\u0105\u201d). Kiedy pewna pani z domu kultury j\u0105 nachodzi\u0142a, \u017ceby przysz\u0142a i \u201eopowiedzia\u0142a o swoim ciep\u0142ym domu\u201d, pani Maria odpowiedzia\u0142a: \u201eProsz\u0119 pani, pani niew\u0142a\u015bciwie trafi\u0142a. Ja mia\u0142am m\u0119\u017ca \u017byda, kt\u00f3ry jest pochowany na \u017cydowskim cmentarzu. Czytam tylko \u00bbGazet\u0119 Wyborcz\u0105\u00ab i POLITYK\u0118&#8221;.<\/p>\n","protected":false},"excerpt":{"rendered":"<p>ZDZIWIENIE IV W \u017cadnej sprawie nie ma jednej prawdy, w ka\u017cdej s\u0105 dwie prawdy. Dwie prawdy o powstaniach, dwie prawdy o Dmowskim, dwie prawdy o Jaruzelskim, teraz dwie prawdy w sprawie pa\u0144stwo \u2013 Ko\u015bcio\u0142y. Wedle obro\u0144c\u00f3w rzekomo zagro\u017conego Ko\u015bcio\u0142a katolicy s\u0105 prze\u015bladowani, wyrzuca si\u0119 ich z pracy, pozwala mordowa\u0107 dzieci, w szko\u0142ach szykanuje si\u0119 katechez\u0119 [&hellip;]<\/p>\n","protected":false},"author":4,"featured_media":0,"comment_status":"open","ping_status":"closed","sticky":false,"template":"","format":"standard","meta":{"footnotes":""},"categories":[1],"tags":[],"_links":{"self":[{"href":"https:\/\/blog.polityka.pl\/passent\/wp-json\/wp\/v2\/posts\/2551"}],"collection":[{"href":"https:\/\/blog.polityka.pl\/passent\/wp-json\/wp\/v2\/posts"}],"about":[{"href":"https:\/\/blog.polityka.pl\/passent\/wp-json\/wp\/v2\/types\/post"}],"author":[{"embeddable":true,"href":"https:\/\/blog.polityka.pl\/passent\/wp-json\/wp\/v2\/users\/4"}],"replies":[{"embeddable":true,"href":"https:\/\/blog.polityka.pl\/passent\/wp-json\/wp\/v2\/comments?post=2551"}],"version-history":[{"count":5,"href":"https:\/\/blog.polityka.pl\/passent\/wp-json\/wp\/v2\/posts\/2551\/revisions"}],"predecessor-version":[{"id":2553,"href":"https:\/\/blog.polityka.pl\/passent\/wp-json\/wp\/v2\/posts\/2551\/revisions\/2553"}],"wp:attachment":[{"href":"https:\/\/blog.polityka.pl\/passent\/wp-json\/wp\/v2\/media?parent=2551"}],"wp:term":[{"taxonomy":"category","embeddable":true,"href":"https:\/\/blog.polityka.pl\/passent\/wp-json\/wp\/v2\/categories?post=2551"},{"taxonomy":"post_tag","embeddable":true,"href":"https:\/\/blog.polityka.pl\/passent\/wp-json\/wp\/v2\/tags?post=2551"}],"curies":[{"name":"wp","href":"https:\/\/api.w.org\/{rel}","templated":true}]}}