
{"id":2560,"date":"2014-08-23T20:56:04","date_gmt":"2014-08-23T18:56:04","guid":{"rendered":"http:\/\/passent.blog.polityka.pl\/?p=2560"},"modified":"2014-08-23T21:28:17","modified_gmt":"2014-08-23T19:28:17","slug":"olaboga-czas-na-bloga","status":"publish","type":"post","link":"https:\/\/blog.polityka.pl\/passent\/2014\/08\/23\/olaboga-czas-na-bloga\/","title":{"rendered":"Olaboga  \u2013 czas na bloga!"},"content":{"rendered":"<p>Na pocz\u0105tek nowego sezonu &#8211; co\u015b lekkiego. Polecam artykulik \u201ePusty szalet na placu\u201d (\u201eGazeta Sto\u0142eczna&#8221;). Na warszawskiej Pradze z du\u017cym rozmachem (22 mln z\u0142) odnowiono plac Szembeka \u2013 wa\u017cny w\u0119ze\u0142 komunikacyjny i handlowy.<br \/>\n<!--more--><br \/>\nW ramach renowacji na placu stan\u0105\u0142 pawilon z obszern\u0105 kondygnacj\u0105 podziemn\u0105, 86 m.kw. Pocz\u0105tkowo mia\u0142a si\u0119 tam mie\u015bci\u0107 toaleta, ale przewidywany koszt zatrudnienia 1 osoby, 40 tys. z\u0142 rocznie, okaza\u0142 si\u0119 ponad si\u0142y samorz\u0105du. <\/p>\n<p>Postanowiono wi\u0119c lokal przeznaczy\u0107 na gastronomi\u0119. W przetargu wzi\u0105\u0142 udzia\u0142 jeden uczestnik, kt\u00f3ry z czasem si\u0119 wycofa\u0142. Powody: zbytnie \u201eupolitycznienie&#8221; miejsca (radni PiS krytykowali kosztown\u0105 renowacj\u0119) oraz brak zgody na otwarcie ogr\u00f3dka piwnego, poniewa\u017c nie pozwalaj\u0105 na to  warunki obowi\u0105zuj\u0105cej jeszcze przez dwa lata gwarancji na kamienny bruk. Ostatecznie podziemie ma by\u0107 przeznaczone na miniaturowe muzeum bitwy pod Olszynk\u0105 Grochowsk\u0105!<\/p>\n<p>Sytuacja typowa. Proza \u017cycia i wygoda mieszka\u0144c\u00f3w (jedzenie, picie, toaleta) ust\u0119puje muzeum jeszcze jednej bitwy. <\/p>\n<p>Jak tak dalej p\u00f3jdzie, b\u0119dziemy mieli wi\u0119cej izb pami\u0119ci ni\u017c knajp i toalet. Niczego nie ujmuj\u0105c bohaterskim uczestnikom Powstania Listopadowego, a szczeg\u00f3lnie bitwy o Olszynk\u0119, oraz jej dow\u00f3dcom (zreszt\u0105 sk\u0142\u00f3conym), Micha\u0142owi Radziwi\u0142\u0142owi i J\u00f3zefowi Ch\u0142opickiemu, nie ka\u017cde miejsce nadaje si\u0119 na izb\u0119 pami\u0119ci i bywaj\u0105 potrzeby bardziej nagl\u0105ce ni\u017c refleksja historyczna. <\/p>\n<p>Te potrzeby b\u0119dzie mo\u017cna zaspokoi\u0107 w odnowionej bramie czy w krzakach, podczas gdy refleksja patriotyczna wymaga odpowiedniej oprawy. Trudno, \u017ceby mia\u0142a miejsce w toalecie. <\/p>\n<p>S\u0142uchaj\u0105c opowie\u015bci przewodnika czy nauczycielki i ogl\u0105daj\u0105c wystaw\u0119, trzeba b\u0119dzie ratowa\u0107 si\u0119 suchym prowiantem (polecam wojskowe suchary) lub przest\u0119powa\u0107 z nogi na nog\u0119. Na placu Szembeka, tak jak na ka\u017cdym kroku, poezja (dwa Noble) g\u00f3ruje nad proz\u0105, a przesz\u0142o\u015b\u0107 nad wsp\u00f3\u0142czesno\u015bci\u0105.<\/p>\n","protected":false},"excerpt":{"rendered":"<p>Na pocz\u0105tek nowego sezonu &#8211; co\u015b lekkiego. Polecam artykulik \u201ePusty szalet na placu\u201d (\u201eGazeta Sto\u0142eczna&#8221;). Na warszawskiej Pradze z du\u017cym rozmachem (22 mln z\u0142) odnowiono plac Szembeka \u2013 wa\u017cny w\u0119ze\u0142 komunikacyjny i handlowy.<\/p>\n","protected":false},"author":4,"featured_media":0,"comment_status":"open","ping_status":"closed","sticky":false,"template":"","format":"standard","meta":{"footnotes":""},"categories":[1],"tags":[],"_links":{"self":[{"href":"https:\/\/blog.polityka.pl\/passent\/wp-json\/wp\/v2\/posts\/2560"}],"collection":[{"href":"https:\/\/blog.polityka.pl\/passent\/wp-json\/wp\/v2\/posts"}],"about":[{"href":"https:\/\/blog.polityka.pl\/passent\/wp-json\/wp\/v2\/types\/post"}],"author":[{"embeddable":true,"href":"https:\/\/blog.polityka.pl\/passent\/wp-json\/wp\/v2\/users\/4"}],"replies":[{"embeddable":true,"href":"https:\/\/blog.polityka.pl\/passent\/wp-json\/wp\/v2\/comments?post=2560"}],"version-history":[{"count":3,"href":"https:\/\/blog.polityka.pl\/passent\/wp-json\/wp\/v2\/posts\/2560\/revisions"}],"predecessor-version":[{"id":2562,"href":"https:\/\/blog.polityka.pl\/passent\/wp-json\/wp\/v2\/posts\/2560\/revisions\/2562"}],"wp:attachment":[{"href":"https:\/\/blog.polityka.pl\/passent\/wp-json\/wp\/v2\/media?parent=2560"}],"wp:term":[{"taxonomy":"category","embeddable":true,"href":"https:\/\/blog.polityka.pl\/passent\/wp-json\/wp\/v2\/categories?post=2560"},{"taxonomy":"post_tag","embeddable":true,"href":"https:\/\/blog.polityka.pl\/passent\/wp-json\/wp\/v2\/tags?post=2560"}],"curies":[{"name":"wp","href":"https:\/\/api.w.org\/{rel}","templated":true}]}}